{"id":75614,"date":"2021-09-02T11:04:23","date_gmt":"2021-09-02T08:04:23","guid":{"rendered":"http:\/\/giurgiu-net.ro\/?p=75614"},"modified":"2021-09-02T11:04:23","modified_gmt":"2021-09-02T08:04:23","slug":"nu-ei-noi-suntem-poporul","status":"publish","type":"post","link":"https:\/\/giurgiu-net.ro\/index.php\/2021\/09\/02\/nu-ei-noi-suntem-poporul\/","title":{"rendered":"Nu ei, NOI SUNTEM POPORUL!"},"content":{"rendered":"\n<p>Vai, s\u0103raca Rom\u00e2nie,<\/p>\n\n\n\n<p>C\u00e2t de r\u0103u are s\u0103-i fie!<\/p>\n\n\n\n<p>Care-a\u0163i vrut \u201evolan pe dreapta\u201d?!<\/p>\n\n\n\n<p>\u0102\u015ftia n-au trecut nici treapta!<\/p>\n\n\n\n<p>Cu \u0162urcana-n v\u00e2rf de munte,<\/p>\n\n\n\n<p>Ne a\u015fteapt\u0103 vremuri crunte.<\/p>\n\n\n\n<p>C\u00e2\u0163i ani are? Nu mai \u015ftie!<\/p>\n\n\n\n<p>Freac\u0103 lampa-,n veselie!<\/p>\n\n\n\n<p>Ea pretinde c\u0103 \u201ezdrobe\u015fte\u201d,<\/p>\n\n\n\n<p>Dar doar ne nenoroce\u015fte!<\/p>\n\n\n\n<p>S\u0103r\u0103cie \u201epropagheaz\u0103\u201d,<\/p>\n\n\n\n<p>La Guvern ei se distreaz\u0103!<\/p>\n\n\n\n<p>C\u00ee\u0163u trage liniu\u0163\u0103!<\/p>\n\n\n\n<p>\u015ei \u00eel doare fix \u00een p*\u0163\u0103.<\/p>\n\n\n\n<p>C\u00e2nd te \u201eba\u0163i\u201d cu-americanii,<\/p>\n\n\n\n<p>Dup\u0103 ce-ai fugit cu banii,<\/p>\n\n\n\n<p>Rom\u00e2nia-i mizilic!<\/p>\n\n\n\n<p>Merge s\u0103 te-mbe\u0163i un pic.<\/p>\n\n\n\n<p>Ai pus-o de-o bog\u0103\u0163ie<\/p>\n\n\n\n<p>Pe #s\u0103geat\u0103, s\u0103 se \u015ftie!<\/p>\n\n\n\n<p>S\u0103 nu mai zicem de Drul\u0103!<\/p>\n\n\n\n<p>La Transport f\u0103cu o p**\u0103!<\/p>\n\n\n\n<p>M\u0103car dac-o ridica,<\/p>\n\n\n\n<p>Mai sim\u0163eam \u015fi noi ceva.<\/p>\n\n\n\n<p>Din p\u0103cate, a-ngropat-o,<\/p>\n\n\n\n<p>A murit? A-nmorm\u00e2ntat-o!<\/p>\n\n\n\n<p>Dac\u0103 nu c\u00e2\u015ftig\u0103-ai lui,<\/p>\n\n\n\n<p>S\u0103 v\u0103 pune\u0163i pofta-n cui!<\/p>\n\n\n\n<p>Educa\u0163ia e \u00een com\u0103!<\/p>\n\n\n\n<p>Ici pe colo, se transform\u0103&#8230;<\/p>\n\n\n\n<p>Dar cum&#8230; b\u00e2jb\u00eeie C\u00eempeanu,<\/p>\n\n\n\n<p>Iat\u0103 c\u0103 s-a \u015fi dus anu\u2019!<\/p>\n\n\n\n<p>Facem numai online-i\u015fti,<\/p>\n\n\n\n<p>Preferabil&#8230; PNL-i\u015fti.<\/p>\n\n\n\n<p>Buni la \u201esportul\u201d \u0103sta, frate!<\/p>\n\n\n\n<p>Cu multe dureri de&#8230; spate!<\/p>\n\n\n\n<p>S\u0103n\u0103tatea NU exist\u0103!<\/p>\n\n\n\n<p>Mih\u0103il\u0103, USR-ist\u0103,<\/p>\n\n\n\n<p>S-a trezit ministr\u0103 mare.<\/p>\n\n\n\n<p>Evident, habar nu are<\/p>\n\n\n\n<p>Cum este cu pandemia,<\/p>\n\n\n\n<p>Vaccinarea-n Rom\u00e2nia!<\/p>\n\n\n\n<p>Ce conteaz\u0103? USR-u\u2019<\/p>\n\n\n\n<p>F*te-n gur\u0103 PNL-u\u2019!<\/p>\n\n\n\n<p>Dac\u0103-i virus, s\u0103 se \u015ftie:<\/p>\n\n\n\n<p>Uni\u0163i \u00eentr-o veselie!<\/p>\n\n\n\n<p>S-au unit pentru un an!<\/p>\n\n\n\n<p>Buzunaru-i barosan.<\/p>\n\n\n\n<p>Doar al lor,<\/p>\n\n\n\n<p>Al nostru-i mort.<\/p>\n\n\n\n<p>Hai cu boaba de pe tort!<\/p>\n\n\n\n<p>\u015ei-avem \u00eenc\u0103 de pl\u0103tit!<\/p>\n\n\n\n<p>Ce facturi, ce nesim\u0163it!<\/p>\n\n\n\n<p>Ce minciuni, ce jecm\u0103neal\u0103,<\/p>\n\n\n\n<p>Ipocri\u0163i \u015fi \u00eendr\u0103zneal\u0103!<\/p>\n\n\n\n<p>Unde este Rom\u00e2nia<\/p>\n\n\n\n<p>Care lupta cu HO\u0162IA?<\/p>\n\n\n\n<p>Cum de-a\u0163i amu\u0163it a\u015fa?<\/p>\n\n\n\n<p>Unde este \u0163ara mea?<\/p>\n\n\n\n<p>Ce trebe s\u0103 ne mai fac\u0103<\/p>\n\n\n\n<p>S\u0103-ncet\u0103m ca s\u0103 ne plac\u0103?<\/p>\n\n\n\n<p>S\u0103 priceap\u0103 adev\u0103rul:<\/p>\n\n\n\n<p>Nu ei, NOI SUNTEM POPORUL!<\/p>\n","protected":false},"excerpt":{"rendered":"<p>Vai, s\u0103raca Rom\u00e2nie, C\u00e2t de r\u0103u are s\u0103-i fie! Care-a\u0163i vrut \u201evolan pe dreapta\u201d?! \u0102\u015ftia n-au trecut nici treapta! Cu \u0162urcana-n v\u00e2rf de munte, Ne a\u015fteapt\u0103 vremuri crunte. C\u00e2\u0163i ani are? Nu mai \u015ftie! Freac\u0103 lampa-,n veselie! Ea pretinde c\u0103 \u201ezdrobe\u015fte\u201d, Dar doar ne nenoroce\u015fte! S\u0103r\u0103cie \u201epropagheaz\u0103\u201d, La Guvern ei se distreaz\u0103! C\u00ee\u0163u trage liniu\u0163\u0103! [&hellip;]<\/p>\n","protected":false},"author":1,"featured_media":75615,"comment_status":"open","ping_status":"open","sticky":false,"template":"","format":"standard","meta":{"slim_seo":{"title":"Nu ei, NOI SUNTEM POPORUL! - GIURGIU NET","description":"Vai, s\u0103raca Rom\u00e2nie, C\u00e2t de r\u0103u are s\u0103-i fie! Care-a\u0163i vrut \u201evolan pe dreapta\u201d?! \u0102\u015ftia n-au trecut nici treapta! Cu \u0162urcana-n v\u00e2rf de munte, Ne a\u015fteapt\u0103 vremuri"},"footnotes":""},"categories":[18,19,23,25,26,28],"tags":[2030],"class_list":{"0":"post-75614","1":"post","2":"type-post","3":"status-publish","4":"format-standard","5":"has-post-thumbnail","7":"category-actual","8":"category-adm","9":"category-pam","10":"category-pol","11":"category-soc","12":"category-uo","13":"tag-pnl-usr"},"_links":{"self":[{"href":"https:\/\/giurgiu-net.ro\/index.php\/wp-json\/wp\/v2\/posts\/75614","targetHints":{"allow":["GET"]}}],"collection":[{"href":"https:\/\/giurgiu-net.ro\/index.php\/wp-json\/wp\/v2\/posts"}],"about":[{"href":"https:\/\/giurgiu-net.ro\/index.php\/wp-json\/wp\/v2\/types\/post"}],"author":[{"embeddable":true,"href":"https:\/\/giurgiu-net.ro\/index.php\/wp-json\/wp\/v2\/users\/1"}],"replies":[{"embeddable":true,"href":"https:\/\/giurgiu-net.ro\/index.php\/wp-json\/wp\/v2\/comments?post=75614"}],"version-history":[{"count":0,"href":"https:\/\/giurgiu-net.ro\/index.php\/wp-json\/wp\/v2\/posts\/75614\/revisions"}],"wp:featuredmedia":[{"embeddable":true,"href":"https:\/\/giurgiu-net.ro\/index.php\/wp-json\/"}],"wp:attachment":[{"href":"https:\/\/giurgiu-net.ro\/index.php\/wp-json\/wp\/v2\/media?parent=75614"}],"wp:term":[{"taxonomy":"category","embeddable":true,"href":"https:\/\/giurgiu-net.ro\/index.php\/wp-json\/wp\/v2\/categories?post=75614"},{"taxonomy":"post_tag","embeddable":true,"href":"https:\/\/giurgiu-net.ro\/index.php\/wp-json\/wp\/v2\/tags?post=75614"}],"curies":[{"name":"wp","href":"https:\/\/api.w.org\/{rel}","templated":true}]}}