{"id":75387,"date":"2021-07-25T11:00:40","date_gmt":"2021-07-25T08:00:40","guid":{"rendered":"http:\/\/giurgiu-net.ro\/?p=75387"},"modified":"2021-07-25T11:00:40","modified_gmt":"2021-07-25T08:00:40","slug":"demisia-consilierului-de-stat-din-scandalul-citugate-este-o-recunoastere-oficiala-a-culpei-se-impune-inceperea-anchetei-penale","status":"publish","type":"post","link":"https:\/\/giurgiu-net.ro\/index.php\/2021\/07\/25\/demisia-consilierului-de-stat-din-scandalul-citugate-este-o-recunoastere-oficiala-a-culpei-se-impune-inceperea-anchetei-penale\/","title":{"rendered":"Demisia consilierului de stat din scandalul \u201eC\u00ee\u021bugate\u201d este o recunoa\u0219tere oficial\u0103 a culpei. Se impune \u00eenceperea anchetei penale!"},"content":{"rendered":"\n<p class=\"wp-block-paragraph\">PSD face un nou apel c\u0103tre institu\u021biile abilitate s\u0103 declan\u0219eze o anchet\u0103 penal\u0103 \u00een cazul \u201eC\u00ee\u021bugate\u201d, dup\u0103 ce culpa a fost admis\u0103 public de c\u0103tre cei implica\u021bi, prin revocarea din func\u021bie a autorului punctajului politic redactat sub antetul Cancelariei Prim-Ministrului.<\/p>\n\n\n\n<p class=\"wp-block-paragraph\">&nbsp;&nbsp;&nbsp;&nbsp;&nbsp;&nbsp;&nbsp;&nbsp;&nbsp;&nbsp;&nbsp; Organele de anchet\u0103 au acum oportunitate de a demonstra opiniei publice din Rom\u00e2nia c\u0103 sunt impar\u021biale din punct de vedere politic \u0219i c\u0103 aplic\u0103 aceea\u0219i m\u0103sur\u0103, indiferent de culoarea politic\u0103 a infractorilor.<\/p>\n\n\n\n<p class=\"wp-block-paragraph\">&nbsp;&nbsp;&nbsp;&nbsp;&nbsp;&nbsp;&nbsp;&nbsp;&nbsp;&nbsp;&nbsp; Revocarea consilierului de stat reprezint\u0103, practic, un auto-denun\u021b prin care se confirm\u0103 autenticitatea documentului, iar faptul c\u0103 premierul nu a dispus imediat sanc\u021biuni \u00eempotriva celor care i-au folosit numele \u0219i \u00eensemnele Guvernului arat\u0103 c\u0103 acesta a cunoscut con\u021binutul acelui text \u0219i a aprobat transmiterea lui c\u0103tre liderii PNL. Astfel, prim-ministrul C\u00ee\u021bu a comis infrac\u021biuni deosebit de grave: a folosit resursele umane \u0219i financiare ale Guvernului \u00een scopuri personale \u0219i a f\u0103cut uz de \u00eensemnele autorit\u0103\u021bii institu\u021biei pe care o conduce pentru a-\u0219i crea un avantaj \u00een competi\u021bia din interiorul partidului.<\/p>\n\n\n\n<p class=\"wp-block-paragraph\">&nbsp;<strong>Biroul de pres\u0103 al PSD<\/strong><\/p>\n","protected":false},"excerpt":{"rendered":"<p>PSD face un nou apel c\u0103tre institu\u021biile abilitate s\u0103 declan\u0219eze o anchet\u0103 penal\u0103 \u00een cazul \u201eC\u00ee\u021bugate\u201d, dup\u0103 ce culpa a fost admis\u0103 public de c\u0103tre cei implica\u021bi, prin revocarea din func\u021bie a autorului punctajului politic redactat sub antetul Cancelariei Prim-Ministrului. &nbsp;&nbsp;&nbsp;&nbsp;&nbsp;&nbsp;&nbsp;&nbsp;&nbsp;&nbsp;&nbsp; Organele de anchet\u0103 au acum oportunitate de a demonstra opiniei publice din Rom\u00e2nia c\u0103 [&hellip;]<\/p>\n","protected":false},"author":1,"featured_media":75388,"comment_status":"open","ping_status":"open","sticky":false,"template":"","format":"standard","meta":{"slim_seo":{"title":"Demisia consilierului de stat din scandalul \u201eC\u00ee\u021bugate\u201d este o recunoa\u0219tere oficial\u0103 a culpei. Se impune \u00eenceperea anchetei penale! - GIURGIU NET","description":"PSD face un nou apel c\u0103tre institu\u021biile abilitate s\u0103 declan\u0219eze o anchet\u0103 penal\u0103 \u00een cazul \u201eC\u00ee\u021bugate\u201d, dup\u0103 ce culpa a fost admis\u0103 public de c\u0103tre cei implica\u021bi,"},"footnotes":""},"categories":[18,19,25,28],"tags":[2250],"class_list":["post-75387","post","type-post","status-publish","format-standard","has-post-thumbnail","category-actual","category-adm","category-pol","category-uo","tag-psd"],"_links":{"self":[{"href":"https:\/\/giurgiu-net.ro\/index.php\/wp-json\/wp\/v2\/posts\/75387","targetHints":{"allow":["GET"]}}],"collection":[{"href":"https:\/\/giurgiu-net.ro\/index.php\/wp-json\/wp\/v2\/posts"}],"about":[{"href":"https:\/\/giurgiu-net.ro\/index.php\/wp-json\/wp\/v2\/types\/post"}],"author":[{"embeddable":true,"href":"https:\/\/giurgiu-net.ro\/index.php\/wp-json\/wp\/v2\/users\/1"}],"replies":[{"embeddable":true,"href":"https:\/\/giurgiu-net.ro\/index.php\/wp-json\/wp\/v2\/comments?post=75387"}],"version-history":[{"count":0,"href":"https:\/\/giurgiu-net.ro\/index.php\/wp-json\/wp\/v2\/posts\/75387\/revisions"}],"wp:attachment":[{"href":"https:\/\/giurgiu-net.ro\/index.php\/wp-json\/wp\/v2\/media?parent=75387"}],"wp:term":[{"taxonomy":"category","embeddable":true,"href":"https:\/\/giurgiu-net.ro\/index.php\/wp-json\/wp\/v2\/categories?post=75387"},{"taxonomy":"post_tag","embeddable":true,"href":"https:\/\/giurgiu-net.ro\/index.php\/wp-json\/wp\/v2\/tags?post=75387"}],"curies":[{"name":"wp","href":"https:\/\/api.w.org\/{rel}","templated":true}]}}