{"id":75329,"date":"2021-07-20T10:51:11","date_gmt":"2021-07-20T07:51:11","guid":{"rendered":"http:\/\/giurgiu-net.ro\/?p=75329"},"modified":"2021-07-20T10:51:11","modified_gmt":"2021-07-20T07:51:11","slug":"inspiratia-de-marti-ai-lu-ioha-sa-se-stie-halesc-intr-o-veselie","status":"publish","type":"post","link":"https:\/\/giurgiu-net.ro\/index.php\/2021\/07\/20\/inspiratia-de-marti-ai-lu-ioha-sa-se-stie-halesc-intr-o-veselie\/","title":{"rendered":"InspiRa\u0163ia de Mar\u0163i: Ai lu\u2019 Ioha, s\u0103 se \u015ftie! Halesc \u00eentr-o veselie"},"content":{"rendered":"\n<figure class=\"wp-block-image size-full\"><img decoding=\"async\" src=\"https:\/\/giurgiu-net.ro\/wp-content\/uploads\/2021\/07\/cateii-iohannis.jpg\" alt=\"\" class=\"wp-image-75330\"\/><\/figure>\n\n\n\n<p>Cel din dreapta-i micu\u2019 Boc.<\/p>\n\n\n\n<p>Cu el, \u0163ara-a f\u0103cut POC!<\/p>\n\n\n\n<p>Cel mai r\u0103u ne-a mers cu el<\/p>\n\n\n\n<p>Iar acum mai vrea ni\u0163el\u2026<\/p>\n\n\n\n<p>Cum miroase-a criz\u0103, frate,<\/p>\n\n\n\n<p>Hop \u015fi el! Deci, NU SE POATE!<\/p>\n\n\n\n<p>Adoptat de la Traian,<\/p>\n\n\n\n<p>Pap\u0103 \u015fi ultimul ban.<\/p>\n\n\n\n<p>Cel din st\u00e2nga este C\u00ee\u0163u,<\/p>\n\n\n\n<p>\u015ei-l alint\u0103 \u201ccu\u0163u-cu\u0163u\u201d.<\/p>\n\n\n\n<p>Nu doar latr\u0103, ne \u015fi mu\u015fc\u0103,<\/p>\n\n\n\n<p>Deci, \u00eel prefer\u0103m \u00een\u2026 CU\u015eC\u0102!<\/p>\n\n\n\n<p>Zis \u015fi \u201cC\u00ee\u0163u-r(o)ade-tot\u201d,<\/p>\n\n\n\n<p>S\u0103-i d\u0103m una peste bot!<\/p>\n\n\n\n<p>DREAPTA chiar nu se dezminte\u2026<\/p>\n\n\n\n<p>Doi c\u0103\u0163ei de pre\u015fedinte.<\/p>\n","protected":false},"excerpt":{"rendered":"<p>Cel din dreapta-i micu\u2019 Boc. Cu el, \u0163ara-a f\u0103cut POC! Cel mai r\u0103u ne-a mers cu el Iar acum mai vrea ni\u0163el\u2026 Cum miroase-a criz\u0103, frate, Hop \u015fi el! Deci, NU SE POATE! Adoptat de la Traian, Pap\u0103 \u015fi ultimul ban. Cel din st\u00e2nga este C\u00ee\u0163u, \u015ei-l alint\u0103 \u201ccu\u0163u-cu\u0163u\u201d. Nu doar latr\u0103, ne \u015fi mu\u015fc\u0103, [&hellip;]<\/p>\n","protected":false},"author":1,"featured_media":75330,"comment_status":"open","ping_status":"open","sticky":false,"template":"","format":"standard","meta":{"slim_seo":{"title":"InspiRa\u0163ia de Mar\u0163i: Ai lu\u2019 Ioha, s\u0103 se \u015ftie! Halesc \u00eentr-o veselie - GIURGIU NET","description":"Cel din dreapta-i micu\u2019 Boc. Cu el, \u0163ara-a f\u0103cut POC! Cel mai r\u0103u ne-a mers cu el Iar acum mai vrea ni\u0163el\u2026 Cum miroase-a criz\u0103, frate, Hop \u015fi el! Deci, NU SE PO"},"footnotes":""},"categories":[18,23,25,28],"tags":[2025],"class_list":{"0":"post-75329","1":"post","2":"type-post","3":"status-publish","4":"format-standard","5":"has-post-thumbnail","7":"category-actual","8":"category-pam","9":"category-pol","10":"category-uo","11":"tag-pnl"},"_links":{"self":[{"href":"https:\/\/giurgiu-net.ro\/index.php\/wp-json\/wp\/v2\/posts\/75329","targetHints":{"allow":["GET"]}}],"collection":[{"href":"https:\/\/giurgiu-net.ro\/index.php\/wp-json\/wp\/v2\/posts"}],"about":[{"href":"https:\/\/giurgiu-net.ro\/index.php\/wp-json\/wp\/v2\/types\/post"}],"author":[{"embeddable":true,"href":"https:\/\/giurgiu-net.ro\/index.php\/wp-json\/wp\/v2\/users\/1"}],"replies":[{"embeddable":true,"href":"https:\/\/giurgiu-net.ro\/index.php\/wp-json\/wp\/v2\/comments?post=75329"}],"version-history":[{"count":0,"href":"https:\/\/giurgiu-net.ro\/index.php\/wp-json\/wp\/v2\/posts\/75329\/revisions"}],"wp:featuredmedia":[{"embeddable":true,"href":"https:\/\/giurgiu-net.ro\/index.php\/wp-json\/"}],"wp:attachment":[{"href":"https:\/\/giurgiu-net.ro\/index.php\/wp-json\/wp\/v2\/media?parent=75329"}],"wp:term":[{"taxonomy":"category","embeddable":true,"href":"https:\/\/giurgiu-net.ro\/index.php\/wp-json\/wp\/v2\/categories?post=75329"},{"taxonomy":"post_tag","embeddable":true,"href":"https:\/\/giurgiu-net.ro\/index.php\/wp-json\/wp\/v2\/tags?post=75329"}],"curies":[{"name":"wp","href":"https:\/\/api.w.org\/{rel}","templated":true}]}}