{"id":75253,"date":"2021-06-29T14:48:12","date_gmt":"2021-06-29T11:48:12","guid":{"rendered":"http:\/\/giurgiu-net.ro\/?p=75253"},"modified":"2021-06-29T14:48:12","modified_gmt":"2021-06-29T11:48:12","slug":"deputat-marian-minapnl-si-usr-treceti-acasa-pentru-ca-ati-bagat-romania-in-faliment","status":"publish","type":"post","link":"https:\/\/giurgiu-net.ro\/index.php\/2021\/06\/29\/deputat-marian-minapnl-si-usr-treceti-acasa-pentru-ca-ati-bagat-romania-in-faliment\/","title":{"rendered":"Deputat Marian Mina:&#8221;PNL \u015fi USR, trece\u0163i acas\u0103, pentru c\u0103 a\u0163i b\u0103gat Rom\u00e2nia \u00een faliment! &#8222;"},"content":{"rendered":"\n<p>Pre\u015fedintele PSD Giurgiu deputatul Marian Mina a f\u0103cut aceast\u0103 afirma\u0163ie, \u00eentr-o postare, pe Facebook.<\/p>\n\n\n\n<p>&#8222;GATA, este de ajuns! PNL \u015fi USR, trece\u0163i acas\u0103, pentru c\u0103 a\u0163i b\u0103gat <a href=\"https:\/\/www.facebook.com\/hashtag\/rom%C3%A2nia?__eep__=6&amp;__cft__[0]=AZVeHm_pYggsn5g9GJDoBjd3ufQsj6t2ezHxyH8gB0WTmpIZpqURy2aqeVHCzljV10Wm2kBL1vJE1aDLLfw2FTWjzhKx-WFqKt-vL27J5M67QcGi7MGt5G0fvjTM3STjcvc&amp;__tn__=*NK-R\">#Rom\u00e2nia<\/a> \u00een faliment! A\u0163i S\u0102R\u0102CIT poporul, ca s\u0103 umple\u0163i buzunarele voastre \u015fi pe cele ale prietenilor vo\u015ftri! V-a\u0163i jucat cu <a href=\"https:\/\/www.facebook.com\/hashtag\/s%C4%83n%C4%83tatea?__eep__=6&amp;__cft__[0]=AZVeHm_pYggsn5g9GJDoBjd3ufQsj6t2ezHxyH8gB0WTmpIZpqURy2aqeVHCzljV10Wm2kBL1vJE1aDLLfw2FTWjzhKx-WFqKt-vL27J5M67QcGi7MGt5G0fvjTM3STjcvc&amp;__tn__=*NK-R\">#s\u0103n\u0103tatea<\/a> rom\u00e2nilor! A\u0163i umilit zeci de mii de familii, nevoite s\u0103 \u00ee\u015fi \u00eengroape mor\u0163ii dezbr\u0103ca\u0163i \u015fi \u00een saci. Nu uita\u0163i, au murit oameni <a href=\"https:\/\/www.facebook.com\/hashtag\/ar%C5%9Fi?__eep__=6&amp;__cft__[0]=AZVeHm_pYggsn5g9GJDoBjd3ufQsj6t2ezHxyH8gB0WTmpIZpqURy2aqeVHCzljV10Wm2kBL1vJE1aDLLfw2FTWjzhKx-WFqKt-vL27J5M67QcGi7MGt5G0fvjTM3STjcvc&amp;__tn__=*NK-R\">#ar\u015fi<\/a> \u00een spitale, pe tura VOASTR\u0102! \u015ei, peste toate, habar nu a\u0163i avut cum s\u0103 gestiona\u0163i pandemia. HAOS total! I-a\u0163i \u0163inut pe rom\u00e2ni \u00eenchi\u015fi \u00een case \u015fi cu gurile \u201eacoperite\u201d, \u00een timp ce voi f\u0103cea\u0163i chefuri \u00een Guvern sau \u00een Parlament! Voi, f\u0103r\u0103 masc\u0103&#8230; Rom\u00e2nii, sufoca\u0163i de amenzi uria\u015fe!<\/p>\n\n\n\n<p>V-a\u0163i b\u0103tut joc de viitorul <a href=\"https:\/\/www.facebook.com\/hashtag\/copiilor?__eep__=6&amp;__cft__[0]=AZVeHm_pYggsn5g9GJDoBjd3ufQsj6t2ezHxyH8gB0WTmpIZpqURy2aqeVHCzljV10Wm2kBL1vJE1aDLLfw2FTWjzhKx-WFqKt-vL27J5M67QcGi7MGt5G0fvjTM3STjcvc&amp;__tn__=*NK-R\">#copiilor<\/a> rom\u00e2ni, fur\u00e2ndu-le banii de aloca\u0163ii \u015fi juc\u00e2nd alba-neagra cu \u015fcoala online versus prezen\u0163\u0103 la cursuri. I-a\u0163i umilit \u015fi pe <a href=\"https:\/\/www.facebook.com\/hashtag\/b%C4%83tr%C3%A2nii?__eep__=6&amp;__cft__[0]=AZVeHm_pYggsn5g9GJDoBjd3ufQsj6t2ezHxyH8gB0WTmpIZpqURy2aqeVHCzljV10Wm2kBL1vJE1aDLLfw2FTWjzhKx-WFqKt-vL27J5M67QcGi7MGt5G0fvjTM3STjcvc&amp;__tn__=*NK-R\">#b\u0103tr\u00e2nii<\/a> no\u015ftri, i-a\u0163i am\u0103git \u00een permanen\u0163\u0103, c\u00e2nd voi, de fapt, vre\u0163i doar s\u0103 sc\u0103pa\u0163i de ei c\u00e2t mai repede.PNL \u015fi USR, gata! VOI a\u0163i \u00eengropat <a href=\"https:\/\/www.facebook.com\/hashtag\/economia?__eep__=6&amp;__cft__[0]=AZVeHm_pYggsn5g9GJDoBjd3ufQsj6t2ezHxyH8gB0WTmpIZpqURy2aqeVHCzljV10Wm2kBL1vJE1aDLLfw2FTWjzhKx-WFqKt-vL27J5M67QcGi7MGt5G0fvjTM3STjcvc&amp;__tn__=*NK-R\">#economia<\/a> rom\u00e2neasc\u0103, tot ce \u00eenseamn\u0103 afaceri autohtone. Le-a\u0163i \u00eentors spatele agricultorilor, transportatorilor, celor din <a href=\"https:\/\/www.facebook.com\/hashtag\/turism?__eep__=6&amp;__cft__[0]=AZVeHm_pYggsn5g9GJDoBjd3ufQsj6t2ezHxyH8gB0WTmpIZpqURy2aqeVHCzljV10Wm2kBL1vJE1aDLLfw2FTWjzhKx-WFqKt-vL27J5M67QcGi7MGt5G0fvjTM3STjcvc&amp;__tn__=*NK-R\">#turism<\/a>! <\/p>\n\n\n\n<p>N-a\u0163i f\u0103cut dec\u00e2t R\u0102U, peste tot, pentru c\u0103 v\u0103 intereseaz\u0103 doar s\u0103 falimenta\u0163i tot ce se poate, s\u0103 vinde\u0163i tot ce mai avem, ca s\u0103 v\u0103 potoli\u0163i foamea cu care a\u0163i preluat puterea! Sunte\u0163i cea mai toxic\u0103 \u015fi mai incompetent\u0103 guvernare pe care a avut-o vreodat\u0103 \u0163ara aceasta! Gata, destul, trece\u0163i acas\u0103!Vot\u0103m <a href=\"https:\/\/www.facebook.com\/hashtag\/mo%C5%A3iunea_de_cenzur%C4%83?__eep__=6&amp;__cft__[0]=AZVeHm_pYggsn5g9GJDoBjd3ufQsj6t2ezHxyH8gB0WTmpIZpqURy2aqeVHCzljV10Wm2kBL1vJE1aDLLfw2FTWjzhKx-WFqKt-vL27J5M67QcGi7MGt5G0fvjTM3STjcvc&amp;__tn__=*NK-R\">#mo\u0163iunea_de_cenzur\u0103<\/a>!<a href=\"https:\/\/www.facebook.com\/hashtag\/psd?__eep__=6&amp;__cft__[0]=AZVeHm_pYggsn5g9GJDoBjd3ufQsj6t2ezHxyH8gB0WTmpIZpqURy2aqeVHCzljV10Wm2kBL1vJE1aDLLfw2FTWjzhKx-WFqKt-vL27J5M67QcGi7MGt5G0fvjTM3STjcvc&amp;__tn__=*NK-R\">#PSD<\/a><\/p>\n","protected":false},"excerpt":{"rendered":"<p>Pre\u015fedintele PSD Giurgiu deputatul Marian Mina a f\u0103cut aceast\u0103 afirma\u0163ie, \u00eentr-o postare, pe Facebook. &#8222;GATA, este de ajuns! PNL \u015fi USR, trece\u0163i acas\u0103, pentru c\u0103 a\u0163i b\u0103gat #Rom\u00e2nia \u00een faliment! A\u0163i S\u0102R\u0102CIT poporul, ca s\u0103 umple\u0163i buzunarele voastre \u015fi pe cele ale prietenilor vo\u015ftri! V-a\u0163i jucat cu #s\u0103n\u0103tatea rom\u00e2nilor! A\u0163i umilit zeci de mii de [&hellip;]<\/p>\n","protected":false},"author":1,"featured_media":75254,"comment_status":"open","ping_status":"open","sticky":false,"template":"","format":"standard","meta":{"slim_seo":{"title":"Deputat Marian Mina:\"PNL \u015fi USR, trece\u0163i acas\u0103, pentru c\u0103 a\u0163i b\u0103gat Rom\u00e2nia \u00een faliment! \" - GIURGIU NET","description":"Pre\u015fedintele PSD Giurgiu deputatul Marian Mina a f\u0103cut aceast\u0103 afirma\u0163ie, \u00eentr-o postare, pe Facebook. \"GATA, este de ajuns! PNL \u015fi USR, trece\u0163i acas\u0103, pentru c"},"footnotes":""},"categories":[18,19,25,26,28],"tags":[1626],"class_list":{"0":"post-75253","1":"post","2":"type-post","3":"status-publish","4":"format-standard","5":"has-post-thumbnail","7":"category-actual","8":"category-adm","9":"category-pol","10":"category-soc","11":"category-uo","12":"tag-marian-mina"},"_links":{"self":[{"href":"https:\/\/giurgiu-net.ro\/index.php\/wp-json\/wp\/v2\/posts\/75253","targetHints":{"allow":["GET"]}}],"collection":[{"href":"https:\/\/giurgiu-net.ro\/index.php\/wp-json\/wp\/v2\/posts"}],"about":[{"href":"https:\/\/giurgiu-net.ro\/index.php\/wp-json\/wp\/v2\/types\/post"}],"author":[{"embeddable":true,"href":"https:\/\/giurgiu-net.ro\/index.php\/wp-json\/wp\/v2\/users\/1"}],"replies":[{"embeddable":true,"href":"https:\/\/giurgiu-net.ro\/index.php\/wp-json\/wp\/v2\/comments?post=75253"}],"version-history":[{"count":0,"href":"https:\/\/giurgiu-net.ro\/index.php\/wp-json\/wp\/v2\/posts\/75253\/revisions"}],"wp:featuredmedia":[{"embeddable":true,"href":"https:\/\/giurgiu-net.ro\/index.php\/wp-json\/"}],"wp:attachment":[{"href":"https:\/\/giurgiu-net.ro\/index.php\/wp-json\/wp\/v2\/media?parent=75253"}],"wp:term":[{"taxonomy":"category","embeddable":true,"href":"https:\/\/giurgiu-net.ro\/index.php\/wp-json\/wp\/v2\/categories?post=75253"},{"taxonomy":"post_tag","embeddable":true,"href":"https:\/\/giurgiu-net.ro\/index.php\/wp-json\/wp\/v2\/tags?post=75253"}],"curies":[{"name":"wp","href":"https:\/\/api.w.org\/{rel}","templated":true}]}}