{"id":75065,"date":"2021-05-27T20:58:11","date_gmt":"2021-05-27T17:58:11","guid":{"rendered":"http:\/\/giurgiu-net.ro\/?p=75065"},"modified":"2021-05-27T20:58:11","modified_gmt":"2021-05-27T17:58:11","slug":"poveste-pnl-isto-politista-giurgiuveana-comedie-in-doua-acte-la-nivel-destul-de-inalt","status":"publish","type":"post","link":"https:\/\/giurgiu-net.ro\/index.php\/2021\/05\/27\/poveste-pnl-isto-politista-giurgiuveana-comedie-in-doua-acte-la-nivel-destul-de-inalt\/","title":{"rendered":"Poveste PNL-isto- poli\u0163ist\u0103 giurgiuvean\u0103. Comedie \u00een dou\u0103 acte, la nivel destul de \u00eenalt&#8230;"},"content":{"rendered":"\n<p>\u00cen seara asta, presa central\u0103 ne-a anun\u021bat c\u0103 bravul ministru B\u00f6de l-a pus la conducerea DGA pe chestorul Liviu Vasilescu, fostul \u015fef al tuturor poli\u021bi\u0219tilor romani. Acela\u015fi care \u0219i-a dat anterior demisia pentru ca a fost surprins \u0219i turnat de subordona\u021bi \u00een timp ce s-a \u00eent\u00e2lnit, \u00een miezul noptii, cu interlopii \u201cpiani\u0219ti\u201d pentru a-i ruga s\u0103 nu fac\u0103 prea mult\u0103 g\u0103l\u0103gie la \u00eenmorm\u00e2ntarea lui Emi. Good job!<\/p>\n\n\n\n<p>CITI\u0162I AICI: <a href=\"https:\/\/www.gandul.ro\/actualitate\/liviu-vasilescu-fostul-sef-al-politiei-romane-numit-la-conducerea-directiei-generale-anticoruptie-19636731\" target=\"_blank\" rel=\"noreferrer noopener\">Liviu Vasilescu, fostul \u0219ef al Poli\u021biei Rom\u00e2ne, numit la conducerea Direc\u021biei Generale Anticorup\u021bie<\/a><\/p>\n\n\n\n<p>Pentru acest act de eroism, acum, Lucic\u0103 din S\u0103laj l-a \u00eens\u0103rcinat pe Vasilescu sa conduc\u0103 magistral toti politistii anticorup\u021bie din \u021bara. Toate bune \u0219i frumoase, \u00eens\u0103, pentru noi, giurgiuvenii de r\u00e2nd, problema nu e asta, ci cu totul alta. Din nefericire, spun cei mai mul\u0163i, r\u0103m\u00e2nem cu actuala conducere a poli\u021biei judetene, sus\u021binut\u0103 de &#8222;greaua&#8221; putere locala penelist\u0103, care s-a f\u0103cut \u0219i ne-a f\u0103cut de ras in toat\u0103 \u021bara.<\/p>\n\n\n\n<p>\u0218i aici survine povestea\u2026 \u00cen luna decembrie 2020, z\u00e2mb\u0103re\u021bul Vela, sim\u021bind plecarea ce \u00eel \u00eempungea la posterior, a organizat pe repede \u00eenainte cele mai importante concursuri operative din MAI, sef DGA, sef DGPI \u0219i la Poli\u021bia Bucure\u0219ti. In realitate, zic gurile rele, \u201ca c\u0103zut la pace\u201d pentru niste recompensari ale unor filiale PNL care au ob\u021binut rezultate spectaculoase (\u0219i noi stim cum) la alegeri, clas\u00e2ndu-se pe primele locuri. \u0218i, evident, PNL Giurgiu ar fi fost recompensat, cic\u0103, cu postul de sef al DGA (cumplit troc!).<\/p>\n\n\n\n<p>Asta fiind suspus\u0103, cel mai \u201creprezentant al PNL\u201d- cu uniform\u0103- s-a \u00eenscris singur, \u0219i-a luat concediu si a \u00eenceput sa \u00eenve\u021be, sa tot \u00eenve\u021be (ghilimelele le pune\u021bi dvs) a\u0219a cum a f\u0103cut-o \u0219i la ultimul concurs \u201cpromovat\u201d. Tot gurile rele provinciale spun ca ar fi \u00eenv\u0103\u021bat prin mai multe locuri \u0219i locatii, inclusiv una in apropiere de sediul DGA, stimulat fiind de \u201co lecitina\u201d cu parul lung. \u015etie tot ora\u015ful.<\/p>\n\n\n\n<p>\u0218i\u2026 supriz\u0103! Concursul a fost anulat. C\u0103, probabil, nu s-au \u00een\u021beles la negocieri \u0219i, astfel, azi, a fost \u00eemputernicit pe func\u021bie celebrul Vasilescu.<\/p>\n\n\n\n<p>CITI\u0162I AICI: <a rel=\"noreferrer noopener\" href=\"https:\/\/www.libertatea.ro\/stiri\/mai-a-anulat-un-concurs-anuntat-la-repezeala-chiar-inainte-de-schimbarea-ministrului-3366385\" target=\"_blank\">Dou\u0103 concursuri anulate de MAI dintre cele anun\u021bate la repezeal\u0103, chiar \u00eenainte de schimbarea ministrului. Care ar fi motivul<br \/><\/a><\/p>\n\n\n\n<p>\u0218i asta se \u00eent\u00e2mpl\u0103 chiar \u00een ziua \u00een care presa centrala ne-a anun\u021bat ca <em><strong>toat\u0103 conducerea poli\u021biei judetene este cercetat\u0103 pentru unul dintre cele mai ru\u0219inoase evenimente in care a fost implicat\u0103 o unitate de politie: spargerea camerei de corpuri delicte, suspectii fiind chiar poli\u021bi\u0219ti, poate chiar \u0219efi.<\/strong><\/em><\/p>\n\n\n\n<p>CITI\u0162I AICI: <a rel=\"noreferrer noopener\" href=\"https:\/\/evz.ro\/exclusiv-sefii-ipj-giurgiu-anchetati-de-oamenii-ministrului-bode-in-cazul-furtului-din-depozitul-de-corpuri-delicte.html\" target=\"_blank\">Exclusiv. \u0218efii IPJ Giurgiu, ancheta\u021bi de oamenii ministrului Bode \u00een cazul furtului din depozitul de corpuri delicte<\/a><\/p>\n\n\n\n<p>Stiloul Magic<\/p>\n","protected":false},"excerpt":{"rendered":"<p>\u00cen seara asta, presa central\u0103 ne-a anun\u021bat c\u0103 bravul ministru B\u00f6de l-a pus la conducerea DGA pe chestorul Liviu Vasilescu, fostul \u015fef al tuturor poli\u021bi\u0219tilor romani. Acela\u015fi care \u0219i-a dat anterior demisia pentru ca a fost surprins \u0219i turnat de subordona\u021bi \u00een timp ce s-a \u00eent\u00e2lnit, \u00een miezul noptii, cu interlopii \u201cpiani\u0219ti\u201d pentru a-i ruga [&hellip;]<\/p>\n","protected":false},"author":1,"featured_media":39727,"comment_status":"open","ping_status":"open","sticky":false,"template":"","format":"standard","meta":{"slim_seo":{"title":"Poveste PNL-isto- poli\u0163ist\u0103 giurgiuvean\u0103. Comedie \u00een dou\u0103 acte, la nivel destul de \u00eenalt... - GIURGIU NET","description":"\u00cen seara asta, presa central\u0103 ne-a anun\u021bat c\u0103 bravul ministru B\u00f6de l-a pus la conducerea DGA pe chestorul Liviu Vasilescu, fostul \u015fef al tuturor poli\u021bi\u0219tilor ro"},"footnotes":""},"categories":[18,23,28],"tags":[],"class_list":{"0":"post-75065","1":"post","2":"type-post","3":"status-publish","4":"format-standard","5":"has-post-thumbnail","7":"category-actual","8":"category-pam","9":"category-uo"},"_links":{"self":[{"href":"https:\/\/giurgiu-net.ro\/index.php\/wp-json\/wp\/v2\/posts\/75065","targetHints":{"allow":["GET"]}}],"collection":[{"href":"https:\/\/giurgiu-net.ro\/index.php\/wp-json\/wp\/v2\/posts"}],"about":[{"href":"https:\/\/giurgiu-net.ro\/index.php\/wp-json\/wp\/v2\/types\/post"}],"author":[{"embeddable":true,"href":"https:\/\/giurgiu-net.ro\/index.php\/wp-json\/wp\/v2\/users\/1"}],"replies":[{"embeddable":true,"href":"https:\/\/giurgiu-net.ro\/index.php\/wp-json\/wp\/v2\/comments?post=75065"}],"version-history":[{"count":0,"href":"https:\/\/giurgiu-net.ro\/index.php\/wp-json\/wp\/v2\/posts\/75065\/revisions"}],"wp:featuredmedia":[{"embeddable":true,"href":"https:\/\/giurgiu-net.ro\/index.php\/wp-json\/wp\/v2\/media\/39727"}],"wp:attachment":[{"href":"https:\/\/giurgiu-net.ro\/index.php\/wp-json\/wp\/v2\/media?parent=75065"}],"wp:term":[{"taxonomy":"category","embeddable":true,"href":"https:\/\/giurgiu-net.ro\/index.php\/wp-json\/wp\/v2\/categories?post=75065"},{"taxonomy":"post_tag","embeddable":true,"href":"https:\/\/giurgiu-net.ro\/index.php\/wp-json\/wp\/v2\/tags?post=75065"}],"curies":[{"name":"wp","href":"https:\/\/api.w.org\/{rel}","templated":true}]}}