{"id":74952,"date":"2021-05-18T12:15:40","date_gmt":"2021-05-18T09:15:40","guid":{"rendered":"http:\/\/giurgiu-net.ro\/?p=74952"},"modified":"2021-05-18T12:15:40","modified_gmt":"2021-05-18T09:15:40","slug":"ne-au-confiscat-si-portul-giurgiu-bariera-pentru-giurgiuveni-terenuri-pentru-afaceristii-usr-isti","status":"publish","type":"post","link":"https:\/\/giurgiu-net.ro\/index.php\/2021\/05\/18\/ne-au-confiscat-si-portul-giurgiu-bariera-pentru-giurgiuveni-terenuri-pentru-afaceristii-usr-isti\/","title":{"rendered":"Ne-au \u201econfiscat\u201d \u015fi Portul Giurgiu?! \u201eBarier\u0103\u201d pentru giurgiuveni, terenuri pentru afaceri\u015ftii USR-i\u015fti"},"content":{"rendered":"\n<p class=\"has-text-align-center\"><strong><em>Tentaculele USR-iste s-au \u00eentins p\u00e2n\u0103 \u00een Portul Giurgiu. Sigur, nu e vreun breakingnews, era de a\u015fteptat, dar asta nu \u00eenseamn\u0103 c\u0103 nu are sens s-o consemn\u0103m. Cu un ministru de-ai lor \u00een frunte, C\u0103t\u0103lin Drul\u0103, \u201eb\u0103ie\u0163ii de\u015ftep\u0163i\u201d fac legea pe unde-apuc\u0103.<\/em><\/strong><\/p>\n\n\n\n<p>St\u0103p\u00e2ni autoproclama\u0163i, cu apuc\u0103turi de boieri nemilo\u015fi, guvernan\u0163ii \u0103\u015ftia de conjunctur\u0103 sunt mai \u00eenfometa\u0163i dec\u00e2t p\u0103reau \u015fi nu iart\u0103 nimic \u00een calea tac\u00e2murilor lor, luate aproape cu japca din buc\u0103t\u0103ria Rom\u00e2niei.Ne feliaz\u0103 \u015fi ne servesc dup\u0103 bunul plac, asta dac\u0103 nu ne dau str\u0103inilor la bucat\u0103, pe prea pu\u0163in. Iar Giurgiu nu poate fi dec\u00e2t o mas\u0103 copioas\u0103 pentru bur\u0163ile lor cuprinz\u0103toare.<\/p>\n\n\n\n<p>De vreo 3 s\u0103pt\u0103m\u00e2ni, au pus barier\u0103-n Port. Adic\u0103, ai voie cu ma\u015fina doar p\u00e2n\u0103 la intrarea \u00een zona sediului APDF Giurgiu. Vor spune, probabil, c\u0103 \u0163in la s\u0103n\u0103tatea noastr\u0103 \u015fi c\u0103 vor s\u0103 facem mi\u015fcare, dar nu-i va ajuta cu nimic. <\/p>\n\n\n\n<p>S\u0103 da\u0163i o m\u00e2n\u0103 de vopsea pe gardul falezei nu sunte\u0163i \u00een stare, dar v-a\u0163i gr\u0103bit s\u0103 ne interzice\u0163i cu ma\u015fina pe \u201etarlaua voastr\u0103\u201d. B\u0103ie\u0163i, nu uita\u0163i, nu-i nimic al vostru, totul este al rom\u00e2nilor. Mai trist e c\u0103 uit\u0103 chiar rom\u00e2nii treaba asta, pl\u0103tindu-le boierilor \u015fi salariile ca s\u0103-\u015fi fac\u0103 jocurile nestingheri\u0163i&#8230;<\/p>\n\n\n\n<p>Astfel, timp ce noi c\u0103lc\u0103m pe coji de semin\u0163e \u015fi biscui\u0163i fr\u00e2n\u0163i \u015fi ne ag\u0103\u0163\u0103m c\u0103m\u0103\u015file-n gardul men\u0163ionat, ei concesioneaz\u0103 terenurile din preajma APDF pe band\u0103 rulant\u0103. \u015ei nu oricui. Tot lor. Fratele candidatului USR la Prim\u0103ria Aduna\u0163ii Cop\u0103ceni a \u015fi pus m\u00e2na pe 300 de metri p\u0103tra\u0163i, \u00een zona G\u0103rii Fluviale din Portul Giurgiu.<\/p>\n\n\n\n<p>Este vorba despre firma Star C&amp;C SRL din Aduna\u021bii Cop\u0103ceni, administrator GHEORGHE Costel. Teoretic, societatea se ocup\u0103 de cultivarea florilor, dar \u00een cele dou\u0103 tonete ce-au r\u0103s\u0103rit pe terenul concesionat numai flori nu sunt la v\u00e2nzare. Sursele noastre ne-au spus c\u0103, pe data de 19.04, reprezentan\u0163ii societ\u0103\u0163ii depun solicitare la APDF pentru concesionarea unei suprafe\u021be de 300 mp \u00een zona G\u0103rii Fluviale, iar la data de 26.04, CA aprob\u0103 solicitarea.<\/p>\n\n\n\n<p>Cu viteza luminii, fra\u0163ilor, c\u00e2nd este pentru ei!<\/p>\n\n\n\n<p>\u015ei nu este singura afacere \u201e\u00een familia\u201d USR-ist\u0103 de la APDF Giurgiu, dar despre altele, \u00een materiale viitoare.<\/p>\n\n\n\n<p>P.S.: Acelea\u015fi surse ne-au comunicat c\u0103 \u00eensu\u015fi subprefectul USR de Giurgiu, Ciprian Alexandru, a f\u0103cut potec\u0103 la APDF Giurgiu. Nu \u00een sensul c\u0103 a asfaltat ceva, Doamne fere\u015fte, dar v\u0103 da\u0163i seama, ca reprezentant al Guvernului \u00een teritoriu, c\u00e2t\u0103 treab\u0103 are la o companie at\u00e2t de generoas\u0103 \u00een terenuri, facilit\u0103\u0163i etc.<\/p>\n","protected":false},"excerpt":{"rendered":"<p>Tentaculele USR-iste s-au \u00eentins p\u00e2n\u0103 \u00een Portul Giurgiu. Sigur, nu e vreun breakingnews, era de a\u015fteptat, dar asta nu \u00eenseamn\u0103 c\u0103 nu are sens s-o consemn\u0103m. Cu un ministru de-ai lor \u00een frunte, C\u0103t\u0103lin Drul\u0103, \u201eb\u0103ie\u0163ii de\u015ftep\u0163i\u201d fac legea pe unde-apuc\u0103. St\u0103p\u00e2ni autoproclama\u0163i, cu apuc\u0103turi de boieri nemilo\u015fi, guvernan\u0163ii \u0103\u015ftia de conjunctur\u0103 sunt mai \u00eenfometa\u0163i [&hellip;]<\/p>\n","protected":false},"author":1,"featured_media":74953,"comment_status":"open","ping_status":"open","sticky":false,"template":"","format":"standard","meta":{"slim_seo":{"title":"Ne-au \u201econfiscat\u201d \u015fi Portul Giurgiu?! \u201eBarier\u0103\u201d pentru giurgiuveni, terenuri pentru afaceri\u015ftii USR-i\u015fti - GIURGIU NET","description":"Tentaculele USR-iste s-au \u00eentins p\u00e2n\u0103 \u00een Portul Giurgiu. Sigur, nu e vreun breakingnews, era de a\u015fteptat, dar asta nu \u00eenseamn\u0103 c\u0103 nu are sens s-o consemn\u0103m. Cu"},"footnotes":""},"categories":[18,19,25,28],"tags":[2100],"class_list":{"0":"post-74952","1":"post","2":"type-post","3":"status-publish","4":"format-standard","5":"has-post-thumbnail","7":"category-actual","8":"category-adm","9":"category-pol","10":"category-uo","11":"tag-portul-giurgiu"},"_links":{"self":[{"href":"https:\/\/giurgiu-net.ro\/index.php\/wp-json\/wp\/v2\/posts\/74952","targetHints":{"allow":["GET"]}}],"collection":[{"href":"https:\/\/giurgiu-net.ro\/index.php\/wp-json\/wp\/v2\/posts"}],"about":[{"href":"https:\/\/giurgiu-net.ro\/index.php\/wp-json\/wp\/v2\/types\/post"}],"author":[{"embeddable":true,"href":"https:\/\/giurgiu-net.ro\/index.php\/wp-json\/wp\/v2\/users\/1"}],"replies":[{"embeddable":true,"href":"https:\/\/giurgiu-net.ro\/index.php\/wp-json\/wp\/v2\/comments?post=74952"}],"version-history":[{"count":0,"href":"https:\/\/giurgiu-net.ro\/index.php\/wp-json\/wp\/v2\/posts\/74952\/revisions"}],"wp:featuredmedia":[{"embeddable":true,"href":"https:\/\/giurgiu-net.ro\/index.php\/wp-json\/"}],"wp:attachment":[{"href":"https:\/\/giurgiu-net.ro\/index.php\/wp-json\/wp\/v2\/media?parent=74952"}],"wp:term":[{"taxonomy":"category","embeddable":true,"href":"https:\/\/giurgiu-net.ro\/index.php\/wp-json\/wp\/v2\/categories?post=74952"},{"taxonomy":"post_tag","embeddable":true,"href":"https:\/\/giurgiu-net.ro\/index.php\/wp-json\/wp\/v2\/tags?post=74952"}],"curies":[{"name":"wp","href":"https:\/\/api.w.org\/{rel}","templated":true}]}}