{"id":74950,"date":"2021-05-17T22:18:03","date_gmt":"2021-05-17T19:18:03","guid":{"rendered":"http:\/\/giurgiu-net.ro\/?p=74950"},"modified":"2021-05-17T22:18:03","modified_gmt":"2021-05-17T19:18:03","slug":"bomba-pnl-istii-mustatea-si-bragaru-au-dat-cu-subsemnatul-la-dna","status":"publish","type":"post","link":"https:\/\/giurgiu-net.ro\/index.php\/2021\/05\/17\/bomba-pnl-istii-mustatea-si-bragaru-au-dat-cu-subsemnatul-la-dna\/","title":{"rendered":"BOMB\u0102: (PNL-i\u015ftii) Must\u0103\u0163ea \u015fi Br\u0103garu au dat cu subsemnatul, la DNA?"},"content":{"rendered":"\n<p>Un site local giurgiuvean, EvenimentGR.ro, a publicat, ast\u0103zi, un articol <strong>pe surse<\/strong> potrivit c\u0103ruia un fost pre\u015fedinte al Consiliului Jude\u0163ean Giurgiu \u015fi subprefectul de Giurgiu au f\u0103cut o vizit\u0103 la DNA, \u00eentr-un dosar \u201ecu fonduri europene\u201d, sus\u0163in cei de la publica\u0163ia men\u0163ionat\u0103.<\/p>\n\n\n\n<p>\u00cen articolul cu pricina este precizat c\u0103 cei doi care ar fi fost audia\u0163i \u201edoar\u201d ca martori ar fi recunoscut c\u0103 s-a \u00eent\u00e2mplat a\u015fa, dar ar fi avut rug\u0103mintea s\u0103 r\u0103m\u00e2n\u0103 anonimi. Nu, z\u0103u!<\/p>\n\n\n\n<p>Dac\u0103 n-ar fi de r\u00e2s, ar fi de pl\u00e2ns. Sau invers. Cum dori\u0163i.<\/p>\n\n\n\n<p>Stimabililor, nu este cinstit fa\u0163\u0103 de giurgiuvenii c\u0103rora le cere\u0163i voturile, o dat\u0103 la 4 ani, s\u0103 r\u0103m\u00e2ne\u0163i anonimi, fie inculpa\u0163i, fie martori. Dac\u0103 a\u0163i intrat \u00een vreo belea \u015fi-a\u0163i f\u0103cut ceva r\u0103u, trebuie s\u0103 pl\u0103ti\u0163i, dac\u0103 nu, nu, dar giurgiuvenii trebuie s\u0103 \u015ftie cu cine au de-a face, corect? Corect.<\/p>\n\n\n\n<p>\u00cen ceea ce prive\u015fte pre\u015fedintele de CJ, sursele noastre ne spun c\u0103 SIGUR nu s-au dus azi la DNA nici Boiangiu, nici Beianu \u015fi nici Mina. Deci, a mai r\u0103mas unul singur&#8230; Apoi, dac\u0103 nu e subprefectul USR-ist(greu de crezut c\u0103-l atinge pe acesta ceva, deocamdat\u0103), mai r\u0103m\u00e2ne un PNL-ist.<\/p>\n\n\n\n<p>Acum c\u0103 aproape am l\u0103murit primul aspect al bombei, s\u0103 trecem la miezul s\u0103u. Cei care scriu la publica\u0163ia care a dat informa\u0163ia sus\u0163in c\u0103 dosarul l-ar viza, de fapt, pe un parlamentar. Fabricat, nefabricat, e dosar iar vizatul devine penal. Delicios!<\/p>\n\n\n\n<p>Bun. Cu cei doi &#8222;martori&#8221;, nu poate fi dec\u00e2t un parlamentar PNL. Din c\u00e2te \u015ftim, Gabi Horga n-a apucat s\u0103-\u015fi fac\u0103 afacerile pe la Giurgiu, ea e \u00eenfipt\u0103 bine \u00een D\u00e2mbovi\u0163a. A\u015fadar, au mai r\u0103mas Toma Petcu sau Alexandru Andrei. Pe care paria\u0163i?<\/p>\n\n\n\n<p>Sursele noastre ne spun c\u0103 dosarul ar viza, \u00een fapt, presiunile f\u0103cute, la alegerile locale, asupra unora dintre primarii giurgiuveni \u015fi asupra unora dintre directorii deconcentratelor. Cunoa\u015fte\u0163i spe\u0163a. Cutia Pandorei de la locale tocmai a fost deschis\u0103.<\/p>\n\n\n\n<p>Revizui\u0163i-v\u0103 pariurile! \ud83d\ude00 <\/p>\n\n\n\n<p>Pentru c\u0103 tot s-au pus pe f\u0103cut comunicate de pres\u0103 boombastice, cu un limbaj care ar face-o \u015fi pe Floricica Dansatoarea s\u0103 ro\u015fea\u015fc\u0103&#8230; \u00een obr\u0103jori, a\u015ftept\u0103m cu ner\u0103bdare ni\u015fte preciz\u0103ri de la PNL Giurgiu pe aceast\u0103 tem\u0103:<\/p>\n\n\n\n<ol class=\"wp-block-list\" type=\"1\"><li>Cine sunt cei doi care au dat cu subsemnatul?<\/li><li>Cine este parlamentarul vizat?<\/li><li>Ce acuza\u0163ii \u00eei sunt aduse?<\/li><\/ol>\n\n\n\n<p>P\u0103i, nu, b\u0103ie\u0163i? Suntem \u015fi noi transparen\u0163i sau doar cerem asta de la al\u0163ii?<\/p>\n\n\n\n<p>Vom reveni cu am\u0103nunte!<\/p>\n","protected":false},"excerpt":{"rendered":"<p>Un site local giurgiuvean, EvenimentGR.ro, a publicat, ast\u0103zi, un articol pe surse potrivit c\u0103ruia un fost pre\u015fedinte al Consiliului Jude\u0163ean Giurgiu \u015fi subprefectul de Giurgiu au f\u0103cut o vizit\u0103 la DNA, \u00eentr-un dosar \u201ecu fonduri europene\u201d, sus\u0163in cei de la publica\u0163ia men\u0163ionat\u0103. \u00cen articolul cu pricina este precizat c\u0103 cei doi care ar fi fost [&hellip;]<\/p>\n","protected":false},"author":1,"featured_media":0,"comment_status":"open","ping_status":"open","sticky":false,"template":"","format":"standard","meta":{"slim_seo":{"title":"BOMB\u0102: (PNL-i\u015ftii) Must\u0103\u0163ea \u015fi Br\u0103garu au dat cu subsemnatul, la DNA? - GIURGIU NET","description":"Un site local giurgiuvean, EvenimentGR.ro, a publicat, ast\u0103zi, un articol pe surse potrivit c\u0103ruia un fost pre\u015fedinte al Consiliului Jude\u0163ean Giurgiu \u015fi subpref"},"footnotes":""},"categories":[18,25,28],"tags":[2027],"class_list":{"0":"post-74950","1":"post","2":"type-post","3":"status-publish","4":"format-standard","6":"category-actual","7":"category-pol","8":"category-uo","9":"tag-pnl-giurgiu"},"_links":{"self":[{"href":"https:\/\/giurgiu-net.ro\/index.php\/wp-json\/wp\/v2\/posts\/74950","targetHints":{"allow":["GET"]}}],"collection":[{"href":"https:\/\/giurgiu-net.ro\/index.php\/wp-json\/wp\/v2\/posts"}],"about":[{"href":"https:\/\/giurgiu-net.ro\/index.php\/wp-json\/wp\/v2\/types\/post"}],"author":[{"embeddable":true,"href":"https:\/\/giurgiu-net.ro\/index.php\/wp-json\/wp\/v2\/users\/1"}],"replies":[{"embeddable":true,"href":"https:\/\/giurgiu-net.ro\/index.php\/wp-json\/wp\/v2\/comments?post=74950"}],"version-history":[{"count":0,"href":"https:\/\/giurgiu-net.ro\/index.php\/wp-json\/wp\/v2\/posts\/74950\/revisions"}],"wp:attachment":[{"href":"https:\/\/giurgiu-net.ro\/index.php\/wp-json\/wp\/v2\/media?parent=74950"}],"wp:term":[{"taxonomy":"category","embeddable":true,"href":"https:\/\/giurgiu-net.ro\/index.php\/wp-json\/wp\/v2\/categories?post=74950"},{"taxonomy":"post_tag","embeddable":true,"href":"https:\/\/giurgiu-net.ro\/index.php\/wp-json\/wp\/v2\/tags?post=74950"}],"curies":[{"name":"wp","href":"https:\/\/api.w.org\/{rel}","templated":true}]}}