{"id":74627,"date":"2021-03-15T11:41:38","date_gmt":"2021-03-15T09:41:38","guid":{"rendered":"http:\/\/giurgiu-net.ro\/?p=74627"},"modified":"2021-03-15T11:41:38","modified_gmt":"2021-03-15T09:41:38","slug":"ce-de-timp-aveti-de-stat-la-poze-domnule-presedinte","status":"publish","type":"post","link":"https:\/\/giurgiu-net.ro\/index.php\/2021\/03\/15\/ce-de-timp-aveti-de-stat-la-poze-domnule-presedinte\/","title":{"rendered":"Ce de timp ave\u0163i de stat la poze, domnule pre\u015fedinte!"},"content":{"rendered":"\n<p>De c\u00e2nd a (re)preluat conducerea Consiliului Jude\u0163ean Giurgiu, Dumitru Beianu are timp s\u0103 fie peste tot. Evident, nevorbit \u015fi nefotografiat, timp de dou\u0103 mandate, se pare c\u0103 PNL-istul giurgiuvean recupereaz\u0103 cu &#8222;gra\u0163ie&#8221;, ap\u0103r\u00e2nd la tot felul de ac\u0163iuni, ca-ntr-o s\u0103lbatic\u0103 defulare. <\/p>\n\n\n\n<p>Doneaz\u0103 cineva ceva la Muzeu? Beianu apare \u00een poze. E vreo panglic\u0103 de t\u0103iat la vreun proiect din mandatul trecut? Beianu e prezent la datoria de a sta frumos la poz\u0103. E vreo emisiune, s\u0103pt\u0103m\u00e2na asta, la vreo televiziune online? Probabil, n-o poate rata. Dar ca invitat, desigur.<\/p>\n\n\n\n<p><strong><em>Chiar a\u015fa, Consiliul Jude\u0163ean Giurgiu nu mai are \u015fi vicepre\u015fedin\u0163i sau speciali\u015fti \u00een diverse domenii, oameni care s\u0103 mai ias\u0103 \u015fi ei \u00een fa\u0163\u0103, s\u0103 mai zic\u0103 \u015fi ei, m\u0103car \u00een \u015fedin\u0163ele de CJ, dou\u0103-trei lucruri la care se pricep?<\/em><\/strong><\/p>\n\n\n\n<p>Tot Beianu conduce cap-coad\u0103 \u015fedin\u0163ele respective, iar speciali\u015ftii cu pricina r\u0103m\u00e2n, se pare, \u015fi-n mandatul \u0103sta, mult \u00een spate, ocupa\u0163i cu proiectele cu care se va l\u0103uda, f\u0103r\u0103 \u00eendoial\u0103, \u015feful lor, \u00een campania din 2024. Ca, mai apoi, s\u0103 transmit\u0103, tot la TV, c\u0103 unii chiar au salarii nesim\u0163ite \u00een institu\u0163ia men\u0163ionat\u0103&#8230;<\/p>\n\n\n\n<p>\u00cen fine. Fiecare p\u0103s\u0103ric\u0103 pe limba cui vrea piere, dar at\u00e2ta poft\u0103 de imagine, din partea unui \u015fef de (jude\u0163) Giurgiu, n-am mai v\u0103zut!<\/p>\n\n\n\n<p>A mai r\u0103mas s\u0103 apar\u0103 poze cu dl Beianu \u015fi c\u00e2nd asaneaz\u0103 ISU vreun proiectil. C\u00e2nd na\u015fte vreo doamn\u0103 la Maternitate, c\u00e2nd \u00eemprumut\u0103 copiii c\u0103r\u0163i de la Bibiliotec\u0103 \u015fi, desigur, sus pe scen\u0103, c\u00e2nd echipa Teatrului face repeti\u0163ii la vreun musical.<\/p>\n\n\n\n<p>\u015ei, de ce nu, s-ar putea s\u0103-l g\u0103sim pe dl. cu pricina chiar \u015fi c\u00e2nd deschidem vreo conserv\u0103, vorba glumei.<\/p>\n\n\n\n<p>Ce e mult stric\u0103, domnule pre\u015fedinte! Uite a\u015fa s\u0103-i mai \u015fopteasc\u0103 vreunul dintre consilieri chestia asta, c\u0103 d-aia sunt pl\u0103ti\u0163i. Nu? Nici m\u0103car pentru asta?! \ud83d\ude00<\/p>\n\n\n\n<p><\/p>\n","protected":false},"excerpt":{"rendered":"<p>De c\u00e2nd a (re)preluat conducerea Consiliului Jude\u0163ean Giurgiu, Dumitru Beianu are timp s\u0103 fie peste tot. Evident, nevorbit \u015fi nefotografiat, timp de dou\u0103 mandate, se pare c\u0103 PNL-istul giurgiuvean recupereaz\u0103 cu &#8222;gra\u0163ie&#8221;, ap\u0103r\u00e2nd la tot felul de ac\u0163iuni, ca-ntr-o s\u0103lbatic\u0103 defulare. Doneaz\u0103 cineva ceva la Muzeu? Beianu apare \u00een poze. E vreo panglic\u0103 de t\u0103iat [&hellip;]<\/p>\n","protected":false},"author":1,"featured_media":74628,"comment_status":"open","ping_status":"open","sticky":false,"template":"","format":"standard","meta":{"slim_seo":{"title":"Ce de timp ave\u0163i de stat la poze, domnule pre\u015fedinte! - GIURGIU NET","description":"De c\u00e2nd a (re)preluat conducerea Consiliului Jude\u0163ean Giurgiu, Dumitru Beianu are timp s\u0103 fie peste tot. Evident, nevorbit \u015fi nefotografiat, timp de dou\u0103 mandat"},"footnotes":""},"categories":[18,19,20,23,25,26,28],"tags":[358],"class_list":{"0":"post-74627","1":"post","2":"type-post","3":"status-publish","4":"format-standard","5":"has-post-thumbnail","7":"category-actual","8":"category-adm","9":"category-edit","10":"category-pam","11":"category-pol","12":"category-soc","13":"category-uo","14":"tag-beianu"},"_links":{"self":[{"href":"https:\/\/giurgiu-net.ro\/index.php\/wp-json\/wp\/v2\/posts\/74627","targetHints":{"allow":["GET"]}}],"collection":[{"href":"https:\/\/giurgiu-net.ro\/index.php\/wp-json\/wp\/v2\/posts"}],"about":[{"href":"https:\/\/giurgiu-net.ro\/index.php\/wp-json\/wp\/v2\/types\/post"}],"author":[{"embeddable":true,"href":"https:\/\/giurgiu-net.ro\/index.php\/wp-json\/wp\/v2\/users\/1"}],"replies":[{"embeddable":true,"href":"https:\/\/giurgiu-net.ro\/index.php\/wp-json\/wp\/v2\/comments?post=74627"}],"version-history":[{"count":0,"href":"https:\/\/giurgiu-net.ro\/index.php\/wp-json\/wp\/v2\/posts\/74627\/revisions"}],"wp:featuredmedia":[{"embeddable":true,"href":"https:\/\/giurgiu-net.ro\/index.php\/wp-json\/"}],"wp:attachment":[{"href":"https:\/\/giurgiu-net.ro\/index.php\/wp-json\/wp\/v2\/media?parent=74627"}],"wp:term":[{"taxonomy":"category","embeddable":true,"href":"https:\/\/giurgiu-net.ro\/index.php\/wp-json\/wp\/v2\/categories?post=74627"},{"taxonomy":"post_tag","embeddable":true,"href":"https:\/\/giurgiu-net.ro\/index.php\/wp-json\/wp\/v2\/tags?post=74627"}],"curies":[{"name":"wp","href":"https:\/\/api.w.org\/{rel}","templated":true}]}}