{"id":74591,"date":"2021-03-08T11:39:43","date_gmt":"2021-03-08T09:39:43","guid":{"rendered":"http:\/\/giurgiu-net.ro\/?p=74591"},"modified":"2021-03-08T11:39:43","modified_gmt":"2021-03-08T09:39:43","slug":"74591","status":"publish","type":"post","link":"https:\/\/giurgiu-net.ro\/index.php\/2021\/03\/08\/74591\/","title":{"rendered":""},"content":{"rendered":"\n<figure class=\"wp-block-image size-full\"><img decoding=\"async\" src=\"https:\/\/giurgiu-net.ro\/wp-content\/uploads\/2021\/03\/mina-4.jpg\" alt=\"\" class=\"wp-image-74592\"\/><\/figure>\n\n\n\n<p><em>&#8222;Stimate doamne \u015fi domni\u015foare, v\u0103 doresc s\u0103 fi\u0163i iubite, respectate \u015fi pre\u0163uite, pentru c\u0103 merita\u0163i tot ce este mai bun \u015fi mai frumos! Mama, \u00ee\u0163i datorez via\u0163a \u015fi tot ceea ce sunt, \u00ee\u0163i mul\u0163umesc pentru r\u0103bdarea, bun\u0103tatea, puterea \u015fi dragostea ta! La Mul\u0163i Ani, tuturor, v\u0103 doresc o zi de neuitat!<\/em>&#8222;- pre\u015fedinte PSD Giurgiu, deputat Marian Mina.<\/p>\n","protected":false},"excerpt":{"rendered":"<p>&#8222;Stimate doamne \u015fi domni\u015foare, v\u0103 doresc s\u0103 fi\u0163i iubite, respectate \u015fi pre\u0163uite, pentru c\u0103 merita\u0163i tot ce este mai bun \u015fi mai frumos! Mama, \u00ee\u0163i datorez via\u0163a \u015fi tot ceea ce sunt, \u00ee\u0163i mul\u0163umesc pentru r\u0103bdarea, bun\u0103tatea, puterea \u015fi dragostea ta! La Mul\u0163i Ani, tuturor, v\u0103 doresc o zi de neuitat!&#8222;- pre\u015fedinte PSD Giurgiu, deputat [&hellip;]<\/p>\n","protected":false},"author":1,"featured_media":74593,"comment_status":"open","ping_status":"open","sticky":false,"template":"","format":"standard","meta":{"slim_seo":{"title":"GIURGIU NET","description":"\"Stimate doamne \u015fi domni\u015foare, v\u0103 doresc s\u0103 fi\u0163i iubite, respectate \u015fi pre\u0163uite, pentru c\u0103 merita\u0163i tot ce este mai bun \u015fi mai frumos! Mama, \u00ee\u0163i datorez via\u0163a \u015f"},"footnotes":""},"categories":[18,26,28],"tags":[],"class_list":{"0":"post-74591","1":"post","2":"type-post","3":"status-publish","4":"format-standard","5":"has-post-thumbnail","7":"category-actual","8":"category-soc","9":"category-uo"},"_links":{"self":[{"href":"https:\/\/giurgiu-net.ro\/index.php\/wp-json\/wp\/v2\/posts\/74591","targetHints":{"allow":["GET"]}}],"collection":[{"href":"https:\/\/giurgiu-net.ro\/index.php\/wp-json\/wp\/v2\/posts"}],"about":[{"href":"https:\/\/giurgiu-net.ro\/index.php\/wp-json\/wp\/v2\/types\/post"}],"author":[{"embeddable":true,"href":"https:\/\/giurgiu-net.ro\/index.php\/wp-json\/wp\/v2\/users\/1"}],"replies":[{"embeddable":true,"href":"https:\/\/giurgiu-net.ro\/index.php\/wp-json\/wp\/v2\/comments?post=74591"}],"version-history":[{"count":0,"href":"https:\/\/giurgiu-net.ro\/index.php\/wp-json\/wp\/v2\/posts\/74591\/revisions"}],"wp:featuredmedia":[{"embeddable":true,"href":"https:\/\/giurgiu-net.ro\/index.php\/wp-json\/"}],"wp:attachment":[{"href":"https:\/\/giurgiu-net.ro\/index.php\/wp-json\/wp\/v2\/media?parent=74591"}],"wp:term":[{"taxonomy":"category","embeddable":true,"href":"https:\/\/giurgiu-net.ro\/index.php\/wp-json\/wp\/v2\/categories?post=74591"},{"taxonomy":"post_tag","embeddable":true,"href":"https:\/\/giurgiu-net.ro\/index.php\/wp-json\/wp\/v2\/tags?post=74591"}],"curies":[{"name":"wp","href":"https:\/\/api.w.org\/{rel}","templated":true}]}}