{"id":74574,"date":"2021-03-04T12:47:31","date_gmt":"2021-03-04T10:47:31","guid":{"rendered":"http:\/\/giurgiu-net.ro\/?p=74574"},"modified":"2021-03-04T12:47:31","modified_gmt":"2021-03-04T10:47:31","slug":"deputat-psd-marian-mina-a-fost-macel-in-parlament-cu-privire-la-buget-pnl-si-usr-au-respins-toate-amendamentele-dand-dovada-de-lipsa-de-respect-fata-de-romani","status":"publish","type":"post","link":"https:\/\/giurgiu-net.ro\/index.php\/2021\/03\/04\/deputat-psd-marian-mina-a-fost-macel-in-parlament-cu-privire-la-buget-pnl-si-usr-au-respins-toate-amendamentele-dand-dovada-de-lipsa-de-respect-fata-de-romani\/","title":{"rendered":"Deputat PSD Marian Mina: \u201eA fost m\u0103cel, \u00een Parlament, cu privire la buget. PNL \u015fi USR au respins toate amendamentele, d\u00e2nd dovad\u0103 de lips\u0103 de respect fa\u0163\u0103 de rom\u00e2ni!\u201d"},"content":{"rendered":"\n<p>Pre\u015fedintele PSD Giurgiu, deputat Marian Mina, a f\u0103cut aceste afirma\u0163ii, \u00een emisiunea Cappuccino, la Open TV, fiind \u00eentrebat de moderatorul Mih\u0103i\u0163\u0103 Grigore despre ce s-a \u00eent\u00e2mplat, \u00een Parlament, la dezbaterile privind Legea bugetului de stat pentru anul 2021.<\/p>\n\n\n\n<p>\u201e<em>Este pentru prima oar\u0103, \u00een istoria post-decembrist\u0103 a Rom\u00e2niei, c\u00e2nd niciun amendament la bugetul de stat nu este adoptat. De\u015fi au fost proiecte foarte bune \u015fi necesare pentru toate jude\u0163ele, fie c\u0103 vorbim despre unit\u0103\u0163i administrativ-teritoriale conduse de primari PSD sau PNL, nu a fost adoptat niciun amendament pentru acestea. Cum se vor uita cei de la PNL \u015fi USR \u00een ochii oamenilor c\u0103rora le-au promis doar lapte \u015fi miere? <\/em><\/p>\n\n\n\n<p><em>A fost m\u0103cel, \u00een Parlament, o adev\u0103rat\u0103 lips\u0103 de respect fa\u0163\u0103 de rom\u00e2ni. PNL a c\u0103lcat \u00een picioare administra\u0163iile locale. Una au promis \u00een campanie \u015fi alta este realitatea, a\u015fa cum, de altfel, a recunoscut chiar premierul C\u00ee\u0163u. Acest buget, \u00een fapt, nu a fost dezb\u0103tut, pentru c\u0103 PNL \u015fi USR au refuzat orice dialog. De asemenea, \u00een prezentarea lui C\u00ee\u0163u, nu am auzit nimic despre investi\u0163ii, despre dezvoltare, despre programe pentru s\u0103n\u0103tate, educa\u0163ie, nimic, doar c\u0103 \u201ePSD este de vin\u0103\u201d. Dar nu mai merge cu greaua mo\u015ftenire, sunt la putere de destul timp. Pe de alt\u0103 parte, nu cred c\u0103 vor putea face mare lucru, \u00een jude\u0163ul Giurgiu. La nivel na\u0163ional, 98% din fonduri se duc c\u0103tre administra\u0163iile PNL \u015fi USR, dar presimt c\u0103 \u00een jude\u0163ul Giurgiu va fi jale, anul acesta<\/em>\u201d, a declarat Marian Mina.<\/p>\n","protected":false},"excerpt":{"rendered":"<p>Pre\u015fedintele PSD Giurgiu, deputat Marian Mina, a f\u0103cut aceste afirma\u0163ii, \u00een emisiunea Cappuccino, la Open TV, fiind \u00eentrebat de moderatorul Mih\u0103i\u0163\u0103 Grigore despre ce s-a \u00eent\u00e2mplat, \u00een Parlament, la dezbaterile privind Legea bugetului de stat pentru anul 2021. \u201eEste pentru prima oar\u0103, \u00een istoria post-decembrist\u0103 a Rom\u00e2niei, c\u00e2nd niciun amendament la bugetul de stat nu [&hellip;]<\/p>\n","protected":false},"author":1,"featured_media":73511,"comment_status":"open","ping_status":"open","sticky":false,"template":"","format":"standard","meta":{"slim_seo":{"title":"Deputat PSD Marian Mina: \u201eA fost m\u0103cel, \u00een Parlament, cu privire la buget. PNL \u015fi USR au respins toate amendamentele, d\u00e2nd dovad\u0103 de lips\u0103 de respect fa\u0163\u0103 de rom\u00e2ni!\u201d - GIURGIU NET","description":"Pre\u015fedintele PSD Giurgiu, deputat Marian Mina, a f\u0103cut aceste afirma\u0163ii, \u00een emisiunea Cappuccino, la Open TV, fiind \u00eentrebat de moderatorul Mih\u0103i\u0163\u0103 Grigore desp"},"footnotes":""},"categories":[18,19,25,26,28],"tags":[1626],"class_list":{"0":"post-74574","1":"post","2":"type-post","3":"status-publish","4":"format-standard","5":"has-post-thumbnail","7":"category-actual","8":"category-adm","9":"category-pol","10":"category-soc","11":"category-uo","12":"tag-marian-mina"},"_links":{"self":[{"href":"https:\/\/giurgiu-net.ro\/index.php\/wp-json\/wp\/v2\/posts\/74574","targetHints":{"allow":["GET"]}}],"collection":[{"href":"https:\/\/giurgiu-net.ro\/index.php\/wp-json\/wp\/v2\/posts"}],"about":[{"href":"https:\/\/giurgiu-net.ro\/index.php\/wp-json\/wp\/v2\/types\/post"}],"author":[{"embeddable":true,"href":"https:\/\/giurgiu-net.ro\/index.php\/wp-json\/wp\/v2\/users\/1"}],"replies":[{"embeddable":true,"href":"https:\/\/giurgiu-net.ro\/index.php\/wp-json\/wp\/v2\/comments?post=74574"}],"version-history":[{"count":0,"href":"https:\/\/giurgiu-net.ro\/index.php\/wp-json\/wp\/v2\/posts\/74574\/revisions"}],"wp:featuredmedia":[{"embeddable":true,"href":"https:\/\/giurgiu-net.ro\/index.php\/wp-json\/"}],"wp:attachment":[{"href":"https:\/\/giurgiu-net.ro\/index.php\/wp-json\/wp\/v2\/media?parent=74574"}],"wp:term":[{"taxonomy":"category","embeddable":true,"href":"https:\/\/giurgiu-net.ro\/index.php\/wp-json\/wp\/v2\/categories?post=74574"},{"taxonomy":"post_tag","embeddable":true,"href":"https:\/\/giurgiu-net.ro\/index.php\/wp-json\/wp\/v2\/tags?post=74574"}],"curies":[{"name":"wp","href":"https:\/\/api.w.org\/{rel}","templated":true}]}}