{"id":74244,"date":"2021-01-18T10:16:43","date_gmt":"2021-01-18T08:16:43","guid":{"rendered":"http:\/\/giurgiu-net.ro\/?p=74244"},"modified":"2021-01-18T10:16:43","modified_gmt":"2021-01-18T08:16:43","slug":"giurgiu-doar-4-din-11-centre-de-vaccinare-sunt-gata-de-ce-nu-si-da-demisia-prefectul","status":"publish","type":"post","link":"https:\/\/giurgiu-net.ro\/index.php\/2021\/01\/18\/giurgiu-doar-4-din-11-centre-de-vaccinare-sunt-gata-de-ce-nu-si-da-demisia-prefectul\/","title":{"rendered":"GIURGIU: Doar 4 din 11 centre de vaccinare sunt gata. De ce nu-\u015fi d\u0103 demisia prefectul?"},"content":{"rendered":"\n<p>Au acuzat-o pe Mihaela Ra\u0163\u0103, fostul manager al Spitalului Jude\u0163ean de Urgen\u0163\u0103 Giurgiu, c\u0103 din vina ei ar fi \u00eent\u00e2rziat campania de vaccinare la noi, de\u015fi, culmea, centrul de vaccinare de la SJU a fost primul gata. Chiar Mihaela Ra\u0163\u0103 a recunoscut, \u00eentr-un interviu dat colegilor de la Opinia Giurgiu, c\u0103 ar fi fost <strong>presat\u0103<\/strong> s\u0103 demisioneze.<\/p>\n\n\n\n<p>Pentru, iat\u0103, o situa\u0163ie real\u0103, cu adev\u0103rat grav\u0103 \u015fi de care r\u0103spunde Prefectura, nu se mai agit\u0103 nimeni \u015fi nu-\u015fi mai d\u0103 nimeni demisia.<\/p>\n\n\n\n<p><em>Din 15 ianuarie, a deputat etapa <strong>a II-a<\/strong> a campanie de vaccinare anti-COVID-19, iar Giurgiu este, din nou, coda\u015f \u00een ceea ce prive\u015fte derularea acesteia. Doar 4 din cele 11 centre de vaccinare anun\u0163ate cu surle \u015fi tr\u00e2mbi\u0163e de c\u0103tre autorit\u0103\u0163ile jude\u0163ene sunt func\u0163ionale, potrivit unui comunicat de pres\u0103 al Prefecturii Giurgiu.<\/em><\/p>\n\n\n\n<p><strong>De ce doar 4? Cine este responsabil pentru c\u0103 celelalte nu sunt gata, nu mai zicem pentru prima etap\u0103, dar nici m\u0103car pentru cea de-a doua?<\/strong><\/p>\n\n\n\n<p>Cine trebuia s\u0103 se zbat\u0103 ca to\u0163i giurgiuvenii viza\u0163i de aceast\u0103 campanie s\u0103 se poat\u0103 vaccina, c\u00e2t mai aproape de domiciliu, \u015fi s\u0103 nu fie nevoi\u0163i s\u0103 se deplaseze zeci de kilometri?<\/p>\n\n\n\n<p><strong>De ce nu-\u015fi d\u0103 demisia \u015fi doamna prefect Aneta Matei, dac\u0103 tot se pretinde a fi corect\u0103 \u015fi interesat\u0103 ca lucrurile s\u0103 se mi\u015fte repede \u015fi bine, \u00een jude\u0163?<\/strong><\/p>\n\n\n\n<p>Pe cine o s\u0103 mai dea vina acum, dac\u0103 iar o s-o trag\u0103 de perciuni t\u0103icu\u0163a C\u00ee\u0163u? Tot pe PSD, pe Mina, pe Dragnea, pe cine? Sau doamna Aneta crede c\u0103, dac\u0103 s-a pozat cu primul vaccinat din Giurgiu, \u00eei sunt sp\u0103late toate p\u0103catele?!<\/p>\n\n\n\n<p>Oricum, \u00een afar\u0103 de a-i schimba rapid pe to\u0163i directorii deconcentratelor \u015fi de a-\u015fi pune oamenii lor, din nefericire nu s-a mi\u015fcat nimic la fel de repede \u015fi de bine \u00een Giurgiu, de c\u00e2nd PNL a preluat Puterea. <\/p>\n\n\n\n<p>A, scuza\u0163i, am uitat: angaja\u0163ii Prefecturii au spor de COVID. Mare lucru, mare treab\u0103, suntem campioni, n-avem ce s\u0103 mai spunem&#8230;<\/p>\n","protected":false},"excerpt":{"rendered":"<p>Au acuzat-o pe Mihaela Ra\u0163\u0103, fostul manager al Spitalului Jude\u0163ean de Urgen\u0163\u0103 Giurgiu, c\u0103 din vina ei ar fi \u00eent\u00e2rziat campania de vaccinare la noi, de\u015fi, culmea, centrul de vaccinare de la SJU a fost primul gata. Chiar Mihaela Ra\u0163\u0103 a recunoscut, \u00eentr-un interviu dat colegilor de la Opinia Giurgiu, c\u0103 ar fi fost presat\u0103 [&hellip;]<\/p>\n","protected":false},"author":1,"featured_media":74122,"comment_status":"open","ping_status":"open","sticky":false,"template":"","format":"standard","meta":{"slim_seo":{"title":"GIURGIU: Doar 4 din 11 centre de vaccinare sunt gata. De ce nu-\u015fi d\u0103 demisia prefectul? - GIURGIU NET","description":"Au acuzat-o pe Mihaela Ra\u0163\u0103, fostul manager al Spitalului Jude\u0163ean de Urgen\u0163\u0103 Giurgiu, c\u0103 din vina ei ar fi \u00eent\u00e2rziat campania de vaccinare la noi, de\u015fi, culmea"},"footnotes":""},"categories":[18,19,25,26,28],"tags":[477],"class_list":{"0":"post-74244","1":"post","2":"type-post","3":"status-publish","4":"format-standard","5":"has-post-thumbnail","7":"category-actual","8":"category-adm","9":"category-pol","10":"category-soc","11":"category-uo","12":"tag-campanie-vaccinare"},"_links":{"self":[{"href":"https:\/\/giurgiu-net.ro\/index.php\/wp-json\/wp\/v2\/posts\/74244","targetHints":{"allow":["GET"]}}],"collection":[{"href":"https:\/\/giurgiu-net.ro\/index.php\/wp-json\/wp\/v2\/posts"}],"about":[{"href":"https:\/\/giurgiu-net.ro\/index.php\/wp-json\/wp\/v2\/types\/post"}],"author":[{"embeddable":true,"href":"https:\/\/giurgiu-net.ro\/index.php\/wp-json\/wp\/v2\/users\/1"}],"replies":[{"embeddable":true,"href":"https:\/\/giurgiu-net.ro\/index.php\/wp-json\/wp\/v2\/comments?post=74244"}],"version-history":[{"count":0,"href":"https:\/\/giurgiu-net.ro\/index.php\/wp-json\/wp\/v2\/posts\/74244\/revisions"}],"wp:featuredmedia":[{"embeddable":true,"href":"https:\/\/giurgiu-net.ro\/index.php\/wp-json\/"}],"wp:attachment":[{"href":"https:\/\/giurgiu-net.ro\/index.php\/wp-json\/wp\/v2\/media?parent=74244"}],"wp:term":[{"taxonomy":"category","embeddable":true,"href":"https:\/\/giurgiu-net.ro\/index.php\/wp-json\/wp\/v2\/categories?post=74244"},{"taxonomy":"post_tag","embeddable":true,"href":"https:\/\/giurgiu-net.ro\/index.php\/wp-json\/wp\/v2\/tags?post=74244"}],"curies":[{"name":"wp","href":"https:\/\/api.w.org\/{rel}","templated":true}]}}