{"id":74188,"date":"2021-01-13T16:58:39","date_gmt":"2021-01-13T14:58:39","guid":{"rendered":"http:\/\/giurgiu-net.ro\/?p=74188"},"modified":"2021-01-13T16:58:39","modified_gmt":"2021-01-13T14:58:39","slug":"dumitru-beianu-prins-cu-mata-n-sac-in-cazul-dgaspc-giurgiu-si-excedentul-bugetar","status":"publish","type":"post","link":"https:\/\/giurgiu-net.ro\/index.php\/2021\/01\/13\/dumitru-beianu-prins-cu-mata-n-sac-in-cazul-dgaspc-giurgiu-si-excedentul-bugetar\/","title":{"rendered":"Dumitru Beianu, prins cu m\u00e2\u0163a-n sac, \u00een cazul DGASPC Giurgiu \u015fi excedentul bugetar"},"content":{"rendered":"\n<p>U\u015for, u\u015for, toate \u201en\u0103zdr\u0103v\u0103niile\u201d PNL-i\u015ftilor giurgiuveni, ca s\u0103 fim diploma\u0163i, ies la iveal\u0103. Ni se demonstreaz\u0103, pe zi ce trece, c\u0103 or fi ei \u201emae\u015ftri\u201d ai vorbelor, dar minciuna are picioare scurte.<\/p>\n\n\n\n<p><em><strong>Probabil pentru c\u0103 n-apucase s\u0103 serveasc\u0103 masa de pr\u00e2nz \ud83d\ude00 \u015fi se resim\u0163ea, pre\u015fedintele CJ Giurgiu, Dumitru Beianu, i-a f\u0103cut de b\u0103\u015fc\u0103lie pe to\u0163i colegii s\u0103i din PNL Giurgiu, azi, \u00eentr-o emisiune la Open TV. Mai exact, a demonstrat c\u0103, \u00een campanie electoral\u0103, unii fac \u015fi spun ORICE, ca s\u0103-\u015fi ating\u0103 scopul. Chiar dac\u0103 asta \u00eenseamn\u0103 c\u0103-\u015fi bat joc de oameni care n-au nicio vin\u0103 c\u0103 vor unii s\u0103 fie mari \u015fefi&#8230;<\/strong><\/em><\/p>\n\n\n\n<p>Este vorba despre situa\u0163ia \u00eent\u00e2rzierii salariilor celor de la DGASPC Giurgiu, \u00een mandatul lui Marian Mina. Pe vremea aceea, Mina era f\u0103cut responsabil de dezastru, de\u015fi responsabil era PNL, prin Guvern, desigur.<\/p>\n\n\n\n<p>Azi, Marian Mina a vorbit, \u00een conferin\u0163\u0103 de pres\u0103, <em>despre excedentul bugetar de la Prim\u0103ria Giurgiu, de vreo 120 miliarde de lei, \u015fi a \u00eentrebat, firesc, de ce nu au fost pl\u0103tite salariile \u00eenso\u0163itorilor persoanelor cu handicap din ace\u015fti bani. <\/em>Desigur, \u00eentrebarea era cu schepsis, av\u00e2nd \u00een vedere faptul c\u0103 PNL-i\u015ftii \u00eei ceruser\u0103 chiar lui s\u0103 foloseasc\u0103 ace\u015fti bani pentru acest scop.<\/p>\n\n\n\n<p>Marian Mina a explicat, la momentul respectiv, c\u0103 este ilegal, dar PNL-i\u015ftii nimic, batman, batman. Azi, Dumitru Beianu a dat cu b\u00e2ta-n balt\u0103 \u015fi i-a dat dreptate lui Mina. Din p\u0103cate, cam t\u00e2rziu. Dar, dec\u00e2t niciodat\u0103&#8230;<\/p>\n\n\n\n<p>\u201e<em>Excedentul bugetar, chiar dac\u0103 exist\u0103 la sf\u00e2r\u015fitul fiec\u0103rui an, are o alt\u0103 conforma\u0163ie. Dac\u0103, a\u015fa cum s-a \u00eent\u00e2mplat la municipiu acum \u015fi e posibil s\u0103 fie aceea\u015fi situa\u0163ie \u015fi la Consiliul Jude\u0163ean, el este constituit doar din bani aloca\u0163i cu destina\u0163ii, ca prefinan\u0163\u0103ri pentru proiecte cu fonduri europene. S\u0103 iei de acolo e, pe rom\u00e2ne\u015fte, pu\u015fc\u0103rie curat\u0103!<\/em>\u201d, a declarat Beianu.<\/p>\n\n\n\n<p><strong>VIDEO cu declara\u0163iile lui Beianu AICI: <\/strong><code>https:\/\/www.facebook.com\/1869080486709220\/videos\/243380117227205<\/code><\/p>\n\n\n\n<p>Printre r\u00e2sete ironice, Dumitru Beianu a l\u0103sat s\u0103 se \u00een\u0163eleag\u0103 faptul c\u0103, \u015fi dac\u0103 ar fi vrut s\u0103 utilizeze Mina excedentul pentru salariile de la DGASPC, speciali\u015ftii din CJ Giurgiu nu ar fi acceptat s\u0103 semneze a\u015fa ceva. Adic\u0103, un fel de, cum s\u0103-i cerem noi asta, c\u00e2nd e la mintea coco\u015fului c\u0103 nu se poate?<\/p>\n\n\n\n<p>Iat\u0103 ce au cerut, de fapt, PNL-i\u015ftii, la momentul cu pricina: <a href=\"https:\/\/www.facebook.com\/Giurgiu-Net-Oficial-1869080486709220\" target=\"_blank\" rel=\"noreferrer noopener\">https:\/\/www.facebook.com\/Giurgiu-Net-Oficial-1869080486709220<\/a><\/p>\n\n\n\n<figure class=\"wp-block-image size-full\"><img decoding=\"async\" src=\"https:\/\/giurgiu-net.ro\/wp-content\/uploads\/2021\/01\/Untitled.jpg\" alt=\"\" class=\"wp-image-74189\"\/><\/figure>\n\n\n\n<figure class=\"wp-block-image size-full\"><img decoding=\"async\" src=\"https:\/\/giurgiu-net.ro\/wp-content\/uploads\/2021\/01\/excedent-PNL.jpg\" alt=\"\" class=\"wp-image-74190\"\/><\/figure>\n\n\n\n<p>Din nefericire pentru giurgiuveni, tocmai a devenit clar ca lacrima c\u0103 PNL-i\u015ftii au min\u0163it \u015fi c\u0103 au f\u0103cut, la vremea respectiv\u0103, un simplu joc de imagine, \u00een timp ce oamenii de la DGASPC ajunseser\u0103 \u00een culmea disper\u0103rii.<\/p>\n\n\n\n<p>\u015ei, de asemenea, a devenit clar ca lacrima c\u0103 domnul Beianu nu mai \u0163ine minte at\u00e2t de bine chestiuni at\u00e2t de importante. \u015ei ar trebui, c\u0103 doar e ditamai politicianul, ba\u015fca \u015fef peste jude\u0163.<\/p>\n\n\n\n<p>E, p-asta s\u0103 n-o mai uita\u0163i, stima\u0163i giurgiuveni!<\/p>\n","protected":false},"excerpt":{"rendered":"<p>U\u015for, u\u015for, toate \u201en\u0103zdr\u0103v\u0103niile\u201d PNL-i\u015ftilor giurgiuveni, ca s\u0103 fim diploma\u0163i, ies la iveal\u0103. Ni se demonstreaz\u0103, pe zi ce trece, c\u0103 or fi ei \u201emae\u015ftri\u201d ai vorbelor, dar minciuna are picioare scurte. Probabil pentru c\u0103 n-apucase s\u0103 serveasc\u0103 masa de pr\u00e2nz \ud83d\ude00 \u015fi se resim\u0163ea, pre\u015fedintele CJ Giurgiu, Dumitru Beianu, i-a f\u0103cut de b\u0103\u015fc\u0103lie pe [&hellip;]<\/p>\n","protected":false},"author":1,"featured_media":0,"comment_status":"open","ping_status":"open","sticky":false,"template":"","format":"standard","meta":{"slim_seo":{"title":"Dumitru Beianu, prins cu m\u00e2\u0163a-n sac, \u00een cazul DGASPC Giurgiu \u015fi excedentul bugetar - GIURGIU NET","description":"U\u015for, u\u015for, toate \u201en\u0103zdr\u0103v\u0103niile\u201d PNL-i\u015ftilor giurgiuveni, ca s\u0103 fim diploma\u0163i, ies la iveal\u0103. Ni se demonstreaz\u0103, pe zi ce trece, c\u0103 or fi ei \u201emae\u015ftri\u201d ai vorb"},"footnotes":""},"categories":[18,19,25,26,28],"tags":[1004,1626],"class_list":{"0":"post-74188","1":"post","2":"type-post","3":"status-publish","4":"format-standard","6":"category-actual","7":"category-adm","8":"category-pol","9":"category-soc","10":"category-uo","11":"tag-dumitru-beianu","12":"tag-marian-mina"},"_links":{"self":[{"href":"https:\/\/giurgiu-net.ro\/index.php\/wp-json\/wp\/v2\/posts\/74188","targetHints":{"allow":["GET"]}}],"collection":[{"href":"https:\/\/giurgiu-net.ro\/index.php\/wp-json\/wp\/v2\/posts"}],"about":[{"href":"https:\/\/giurgiu-net.ro\/index.php\/wp-json\/wp\/v2\/types\/post"}],"author":[{"embeddable":true,"href":"https:\/\/giurgiu-net.ro\/index.php\/wp-json\/wp\/v2\/users\/1"}],"replies":[{"embeddable":true,"href":"https:\/\/giurgiu-net.ro\/index.php\/wp-json\/wp\/v2\/comments?post=74188"}],"version-history":[{"count":0,"href":"https:\/\/giurgiu-net.ro\/index.php\/wp-json\/wp\/v2\/posts\/74188\/revisions"}],"wp:attachment":[{"href":"https:\/\/giurgiu-net.ro\/index.php\/wp-json\/wp\/v2\/media?parent=74188"}],"wp:term":[{"taxonomy":"category","embeddable":true,"href":"https:\/\/giurgiu-net.ro\/index.php\/wp-json\/wp\/v2\/categories?post=74188"},{"taxonomy":"post_tag","embeddable":true,"href":"https:\/\/giurgiu-net.ro\/index.php\/wp-json\/wp\/v2\/tags?post=74188"}],"curies":[{"name":"wp","href":"https:\/\/api.w.org\/{rel}","templated":true}]}}