{"id":74175,"date":"2021-01-13T16:59:08","date_gmt":"2021-01-13T14:59:08","guid":{"rendered":"http:\/\/giurgiu-net.ro\/?p=74175"},"modified":"2021-01-13T16:59:08","modified_gmt":"2021-01-13T14:59:08","slug":"parlamentarii-psd-de-giurgiu-alaturi-de-sindicalistii-de-la-solidaritatea-sanitara-giurgiu","status":"publish","type":"post","link":"https:\/\/giurgiu-net.ro\/index.php\/2021\/01\/13\/parlamentarii-psd-de-giurgiu-alaturi-de-sindicalistii-de-la-solidaritatea-sanitara-giurgiu\/","title":{"rendered":"Parlamentarii PSD de Giurgiu, al\u0103turi de sindicali\u015ftii de la \u201eSolidaritatea Sanitar\u0103\u201d Giurgiu"},"content":{"rendered":"\n<p class=\"has-text-align-center\"><em><strong>M\u0103suri sporite de protec\u0163ie, drepturi pentru urma\u015fii cadrelor medicale care au murit din cauza COVID-19, aflate la datorie, drepturile salariale prev\u0103zute de lege sunt doar c\u00e2teva dintre revendic\u0103rile sindicali\u015ftilor de la \u201eSolidaritatea Sanitar\u0103\u201d. Liderul de la Giurgiu, Bogdan Vasilescu, s-a \u00eent\u00e2lnit, ast\u0103zi, cu deputa\u0163ii Marian Mina, Cristina Elena Dinu \u015fi cu senatorul Robert Cazanciuc.<\/strong><\/em><\/p>\n\n\n\n<figure class=\"wp-block-gallery columns-2 is-cropped wp-block-gallery-1 is-layout-flex wp-block-gallery-is-layout-flex\"><ul class=\"blocks-gallery-grid\"><li class=\"blocks-gallery-item\"><figure><img decoding=\"async\" src=\"https:\/\/giurgiu-net.ro\/wp-content\/uploads\/2021\/01\/DSC_0075-300x205.jpg\" alt=\"\" data-id=\"74180\" data-full-url=\"https:\/\/giurgiu-net.ro\/wp-content\/uploads\/2021\/01\/DSC_0075.jpg\" data-link=\"https:\/\/giurgiu-net.ro\/?attachment_id=74180\" class=\"wp-image-74180\"\/><\/figure><\/li><li class=\"blocks-gallery-item\"><figure><img decoding=\"async\" src=\"https:\/\/giurgiu-net.ro\/wp-content\/uploads\/2021\/01\/DSC_0078-300x194.jpg\" alt=\"\" data-id=\"74181\" data-full-url=\"https:\/\/giurgiu-net.ro\/wp-content\/uploads\/2021\/01\/DSC_0078.jpg\" data-link=\"https:\/\/giurgiu-net.ro\/?attachment_id=74181\" class=\"wp-image-74181\"\/><\/figure><\/li><li class=\"blocks-gallery-item\"><figure><img decoding=\"async\" src=\"https:\/\/giurgiu-net.ro\/wp-content\/uploads\/2021\/01\/DSC_0079-300x196.jpg\" alt=\"\" data-id=\"74182\" data-full-url=\"https:\/\/giurgiu-net.ro\/wp-content\/uploads\/2021\/01\/DSC_0079.jpg\" data-link=\"https:\/\/giurgiu-net.ro\/?attachment_id=74182\" class=\"wp-image-74182\"\/><\/figure><\/li><li class=\"blocks-gallery-item\"><figure><img decoding=\"async\" src=\"https:\/\/giurgiu-net.ro\/wp-content\/uploads\/2021\/01\/DSC_0088-300x204.jpg\" alt=\"\" data-id=\"74183\" data-full-url=\"https:\/\/giurgiu-net.ro\/wp-content\/uploads\/2021\/01\/DSC_0088.jpg\" data-link=\"https:\/\/giurgiu-net.ro\/?attachment_id=74183\" class=\"wp-image-74183\"\/><\/figure><\/li><li class=\"blocks-gallery-item\"><figure><img decoding=\"async\" src=\"https:\/\/giurgiu-net.ro\/wp-content\/uploads\/2021\/01\/DSC_0091-300x199.jpg\" alt=\"\" data-id=\"74184\" data-full-url=\"https:\/\/giurgiu-net.ro\/wp-content\/uploads\/2021\/01\/DSC_0091.jpg\" data-link=\"https:\/\/giurgiu-net.ro\/?attachment_id=74184\" class=\"wp-image-74184\"\/><\/figure><\/li><li class=\"blocks-gallery-item\"><figure><img decoding=\"async\" src=\"https:\/\/giurgiu-net.ro\/wp-content\/uploads\/2021\/01\/DSC_0095-300x190.jpg\" alt=\"\" data-id=\"74185\" data-full-url=\"https:\/\/giurgiu-net.ro\/wp-content\/uploads\/2021\/01\/DSC_0095.jpg\" data-link=\"https:\/\/giurgiu-net.ro\/?attachment_id=74185\" class=\"wp-image-74185\"\/><\/figure><\/li><li class=\"blocks-gallery-item\"><figure><img decoding=\"async\" src=\"https:\/\/giurgiu-net.ro\/wp-content\/uploads\/2021\/01\/DSC_0101-300x206.jpg\" alt=\"\" data-id=\"74186\" data-full-url=\"https:\/\/giurgiu-net.ro\/wp-content\/uploads\/2021\/01\/DSC_0101.jpg\" data-link=\"https:\/\/giurgiu-net.ro\/?attachment_id=74186\" class=\"wp-image-74186\"\/><\/figure><\/li><\/ul><\/figure>\n\n\n\n<p>Vasilescu le-a \u00eenm\u00e2nat celor trei un memoriu ce cuprinde toate solicit\u0103rile profesioni\u015ftilor din s\u0103n\u0103tate.<\/p>\n\n\n\n<p>\u201e<em>Profesioni\u015ftii din sistemul sanitar \u00ee\u015fi revendic\u0103 drepturile, iar noi, parlamentarii PSD de Giurgiu, \u00eei vom sus\u0163ine \u00een toate demersurile lor! Ne vom lupta, \u00een Parlamentul Rom\u00e2niei, ca toate revendic\u0103rile lor s\u0103 fie solu\u0163ionate!\u201d<\/em>, a declarat pre\u015fedintele PSD Giurgiu, deputatul Marian Mina.<\/p>\n\n\n\n<figure class=\"wp-block-image size-full\"><img decoding=\"async\" src=\"https:\/\/giurgiu-net.ro\/wp-content\/uploads\/2021\/01\/DSC_0080.jpg\" alt=\"\" class=\"wp-image-74176\"\/><\/figure>\n\n\n\n<p>La r\u00e2ndul s\u0103u, deputatul Cristina Elena Dinu a afirmat: <em>\u201eSuntem al\u0103turi de lucr\u0103torii din s\u0103n\u0103tate \u015fi \u00eei sus\u0163inem. Nu cred c\u0103 punem \u00een pericol siguran\u0163a statului sau bugetul de stat, dac\u0103 li se acord\u0103 eroilor \u00een alb drepturi, de altfel, prev\u0103zute de lege. Acest Guvern trebuie, \u00eenainte de toate, s\u0103 \u00eenve\u0163e s\u0103 respecte Legea!\u201d<\/em>.<\/p>\n\n\n\n<figure class=\"wp-block-image size-full\"><img decoding=\"async\" src=\"https:\/\/giurgiu-net.ro\/wp-content\/uploads\/2021\/01\/DSC_0083.jpg\" alt=\"\" class=\"wp-image-74177\"\/><\/figure>\n\n\n\n<p>Vicepre\u015fedinte al Senatului, Robert Cazanciuc, unul dintre co-ini\u0163iatorii legii privind acordarea unor drepturi legale urma\u015filor profesioni\u015ftilor din s\u0103n\u0103tate, deceda\u0163i la datorie, a declarat c\u0103 este de neacceptat faptul c\u0103 nu s-au g\u0103sit bani pentru 80 de oameni.<\/p>\n\n\n\n<figure class=\"wp-block-image size-full\"><img decoding=\"async\" src=\"https:\/\/giurgiu-net.ro\/wp-content\/uploads\/2021\/01\/DSC_0097.jpg\" alt=\"\" class=\"wp-image-74178\"\/><\/figure>\n\n\n\n<p>Profesioni\u015ftii din s\u0103n\u0103tate afilia\u0163i Sindicatului \u201eSolidaritatea Sanitar\u0103\u201d vor protesta, m\u00e2ine, \u00een toat\u0103 \u0163ara. La Giurgiu, manifesta\u0163ia va avea loc, de la ora 14.00, \u00een fa\u0163a Prefecturii Giurgiu.<\/p>\n\n\n\n<p>Revendic\u0103rile sindicali\u015ftilor le pute\u0163i g\u0103si AICI: <a rel=\"noreferrer noopener\" href=\"https:\/\/protest.solidaritatea-sanitara.ro\/?fbclid=IwAR05NfuE06QUi0xUxztKDMI0zCzGkWpypPQXbXzWnuQaVX_tGepbmfXAneM\" target=\"_blank\">https:\/\/protest.solidaritatea-sanitara.ro\/?fbclid=IwAR05NfuE06QUi0xUxztKDMI0zCzGkWpypPQXbXzWnuQaVX_tGepbmfXAneM<\/a><\/p>\n\n\n\n<p>C\u0103t\u0103lina Sfetcu<\/p>\n","protected":false},"excerpt":{"rendered":"<p>M\u0103suri sporite de protec\u0163ie, drepturi pentru urma\u015fii cadrelor medicale care au murit din cauza COVID-19, aflate la datorie, drepturile salariale prev\u0103zute de lege sunt doar c\u00e2teva dintre revendic\u0103rile sindicali\u015ftilor de la \u201eSolidaritatea Sanitar\u0103\u201d. Liderul de la Giurgiu, Bogdan Vasilescu, s-a \u00eent\u00e2lnit, ast\u0103zi, cu deputa\u0163ii Marian Mina, Cristina Elena Dinu \u015fi cu senatorul Robert Cazanciuc. Vasilescu [&hellip;]<\/p>\n","protected":false},"author":1,"featured_media":74179,"comment_status":"open","ping_status":"open","sticky":false,"template":"","format":"standard","meta":{"slim_seo":{"title":"Parlamentarii PSD de Giurgiu, al\u0103turi de sindicali\u015ftii de la \u201eSolidaritatea Sanitar\u0103\u201d Giurgiu - GIURGIU NET","description":"M\u0103suri sporite de protec\u0163ie, drepturi pentru urma\u015fii cadrelor medicale care au murit din cauza COVID-19, aflate la datorie, drepturile salariale prev\u0103zute de le"},"footnotes":""},"categories":[18,19,26,28],"tags":[2247],"class_list":{"0":"post-74175","1":"post","2":"type-post","3":"status-publish","4":"format-standard","5":"has-post-thumbnail","7":"category-actual","8":"category-adm","9":"category-soc","10":"category-uo","11":"tag-proteste-sanatate"},"_links":{"self":[{"href":"https:\/\/giurgiu-net.ro\/index.php\/wp-json\/wp\/v2\/posts\/74175","targetHints":{"allow":["GET"]}}],"collection":[{"href":"https:\/\/giurgiu-net.ro\/index.php\/wp-json\/wp\/v2\/posts"}],"about":[{"href":"https:\/\/giurgiu-net.ro\/index.php\/wp-json\/wp\/v2\/types\/post"}],"author":[{"embeddable":true,"href":"https:\/\/giurgiu-net.ro\/index.php\/wp-json\/wp\/v2\/users\/1"}],"replies":[{"embeddable":true,"href":"https:\/\/giurgiu-net.ro\/index.php\/wp-json\/wp\/v2\/comments?post=74175"}],"version-history":[{"count":0,"href":"https:\/\/giurgiu-net.ro\/index.php\/wp-json\/wp\/v2\/posts\/74175\/revisions"}],"wp:featuredmedia":[{"embeddable":true,"href":"https:\/\/giurgiu-net.ro\/index.php\/wp-json\/"}],"wp:attachment":[{"href":"https:\/\/giurgiu-net.ro\/index.php\/wp-json\/wp\/v2\/media?parent=74175"}],"wp:term":[{"taxonomy":"category","embeddable":true,"href":"https:\/\/giurgiu-net.ro\/index.php\/wp-json\/wp\/v2\/categories?post=74175"},{"taxonomy":"post_tag","embeddable":true,"href":"https:\/\/giurgiu-net.ro\/index.php\/wp-json\/wp\/v2\/tags?post=74175"}],"curies":[{"name":"wp","href":"https:\/\/api.w.org\/{rel}","templated":true}]}}