{"id":74144,"date":"2021-01-11T12:03:51","date_gmt":"2021-01-11T10:03:51","guid":{"rendered":"http:\/\/giurgiu-net.ro\/?p=74144"},"modified":"2021-01-11T12:03:51","modified_gmt":"2021-01-11T10:03:51","slug":"adevarata-romanie-proteste-ale-eroilor-din-linia-intai-in-lupta-cu-pandemia-lor-le-sunt-inghetate-salariile-in-timp-ce-buzunarele-smecherilor-se-umplu","status":"publish","type":"post","link":"https:\/\/giurgiu-net.ro\/index.php\/2021\/01\/11\/adevarata-romanie-proteste-ale-eroilor-din-linia-intai-in-lupta-cu-pandemia-lor-le-sunt-inghetate-salariile-in-timp-ce-buzunarele-smecherilor-se-umplu\/","title":{"rendered":"Adev\u0103rata Rom\u00e2nie: Proteste ale EROILOR din linia \u00eent\u00e2i \u00een lupta cu pandemia. Lor le sunt \u00eenghe\u0163ate salariile, \u00een timp ce buzunarele \u015fmecherilor se umplu"},"content":{"rendered":"\n<p>Aproape c\u0103 nu mai are sens s\u0103 ne amintim cine au fost cei care au ie\u015fit \u00een strad\u0103, \u00eempotriva PSD, dar mai ales motivele lor. Cele reale, nu propaganda ieftin\u0103 pe care nici cei mai \u00eenfiera\u0163i dintre rezisten\u0163i n-o \u00eenghi\u0163eau. C\u0103ci ei doar o molf\u0103iau ni\u0163el \u015fi-o scuipau, cu zgomot, \u00een public, cu ochii dup\u0103 noi adep\u0163i sp\u0103la\u0163i pe creier. \u015ei s\u0103 nu uita\u0163i!, treaba asta se \u00eent\u00e2mpla \u00een vremuri \u00een care tot multor rom\u00e2ni le mergea tot mai bine. Salariile cre\u015fteau, pensiile asemenea, aloca\u0163iile erau dublate, concedii de 4 ori pe an, facilit\u0103\u0163i peste facilit\u0103\u0163i \u015fi a\u015fa mai departe. Sigur, ne-am prins, rom\u00e2nului nu-i place cu binele. Ni se trage din \u201ecopil\u0103rie\u201d, f\u0103r\u0103 \u00eendoial\u0103.<\/p>\n\n\n\n<p>Aproape c\u0103 nu mai are sens s\u0103 ne amintim. Pentru c\u0103 mai important este ce se \u00eent\u00e2mpl\u0103, acum, \u00een \u0163ar\u0103. \u015ei c\u00e2t de pu\u0163in timp aloc\u0103 presa na\u0163ional\u0103 acestei realit\u0103\u0163i, fiind, pe fa\u0163\u0103, alimentat\u0103 cu leu\u0163i gr\u0103su\u0163i ca s\u0103 toace de diminea\u0163\u0103 \u015fi p\u00e2n\u0103 seara chestiunea vaccin\u0103rii \u015fi a COVID-19 \u00een sine.<\/p>\n\n\n\n<p>Medici, profesori, oameni ai legii, alte categorii de bugetari care intr\u0103 zilnic \u00een contact cu mii de persoane, cu to\u0163ii s-au trezit cu o dreapt\u0103(unit\u0103) peste ochi, dat\u0103 cu toat\u0103 Puterea.<\/p>\n\n\n\n<p>Salariile lor \u00eenghea\u0163\u0103, c\u0103 doar e ianuarie&#8230;<\/p>\n\n\n\n<p>Chiar \u015fi a\u015fa, ame\u0163i\u0163i din cauza loviturii cu premeditare, oamenii par preg\u0103ti\u0163i s\u0103 arate, de fapt, care-i Rom\u00e2nia adev\u0103rat\u0103 \u015fi cum arat\u0103 ea c\u00e2nd se revolt\u0103 pe bune. Deocamdat\u0103-s pu\u0163intei, pe ici pe colo, dar, probabil, cur\u00e2nd, foarte mul\u0163i, cei mai mul\u0163i vor fi peste tot!<\/p>\n\n\n\n<p>C\u0103ci, da, rom\u00e2nul ia atitudine pe bune c\u00e2nd \u00eei ajunge cu\u0163itul la os. Nu-l mai distreaz\u0103 nici raza cercului, nici capul lui Dragnea pe vreo tav\u0103, nici dou\u0103zeci dou\u0103zeci. C\u00e2nd \u00een\u0163elege c-a luat \u0163eap\u0103, sigur \u00eei pare r\u0103u c-a pupat pl\u0103cu\u0163a suedez\u0103, ca pe moa\u015fte, pe Facebook sau \u00een Pia\u0163a Victoriei.<\/p>\n\n\n\n<p>Apropo, cu ce v-a ajutat?!<\/p>\n\n\n\n<p>Pentru c\u0103 NU este normal ceea ce se \u00eent\u00e2mpl\u0103 \u00een \u0163ara noastr\u0103, indiferent ce spune C\u00ee\u0163u sau oricare ministru din triunghiul acesta al bermudelor de dreapta! Nu este normal. Pentru c\u0103, dac\u0103 tot vrem o \u0163ar\u0103 ca afar\u0103, s\u0103 \u00eencepem s\u0103 ne raport\u0103m cu totul la alte state, nu crede\u0163i?<\/p>\n\n\n\n<p>\u00cen alte state, <strong>ajutorul dat salaria\u0163ilor \u00een pandemie este consistent \u015fi nu-l cere nimeni \u00eenapoi! <\/strong>La ei de ce se poate? \u00cen alte state, s<strong>prijinul alocat firmelor din domeniile omor\u00e2te \u00eencet \u015fi sigur de pandemie este serios \u015fi dat periodic.<\/strong><\/p>\n\n\n\n<p><em><strong>Se mi\u015fc\u0103 lucrurile peste tot, se fac resuscit\u0103ri peste resuscit\u0103ri \u00een economiile altor state, doar noi \u00eel avem pe C\u00ee\u0163u, criza la noi \u00eencepe s\u0103 ating\u0103 apogeul \u015fi salariile trebuie s\u0103 \u00eenghe\u0163e. Inclusiv ale celor care lupt\u0103, de aproape un an, continuu cu un virus nemernic. A\u015fa m\u0103g\u0103rie&#8230; numai PNL-ul putea s-o \u00eembr\u0103\u0163i\u015feze.<\/strong><\/em><\/p>\n\n\n\n<p>\u00centotdeauna, c\u00e2nd a fost dreapta la putere, rom\u00e2nul a trebuit s\u0103 fie solidar. Cu to\u0163i ceilal\u0163i, cu toate companiile(cele mai multe str\u0103ine) \u015fi a scos din propriul buzunar bani ca s\u0103-i salveze pe cei care n-au s\u0103rit niciodat\u0103 ca s\u0103-l salveze pe el. Ba chiar l-au luat la mi\u015fto \u015fi l-au jignit, de c\u00e2te ori au avut ocazia.<\/p>\n\n\n\n<p>Dac\u0103, pe vremea odiosului PDL, a \u0163inut smiorc\u0103iala portocalie \u015fi-a t\u0103cut \u0163ara cuminte, \u00een timp ce era stoars\u0103 ca o l\u0103m\u00e2ie, avem a\u015fa, un feeling, c\u0103 de data asta, rom\u00e2nul e preg\u0103tit s\u0103 arate c\u0103 nu se va mai l\u0103sa c\u0103lcat \u00een picioare, exploatat, min\u0163it \u015fi sp\u0103lat pe creier!<\/p>\n\n\n\n<p>Avem curaj s\u0103 punem pariu!<\/p>\n","protected":false},"excerpt":{"rendered":"<p>Aproape c\u0103 nu mai are sens s\u0103 ne amintim cine au fost cei care au ie\u015fit \u00een strad\u0103, \u00eempotriva PSD, dar mai ales motivele lor. Cele reale, nu propaganda ieftin\u0103 pe care nici cei mai \u00eenfiera\u0163i dintre rezisten\u0163i n-o \u00eenghi\u0163eau. C\u0103ci ei doar o molf\u0103iau ni\u0163el \u015fi-o scuipau, cu zgomot, \u00een public, cu ochii dup\u0103 [&hellip;]<\/p>\n","protected":false},"author":1,"featured_media":74146,"comment_status":"open","ping_status":"open","sticky":false,"template":"","format":"standard","meta":{"slim_seo":{"title":"Adev\u0103rata Rom\u00e2nie: Proteste ale EROILOR din linia \u00eent\u00e2i \u00een lupta cu pandemia. Lor le sunt \u00eenghe\u0163ate salariile, \u00een timp ce buzunarele \u015fmecherilor se umplu - GIURGIU NET","description":"Aproape c\u0103 nu mai are sens s\u0103 ne amintim cine au fost cei care au ie\u015fit \u00een strad\u0103, \u00eempotriva PSD, dar mai ales motivele lor. Cele reale, nu propaganda ieftin\u0103 p"},"footnotes":""},"categories":[18,19,20,25,26,28],"tags":[2025],"class_list":{"0":"post-74144","1":"post","2":"type-post","3":"status-publish","4":"format-standard","5":"has-post-thumbnail","7":"category-actual","8":"category-adm","9":"category-edit","10":"category-pol","11":"category-soc","12":"category-uo","13":"tag-pnl"},"_links":{"self":[{"href":"https:\/\/giurgiu-net.ro\/index.php\/wp-json\/wp\/v2\/posts\/74144","targetHints":{"allow":["GET"]}}],"collection":[{"href":"https:\/\/giurgiu-net.ro\/index.php\/wp-json\/wp\/v2\/posts"}],"about":[{"href":"https:\/\/giurgiu-net.ro\/index.php\/wp-json\/wp\/v2\/types\/post"}],"author":[{"embeddable":true,"href":"https:\/\/giurgiu-net.ro\/index.php\/wp-json\/wp\/v2\/users\/1"}],"replies":[{"embeddable":true,"href":"https:\/\/giurgiu-net.ro\/index.php\/wp-json\/wp\/v2\/comments?post=74144"}],"version-history":[{"count":0,"href":"https:\/\/giurgiu-net.ro\/index.php\/wp-json\/wp\/v2\/posts\/74144\/revisions"}],"wp:featuredmedia":[{"embeddable":true,"href":"https:\/\/giurgiu-net.ro\/index.php\/wp-json\/"}],"wp:attachment":[{"href":"https:\/\/giurgiu-net.ro\/index.php\/wp-json\/wp\/v2\/media?parent=74144"}],"wp:term":[{"taxonomy":"category","embeddable":true,"href":"https:\/\/giurgiu-net.ro\/index.php\/wp-json\/wp\/v2\/categories?post=74144"},{"taxonomy":"post_tag","embeddable":true,"href":"https:\/\/giurgiu-net.ro\/index.php\/wp-json\/wp\/v2\/tags?post=74144"}],"curies":[{"name":"wp","href":"https:\/\/api.w.org\/{rel}","templated":true}]}}