{"id":74141,"date":"2021-01-08T14:11:51","date_gmt":"2021-01-08T12:11:51","guid":{"rendered":"http:\/\/giurgiu-net.ro\/?p=74141"},"modified":"2021-01-08T14:11:51","modified_gmt":"2021-01-08T12:11:51","slug":"greaua-mostenire-de-la-primaria-giurgiu-120-de-miliarde-lei-vechi-excedent-bugetar","status":"publish","type":"post","link":"https:\/\/giurgiu-net.ro\/index.php\/2021\/01\/08\/greaua-mostenire-de-la-primaria-giurgiu-120-de-miliarde-lei-vechi-excedent-bugetar\/","title":{"rendered":"&#8222;Greaua mo\u015ftenire&#8221; de la Prim\u0103ria Giurgiu: 120 de miliarde lei vechi, EXCEDENT bugetar"},"content":{"rendered":"\n<p>E dovedit\u0103. PNL-i\u015ftii, c\u00e2nd sunt \u00een Opozi\u0163ie, latr\u0103, iar c\u00e2nd ajung la Putere, schel\u0103l\u0103ie. A s\u0103r\u0103cie. A altora, nu a lor, evident. N-o s\u0103-i auzi\u0163i dec\u00e2t c\u0103, de\u015fi au promis marea cu sarea, n-au ce s\u0103 mai respecte, \u00eentruc\u00e2t predecesorii lor le-ar fi l\u0103sat vistieria goal\u0103. <\/p>\n\n\n\n<p>Cum au sim\u0163it fr\u00e2iele-n dreapta, se \u015fi pun pe bocit. Ba c\u0103 miroase a faliment, ba c\u0103 e ditamai criza, ba c\u0103 nu sunt bani pentru nimic, de zici c\u0103 i-a votat lumea ca s\u0103  fac\u0103 intense demonstra\u0163ii de jeleal\u0103 de dreapta, cu strig\u0103turi anti-st\u00e2nga. Iar la Prim\u0103ria Giurgiu a fost a mai a dracului boceal\u0103. <\/p>\n\n\n\n<p>PNL-istul Anghelescu s-a-nfoiat tot, precum gugu\u015fticul care atinge din gre\u015feal\u0103 o altitudine ce nu i se potrive\u015fte, \u015fi-a b\u0103gat \u00een sperie\u0163i \u00eentreaga urbe. &#8222;Pr\u0103p\u0103dul&#8221; pe care l-ar fi f\u0103cut Barbu(<em>laitmotiv \u00een justific\u0103rile liberalului, c\u00e2nd venea vorba despre \u00eent\u00e2rzierile la plata banilor pentru \u00eenso\u0163itorii persoanelor cu handicap<\/em>) a cuprins, iat\u0103, \u015fi vreo 120 de miliarde de lei excedent. Adic\u0103, bani avu\u0163i, dar necheltui\u0163i.<\/p>\n\n\n\n<p>Este o sum\u0103 deloc de neglijat, iar colegii de la Opinia Giurgiu explic\u0103 treaba AICI: <a rel=\"noreferrer noopener\" href=\"https:\/\/opiniagiurgiu.ro\/editorial\/bizarerie-dupa-ce-s-a-tavalit-a-sarakie-primarul-anghelescu-s-a-trezit-calare-pe-excedent-bugetar\/?fbclid=IwAR3goLV1DlxDH_8-NU1HJ-3B_k3iPmahu6PbhXMIpJ6VecNolVQZm9by_uk\" target=\"_blank\">https:\/\/opiniagiurgiu.ro\/editorial\/bizarerie-dupa-ce-s-a-tavalit-a-sarakie-primarul-anghelescu-s-a-trezit-calare-pe-excedent-bugetar\/?fbclid=IwAR3goLV1DlxDH_8-NU1HJ-3B_k3iPmahu6PbhXMIpJ6VecNolVQZm9by_uk<\/a><\/p>\n\n\n\n<p>Cu deosebit interes, dup\u0103 apari\u0163ia acestor informa\u0163ii, a\u015ftept\u0103m explica\u0163ii de la conducerea Prim\u0103riei Giurgiu pe aceast\u0103 tem\u0103. Unde s-au \u00eenregistrat aceste a\u015fa-zise economii? Puteau fi folosi\u0163i ace\u015fti bani pentru \u00eenso\u0163itorii persoanelor cu handicap? Dac\u0103 da, de ce nu au fost folosi\u0163i? \u015ei, la fel de important, de ce, dac\u0103 spune c\u0103 este un politician corect, dl primar n-a amintit \u015fi despre aceast\u0103 sum\u0103, \u00een declara\u0163iile sale apocaliptice?<\/p>\n\n\n\n<p><\/p>\n","protected":false},"excerpt":{"rendered":"<p>E dovedit\u0103. PNL-i\u015ftii, c\u00e2nd sunt \u00een Opozi\u0163ie, latr\u0103, iar c\u00e2nd ajung la Putere, schel\u0103l\u0103ie. A s\u0103r\u0103cie. A altora, nu a lor, evident. N-o s\u0103-i auzi\u0163i dec\u00e2t c\u0103, de\u015fi au promis marea cu sarea, n-au ce s\u0103 mai respecte, \u00eentruc\u00e2t predecesorii lor le-ar fi l\u0103sat vistieria goal\u0103. Cum au sim\u0163it fr\u00e2iele-n dreapta, se \u015fi pun pe [&hellip;]<\/p>\n","protected":false},"author":1,"featured_media":44445,"comment_status":"open","ping_status":"open","sticky":false,"template":"","format":"standard","meta":{"slim_seo":{"title":"\"Greaua mo\u015ftenire\" de la Prim\u0103ria Giurgiu: 120 de miliarde lei vechi, EXCEDENT bugetar - GIURGIU NET","description":"E dovedit\u0103. PNL-i\u015ftii, c\u00e2nd sunt \u00een Opozi\u0163ie, latr\u0103, iar c\u00e2nd ajung la Putere, schel\u0103l\u0103ie. A s\u0103r\u0103cie. A altora, nu a lor, evident. N-o s\u0103-i auzi\u0163i dec\u00e2t c\u0103, de\u015f"},"footnotes":""},"categories":[18,25,28],"tags":[2025],"class_list":{"0":"post-74141","1":"post","2":"type-post","3":"status-publish","4":"format-standard","5":"has-post-thumbnail","7":"category-actual","8":"category-pol","9":"category-uo","10":"tag-pnl"},"_links":{"self":[{"href":"https:\/\/giurgiu-net.ro\/index.php\/wp-json\/wp\/v2\/posts\/74141","targetHints":{"allow":["GET"]}}],"collection":[{"href":"https:\/\/giurgiu-net.ro\/index.php\/wp-json\/wp\/v2\/posts"}],"about":[{"href":"https:\/\/giurgiu-net.ro\/index.php\/wp-json\/wp\/v2\/types\/post"}],"author":[{"embeddable":true,"href":"https:\/\/giurgiu-net.ro\/index.php\/wp-json\/wp\/v2\/users\/1"}],"replies":[{"embeddable":true,"href":"https:\/\/giurgiu-net.ro\/index.php\/wp-json\/wp\/v2\/comments?post=74141"}],"version-history":[{"count":0,"href":"https:\/\/giurgiu-net.ro\/index.php\/wp-json\/wp\/v2\/posts\/74141\/revisions"}],"wp:featuredmedia":[{"embeddable":true,"href":"https:\/\/giurgiu-net.ro\/index.php\/wp-json\/wp\/v2\/media\/44445"}],"wp:attachment":[{"href":"https:\/\/giurgiu-net.ro\/index.php\/wp-json\/wp\/v2\/media?parent=74141"}],"wp:term":[{"taxonomy":"category","embeddable":true,"href":"https:\/\/giurgiu-net.ro\/index.php\/wp-json\/wp\/v2\/categories?post=74141"},{"taxonomy":"post_tag","embeddable":true,"href":"https:\/\/giurgiu-net.ro\/index.php\/wp-json\/wp\/v2\/tags?post=74141"}],"curies":[{"name":"wp","href":"https:\/\/api.w.org\/{rel}","templated":true}]}}