{"id":74131,"date":"2021-01-07T16:00:41","date_gmt":"2021-01-07T14:00:41","guid":{"rendered":"http:\/\/giurgiu-net.ro\/?p=74131"},"modified":"2021-01-07T16:00:41","modified_gmt":"2021-01-07T14:00:41","slug":"deputatul-elena-dinu-dtimata-doamna-prefect-mai-usor-cu-pianul-pe-scari-si-lasati-specialistii-care-stiu-despre-ce-este-vorba-sa-faca-lucrurile-asa-cum-trebuie-pentru-sanatatea-oamenilor","status":"publish","type":"post","link":"https:\/\/giurgiu-net.ro\/index.php\/2021\/01\/07\/deputatul-elena-dinu-dtimata-doamna-prefect-mai-usor-cu-pianul-pe-scari-si-lasati-specialistii-care-stiu-despre-ce-este-vorba-sa-faca-lucrurile-asa-cum-trebuie-pentru-sanatatea-oamenilor\/","title":{"rendered":"Deputatul Elena Dinu: &#8222;Stimat\u0103 doamn\u0103 prefect, mai u\u015for cu pianul pe sc\u0103ri \u015fi l\u0103sa\u0163i speciali\u015ftii, care \u015ftiu despre ce este vorba, s\u0103 fac\u0103 lucrurile a\u0219a cum trebuie pentru s\u0103n\u0103tatea oamenilor!&#8221;"},"content":{"rendered":"\n<p>Deputatul social-democrat giurgiuvean Cristina Elena Dinu a postat, pe pagina sa de Facebook, un mesaj legat de situa\u0163ia de la Spitalul Jude\u0163ean de Urgen\u0163\u0103 Giurgiu, dup\u0103 ce \u00een pres\u0103 a ap\u0103rut informa\u0163ia c\u0103 managerul unit\u0103\u0163ii sanitare \u015fi-a dat demisia.<\/p>\n\n\n\n<p>&#8222;<em><strong>Am aflat din pres\u0103 c\u0103 managerului Spitalului Jude\u0163ean de Urgen\u0163\u0103(SJU) Giurgiu i-a fost solicitat\u0103 demisia pentru c\u0103, dup\u0103 p\u0103rerea #prefectului Aneta Matei, ar fi tergiversat lucr\u0103rile pentru centrul de vaccinare din cadrul SJUG. \u00centr-o declara\u0163ie a doamnei prefect, sup\u0103rat\u0103 c\u0103 Giurgiu este #ultimul jude\u0163 din \u0163ar\u0103 \u00een care s-a \u00eenceput vaccinarea \u015fi dornic\u0103 s\u0103 se afirme \u00een fa\u0163a noii conduceri de la Palatul Victoria, aceasta a pasat responsabilitatea c\u0103tre conducerea Spitalului Jude\u0163ean Giurgiu, de\u015fi condi\u0163iile obiective demonstreaz\u0103 altceva.<\/strong><\/em><br \/><em>\u0218i a g\u0103sit \u0219i momentul oportun s\u0103 \u00eei cear\u0103 demisia!<br \/>Astfel, cronologic vorbind, #autoriza\u0163ia acestui punct de lucru a fost primit\u0103 de la DSP pe data de 31 decembrie. <br \/>Conform metodologiei, spa\u0163iul \u00een care trebuie s\u0103 se desf\u0103\u015foare activitatea de vaccinare trebuie s\u0103 respecte anumite circuite \u015fi standarde. De asemenea, trebuie desemnat personal specializat care \u00een condi\u021bii de siguran\u021b\u0103 s\u0103 desf\u0103\u0219oare aceast\u0103 activitate.<br \/>\u00cen consecin\u0163\u0103, aceste lucruri nu se puteau face, \u00een niciun caz, \u00een noaptea de Revelion.<br \/><\/em><\/p>\n\n\n\n<p><em><strong>Dar, ce a sup\u0103rat-o cel mai tare pe doamna prefect, care s-o fi g\u00e2ndit c\u0103 #vaccinarea se face printr-o simpl\u0103 rotire a unei baghete magice, a fost c\u0103 cei din conducerea SJU Giurgiu au refuzat s\u0103 accepte solicitarea a 400 de doze de vaccin pe care ar fi trebuit s\u0103 le administreze \u00een doar 2 zile, pentru c\u0103 at\u00e2t mai erau in termenul de valabilitate. \u015ei asta, ca s\u0103 poat\u0103 doamna prefect s\u0103 dea bine la Bucure\u015fti.<br \/>Conducerea Spitalului nu a dorit, \u00eens\u0103, s\u0103 pun\u0103 \u00een pericol via\u0163a personalului medical vaccinat.<\/strong><br \/>\u015ei asta, pentru c\u0103 procedura de vaccinare implic\u0103, pe l\u00e2ng\u0103 un triaj epidemiologic, o consulta\u0163ie medical\u0103 pentru a stabili starea de s\u0103n\u0103tate a celui care va fi vaccinat, administrarea propriu-zis\u0103 a vaccinului, \u015fi supravegherea timp de o or\u0103 a persoanei vaccinate.<br \/>\u00cen concluzie, #nu exista timpul fizic necesar pentru ceea ce \u015fi-ar fi dorit doamna prefect, dec\u00e2t cu riscul punerii \u00een pericol a vie\u0163ii persoanelor vaccinate. \u00cen plus, deoarece termenul de valabilitate al acestui vaccin ar fi expirat dup\u0103 aceste 2 zile, dac\u0103 ar fi r\u0103mas doze #neuitilizate \u015fi care ar fi trebuit aruncate, tot conducerea SJU Giurgiu ar fi r\u0103spuns pentru asta.<br \/>A\u015fa c\u0103, stimat\u0103 doamn\u0103 prefect, mai u\u015for cu pianul pe sc\u0103ri \u015fi l\u0103sa\u0163i speciali\u015ftii, care \u015ftiu despre ce este vorba, s\u0103 fac\u0103 lucrurile a\u0219a cum trebuie pentru s\u0103n\u0103tatea oamenilor!<\/em>&#8222;, a scris deputatul Cristina Elena Dinu, pe Facebook.<\/p>\n","protected":false},"excerpt":{"rendered":"<p>Deputatul social-democrat giurgiuvean Cristina Elena Dinu a postat, pe pagina sa de Facebook, un mesaj legat de situa\u0163ia de la Spitalul Jude\u0163ean de Urgen\u0163\u0103 Giurgiu, dup\u0103 ce \u00een pres\u0103 a ap\u0103rut informa\u0163ia c\u0103 managerul unit\u0103\u0163ii sanitare \u015fi-a dat demisia. &#8222;Am aflat din pres\u0103 c\u0103 managerului Spitalului Jude\u0163ean de Urgen\u0163\u0103(SJU) Giurgiu i-a fost solicitat\u0103 demisia pentru [&hellip;]<\/p>\n","protected":false},"author":1,"featured_media":74132,"comment_status":"open","ping_status":"open","sticky":false,"template":"","format":"standard","meta":{"slim_seo":{"title":"Deputatul Elena Dinu: \"Stimat\u0103 doamn\u0103 prefect, mai u\u015for cu pianul pe sc\u0103ri \u015fi l\u0103sa\u0163i speciali\u015ftii, care \u015ftiu despre ce este vorba, s\u0103 fac\u0103 lucrurile a\u0219a cum trebuie pentru s\u0103n\u0103tatea oamenilor!\" - GIURGIU NET","description":"Deputatul social-democrat giurgiuvean Cristina Elena Dinu a postat, pe pagina sa de Facebook, un mesaj legat de situa\u0163ia de la Spitalul Jude\u0163ean de Urgen\u0163\u0103 Giur"},"footnotes":""},"categories":[18,19,26,28],"tags":[1025],"class_list":{"0":"post-74131","1":"post","2":"type-post","3":"status-publish","4":"format-standard","5":"has-post-thumbnail","7":"category-actual","8":"category-adm","9":"category-soc","10":"category-uo","11":"tag-elena-dinu"},"_links":{"self":[{"href":"https:\/\/giurgiu-net.ro\/index.php\/wp-json\/wp\/v2\/posts\/74131","targetHints":{"allow":["GET"]}}],"collection":[{"href":"https:\/\/giurgiu-net.ro\/index.php\/wp-json\/wp\/v2\/posts"}],"about":[{"href":"https:\/\/giurgiu-net.ro\/index.php\/wp-json\/wp\/v2\/types\/post"}],"author":[{"embeddable":true,"href":"https:\/\/giurgiu-net.ro\/index.php\/wp-json\/wp\/v2\/users\/1"}],"replies":[{"embeddable":true,"href":"https:\/\/giurgiu-net.ro\/index.php\/wp-json\/wp\/v2\/comments?post=74131"}],"version-history":[{"count":0,"href":"https:\/\/giurgiu-net.ro\/index.php\/wp-json\/wp\/v2\/posts\/74131\/revisions"}],"wp:featuredmedia":[{"embeddable":true,"href":"https:\/\/giurgiu-net.ro\/index.php\/wp-json\/"}],"wp:attachment":[{"href":"https:\/\/giurgiu-net.ro\/index.php\/wp-json\/wp\/v2\/media?parent=74131"}],"wp:term":[{"taxonomy":"category","embeddable":true,"href":"https:\/\/giurgiu-net.ro\/index.php\/wp-json\/wp\/v2\/categories?post=74131"},{"taxonomy":"post_tag","embeddable":true,"href":"https:\/\/giurgiu-net.ro\/index.php\/wp-json\/wp\/v2\/tags?post=74131"}],"curies":[{"name":"wp","href":"https:\/\/api.w.org\/{rel}","templated":true}]}}