{"id":74082,"date":"2020-12-29T15:02:16","date_gmt":"2020-12-29T13:02:16","guid":{"rendered":"http:\/\/giurgiu-net.ro\/?p=74082"},"modified":"2020-12-29T15:02:16","modified_gmt":"2020-12-29T13:02:16","slug":"colegii-din-psd-giurgiu-alaturi-de-presedintele-marian-mina-in-aceste-zile-grele","status":"publish","type":"post","link":"https:\/\/giurgiu-net.ro\/index.php\/2020\/12\/29\/colegii-din-psd-giurgiu-alaturi-de-presedintele-marian-mina-in-aceste-zile-grele\/","title":{"rendered":"Colegii din PSD Giurgiu, al\u0103turi de pre\u015fedintele Marian Mina, \u00een aceste zile grele"},"content":{"rendered":"\n<p>\u00cen ultima \u00eent\u00e2lnire cu presa local\u0103, din acest an, ast\u0103zi, deputatul Cristina Elena Dinu \u015fi senatorul Robert Cazanciuc i-au transmis pre\u015fedintelui PSD Giurgiu, Marian Mina, greu \u00eencercat, dup\u0103 trecerea \u00een nefiin\u0163\u0103 a fratelui s\u0103u, c\u0103 \u00eei sunt al\u0103turi.<\/p>\n\n\n\n<p>\u201ePre\u015fedintele Marian Mina trece printr-o perioad\u0103 foarte grea, dup\u0103 ce fratele s\u0103u a trecut \u00een nefiin\u0163\u0103. Nu exist\u0103 ceva mai greu dec\u00e2t s\u0103 pierzi pe cineva at\u00e2t de apropiat! Ne exprim\u0103m regretul fa\u0163\u0103 de pierderea sa, \u00eei suntem al\u0103turi \u015fi \u00eei dorim s\u0103 fie puternic!\u201d, au transmis cei doi parlamentari giurgiuveni.<\/p>\n\n\n\n<p>\u015etim c\u0103, \u00een aceste momente at\u00e2t de grele, cuvintele aproape c\u0103 nu mai au rost. \u00cens\u0103 \u00eei transmitem \u015fi noi pre\u015fedintelui Marian Mina c\u0103 nu este singur, c\u0103 suntem al\u0103turi de el \u015fi c\u0103 trebuie s\u0103 fie puternic pentru to\u0163i cei care sunt aici, l\u00e2ng\u0103 el.<\/p>\n\n\n\n<p>Fratele lui Marian Mina, Dan Mina, s-a stins ieri din via\u0163\u0103. <strong>Trupul ne\u00eensufle\u0163it va fi depus ast\u0103zi, la Capela Bisericii \u201eSf. Gheorghe\u201d. \u00cenmorm\u00e2ntarea va avea loc m\u00e2ine, Dan Mina urm\u00e2nd s\u0103 fie condus pe ultimul drum la Cimitirul \u201eSf. Haralambie\u201d, de pe \u015foseaua Sloboziei<\/strong>.<\/p>\n\n\n\n<p>Dumnezeu s\u0103 \u00eel odihneasc\u0103!<\/p>\n","protected":false},"excerpt":{"rendered":"<p>\u00cen ultima \u00eent\u00e2lnire cu presa local\u0103, din acest an, ast\u0103zi, deputatul Cristina Elena Dinu \u015fi senatorul Robert Cazanciuc i-au transmis pre\u015fedintelui PSD Giurgiu, Marian Mina, greu \u00eencercat, dup\u0103 trecerea \u00een nefiin\u0163\u0103 a fratelui s\u0103u, c\u0103 \u00eei sunt al\u0103turi. \u201ePre\u015fedintele Marian Mina trece printr-o perioad\u0103 foarte grea, dup\u0103 ce fratele s\u0103u a trecut \u00een nefiin\u0163\u0103. Nu [&hellip;]<\/p>\n","protected":false},"author":1,"featured_media":74083,"comment_status":"open","ping_status":"open","sticky":false,"template":"","format":"standard","meta":{"slim_seo":{"title":"Colegii din PSD Giurgiu, al\u0103turi de pre\u015fedintele Marian Mina, \u00een aceste zile grele - GIURGIU NET","description":"\u00cen ultima \u00eent\u00e2lnire cu presa local\u0103, din acest an, ast\u0103zi, deputatul Cristina Elena Dinu \u015fi senatorul Robert Cazanciuc i-au transmis pre\u015fedintelui PSD Giurgiu,"},"footnotes":""},"categories":[18,26,28],"tags":[2256],"class_list":{"0":"post-74082","1":"post","2":"type-post","3":"status-publish","4":"format-standard","5":"has-post-thumbnail","7":"category-actual","8":"category-soc","9":"category-uo","10":"tag-psd-giurgiu"},"_links":{"self":[{"href":"https:\/\/giurgiu-net.ro\/index.php\/wp-json\/wp\/v2\/posts\/74082","targetHints":{"allow":["GET"]}}],"collection":[{"href":"https:\/\/giurgiu-net.ro\/index.php\/wp-json\/wp\/v2\/posts"}],"about":[{"href":"https:\/\/giurgiu-net.ro\/index.php\/wp-json\/wp\/v2\/types\/post"}],"author":[{"embeddable":true,"href":"https:\/\/giurgiu-net.ro\/index.php\/wp-json\/wp\/v2\/users\/1"}],"replies":[{"embeddable":true,"href":"https:\/\/giurgiu-net.ro\/index.php\/wp-json\/wp\/v2\/comments?post=74082"}],"version-history":[{"count":0,"href":"https:\/\/giurgiu-net.ro\/index.php\/wp-json\/wp\/v2\/posts\/74082\/revisions"}],"wp:featuredmedia":[{"embeddable":true,"href":"https:\/\/giurgiu-net.ro\/index.php\/wp-json\/"}],"wp:attachment":[{"href":"https:\/\/giurgiu-net.ro\/index.php\/wp-json\/wp\/v2\/media?parent=74082"}],"wp:term":[{"taxonomy":"category","embeddable":true,"href":"https:\/\/giurgiu-net.ro\/index.php\/wp-json\/wp\/v2\/categories?post=74082"},{"taxonomy":"post_tag","embeddable":true,"href":"https:\/\/giurgiu-net.ro\/index.php\/wp-json\/wp\/v2\/tags?post=74082"}],"curies":[{"name":"wp","href":"https:\/\/api.w.org\/{rel}","templated":true}]}}