{"id":74079,"date":"2020-12-28T12:30:56","date_gmt":"2020-12-28T10:30:56","guid":{"rendered":"http:\/\/giurgiu-net.ro\/?p=74079"},"modified":"2020-12-28T12:30:56","modified_gmt":"2020-12-28T10:30:56","slug":"vreme-calda-pentru-aceasta-perioada-la-giurgiu-cum-va-fi-de-revelion","status":"publish","type":"post","link":"https:\/\/giurgiu-net.ro\/index.php\/2020\/12\/28\/vreme-calda-pentru-aceasta-perioada-la-giurgiu-cum-va-fi-de-revelion\/","title":{"rendered":"Vreme cald\u0103, pentru aceast\u0103 perioad\u0103, la Giurgiu. Cum va fi de Revelion?"},"content":{"rendered":"\n<p>Dup\u0103 ultimele zile \u00een care am avut ploi, v\u00e2nt puternic \u015fi temperaturi sc\u0103zute, la Giurgiu putem spune c\u0103, p\u00e2n\u0103 vineri, avem vreme de prim\u0103var\u0103.<\/p>\n\n\n\n<p>Maximele vor fi cuprinse \u00eentre 15 \u015fi 16 grade, \u00een timp ce minimele vor fi \u00eentre 3 \u015fi 8 grade Celsius. Cerul va fi mai mult senin, p\u00e2n\u0103 joi, 31 decembrie, c\u00e2nd sunt a\u015fteptate ploi, \u00eens\u0103 maxima va fi de 15 grade Celsius. \u00cen noaptea de Anul Nou vom avea o minim\u0103 de 3 grade, iar \u00een prima zi din 2021, maxima nu va mai  trece de 9 grade Celsius.<\/p>\n\n\n\n<figure class=\"wp-block-image size-full\"><img decoding=\"async\" src=\"https:\/\/giurgiu-net.ro\/wp-content\/uploads\/2020\/12\/vrem.jpg\" alt=\"\" class=\"wp-image-74080\"\/><\/figure>\n","protected":false},"excerpt":{"rendered":"<p>Dup\u0103 ultimele zile \u00een care am avut ploi, v\u00e2nt puternic \u015fi temperaturi sc\u0103zute, la Giurgiu putem spune c\u0103, p\u00e2n\u0103 vineri, avem vreme de prim\u0103var\u0103. Maximele vor fi cuprinse \u00eentre 15 \u015fi 16 grade, \u00een timp ce minimele vor fi \u00eentre 3 \u015fi 8 grade Celsius. Cerul va fi mai mult senin, p\u00e2n\u0103 joi, 31 decembrie, [&hellip;]<\/p>\n","protected":false},"author":1,"featured_media":68215,"comment_status":"open","ping_status":"open","sticky":false,"template":"","format":"standard","meta":{"slim_seo":{"title":"Vreme cald\u0103, pentru aceast\u0103 perioad\u0103, la Giurgiu. Cum va fi de Revelion? - GIURGIU NET","description":"Dup\u0103 ultimele zile \u00een care am avut ploi, v\u00e2nt puternic \u015fi temperaturi sc\u0103zute, la Giurgiu putem spune c\u0103, p\u00e2n\u0103 vineri, avem vreme de prim\u0103var\u0103. Maximele vor fi"},"footnotes":""},"categories":[18,26,28],"tags":[2782],"class_list":{"0":"post-74079","1":"post","2":"type-post","3":"status-publish","4":"format-standard","5":"has-post-thumbnail","7":"category-actual","8":"category-soc","9":"category-uo","10":"tag-vreme"},"_links":{"self":[{"href":"https:\/\/giurgiu-net.ro\/index.php\/wp-json\/wp\/v2\/posts\/74079","targetHints":{"allow":["GET"]}}],"collection":[{"href":"https:\/\/giurgiu-net.ro\/index.php\/wp-json\/wp\/v2\/posts"}],"about":[{"href":"https:\/\/giurgiu-net.ro\/index.php\/wp-json\/wp\/v2\/types\/post"}],"author":[{"embeddable":true,"href":"https:\/\/giurgiu-net.ro\/index.php\/wp-json\/wp\/v2\/users\/1"}],"replies":[{"embeddable":true,"href":"https:\/\/giurgiu-net.ro\/index.php\/wp-json\/wp\/v2\/comments?post=74079"}],"version-history":[{"count":0,"href":"https:\/\/giurgiu-net.ro\/index.php\/wp-json\/wp\/v2\/posts\/74079\/revisions"}],"wp:featuredmedia":[{"embeddable":true,"href":"https:\/\/giurgiu-net.ro\/index.php\/wp-json\/wp\/v2\/media\/68215"}],"wp:attachment":[{"href":"https:\/\/giurgiu-net.ro\/index.php\/wp-json\/wp\/v2\/media?parent=74079"}],"wp:term":[{"taxonomy":"category","embeddable":true,"href":"https:\/\/giurgiu-net.ro\/index.php\/wp-json\/wp\/v2\/categories?post=74079"},{"taxonomy":"post_tag","embeddable":true,"href":"https:\/\/giurgiu-net.ro\/index.php\/wp-json\/wp\/v2\/tags?post=74079"}],"curies":[{"name":"wp","href":"https:\/\/api.w.org\/{rel}","templated":true}]}}