{"id":74076,"date":"2020-12-28T12:26:12","date_gmt":"2020-12-28T10:26:12","guid":{"rendered":"http:\/\/giurgiu-net.ro\/?p=74076"},"modified":"2020-12-28T12:26:12","modified_gmt":"2020-12-28T10:26:12","slug":"zile-de-foc-pentru-pompierii-giurgiuveni-de-craciun","status":"publish","type":"post","link":"https:\/\/giurgiu-net.ro\/index.php\/2020\/12\/28\/zile-de-foc-pentru-pompierii-giurgiuveni-de-craciun\/","title":{"rendered":"Zile de foc pentru pompierii giurgiuveni, de Cr\u0103ciun"},"content":{"rendered":"\n<p>Pompierii giurgiuveni au fost prezen\u021bi la datorie 24 de ore din 24 pentru interven\u021bia imediat\u0103 la solicit\u0103rile cet\u0103\u021benilor \u0219i gestionarea optim\u0103 a situa\u021biilor de urgen\u021b\u0103, produse la nivel local.<\/p>\n\n\n\n<p>\u00cen ultimele zile, misiunile acestora au vizat, \u00een principal:<\/p>\n\n\n\n<ul class=\"wp-block-list\"><li><strong>stingerea unui incendiu izbucnit la un autoturism, \u00een localitatea Gostinari<\/strong><\/li><\/ul>\n\n\n\n<p>Incendiul a avut loc vineri, 25 decembrie a.c., \u00een jurul orei 01:20. La fa\u021ba locului s-au deplasat pompierii din cadrul G\u0103rzii de Interven\u021bie Coliba\u0219i, cu dou\u0103 autospeciale de stingere cu ap\u0103 \u0219i spum\u0103.<\/p>\n\n\n\n<p>\u00cen urma incendiului, au ars compartimentul motor, partea din fa\u021b\u0103 a autoturismului, mase plastice, cabluri electrice, dou\u0103 anvelope, u\u0219ile \u0219i geamurile din fa\u021b\u0103. Cauza probabil\u0103 de producere a incendiului a fost scurtcircuitul. <strong><\/strong><\/p>\n\n\n\n<ul class=\"wp-block-list\"><li><strong>stingerea unui incendiu izbucnit la tabloul electric al unei case din localitatea Obedeni<\/strong><\/li><\/ul>\n\n\n\n<p>Incendiul a avut loc vineri, 25 decembrie a.c., \u00een jurul orei 17:25. La fa\u021ba locului s-au deplasat pompierii din cadrul G\u0103rzii de Interven\u021bie Coliba\u0219i, cu dou\u0103 autospeciale de stingere cu ap\u0103 \u0219i spum\u0103.<\/p>\n\n\n\n<p>Au ars cabluri electrice \u0219i mase plastice, cauza probabil\u0103 de producere a incendiului fiind scurtcircuitul.<\/p>\n\n\n\n<ul class=\"wp-block-list\"><li><strong>stingerea unui incendiu izbucnit la o cas\u0103, \u00een localitatea Prundu<\/strong><\/li><\/ul>\n\n\n\n<p>Incendiul a avut loc vineri, 25 decembrie a.c., \u00een jurul orei 22:10. La fa\u021ba locului s-au deplasat pompierii din cadrul Punctului de Lucru Greaca \u0219i G\u0103rzii de Interven\u021bie Coliba\u0219i, cu dou\u0103 autospeciale de stingere cu ap\u0103 \u0219i spum\u0103.<\/p>\n\n\n\n<p>Ace\u0219tia au constatat faptul c\u0103 incendiul se manifesta la acoperi\u0219ul casei \u0219i \u00een hol \u0219i au ac\u021bionat pentru a limita propagarea fl\u0103c\u0103rilor la restul locuin\u021bei. \u00cen momentul \u00een care s-a produs evenimentul, \u00een imobil nu era nimeni, incendiul fiind observat de c\u0103tre vecini.<\/p>\n\n\n\n<p>\u00cen urma incendiului, au ars astereala din lemn, pe o suprafa\u021b\u0103 de aproximativ 40 mp \u0219i tavanul holului (circa 20 mp), construit din PVC \u0219i rigips.<\/p>\n\n\n\n<p>Cauza probabil\u0103 de producere a incendiului a fost scurtcircuitul (cablu electric defect).<\/p>\n\n\n\n<ul class=\"wp-block-list\"><li><strong>stingerea unui incendiu izbucnit la co\u0219ul de fum al unei case, \u00een localitatea Ghionea<\/strong><\/li><\/ul>\n\n\n\n<p>Incendiul a avut loc duminic\u0103, 27 decembrie a.c., \u00een jurul orei 00:25. La fa\u021ba locului s-au deplasat pompierii din cadrul Deta\u0219amentului Bolintin Deal, cu o autospecial\u0103 de stingere cu ap\u0103 \u0219i spum\u0103.<\/p>\n\n\n\n<p>\u00cen urma incendiului, a ars funinginea din interiorul co\u0219ului de fum, cel mai probabil din cauza faptului c\u0103 acesta nu a fost cur\u0103\u021bat corespunz\u0103tor sau era defect.<\/p>\n\n\n\n<ul class=\"wp-block-list\"><li><strong>stingerea unui incendiu izbucnit la o autoutilitar\u0103, \u00een localitatea S\u0103b\u0103reni<\/strong><\/li><\/ul>\n\n\n\n<p>Incendiul a avut loc duminic\u0103, 27 decembrie a.c., \u00een jurul orei 21:10. La fa\u021ba locului s-au deplasat pompierii din cadrul Deta\u0219amentului Bolintin Deal, cu o autospecial\u0103 de stingere cu ap\u0103 \u0219i spum\u0103. Autovehiculul era parcat \u00een apropierea unei gospod\u0103rii \u0219i a fost observat de mai multe persoane care au \u00eencercat s\u0103 sting\u0103 focul p\u00e2n\u0103 la sosirea pompierilor.&nbsp;<\/p>\n\n\n\n<p>\u00cen urma incendiului au ars compartimentul motor, cabina autoutilitarei \u0219i aproximativ 10 mp din gardul vecinilor, care era construit din lemn.<\/p>\n\n\n\n<p>Cauza probabil\u0103 a producerii incendiului a fost scurtcircuitul.<\/p>\n\n\n\n<ul class=\"wp-block-list\"><li><strong>acordarea asisten<\/strong><strong>\u021b<\/strong><strong>ei medicale de c\u0103tre echipajele SMURD<\/strong><strong> \u00een 52 de <\/strong><strong>situa\u021bii;<\/strong><\/li><li><strong>informarea cet\u0103\u021benilor cu privire la m\u0103surile de prevenire a r\u0103sp\u00e2ndirii infec\u021biei cu SARS-CoV-2, \u00een municipiul \u0219i jude\u021bul Giurgiu.<\/strong><\/li><\/ul>\n\n\n\n<p>Reamintim cet\u0103\u021benilor c\u0103 cea mai bun\u0103 metod\u0103 de combatere a acestei pandemii este adoptarea unui comportament responsabil, prin respectarea urm\u0103toarelor recomand\u0103ri:<\/p>\n\n\n\n<ul class=\"wp-block-list\"><li>folosi\u021bi, \u00een mod corect, masca de protec\u021bie, astfel \u00eenc\u00e2t s\u0103 v\u0103 acopere nasul \u0219i gura. Nu uita\u021bi s\u0103 o schimba\u021bi la fiecare 4 ore;<\/li><li>sp\u0103la\u021bi-v\u0103 pe m\u00e2ini cu ap\u0103 \u0219i s\u0103pun, cel pu\u021bin 20 de secunde;<\/li><li>nu v\u0103 atinge\u021bi ochii, nasul \u0219i gura cu m\u00e2inile neigienizate;<\/li><li>evita\u021bi locurile aglomerate unde sunteti expu\u0219i la contact direct sau la interac\u021biune cu un num\u0103r mare de persoane;<\/li><li>p\u0103stra\u021bi o distan\u021b\u0103 semnificativ\u0103, de un metru \u0219i jum\u0103tate, fa\u021b\u0103 de celelalte persoane pe care le \u00eent\u00e2lni\u021bi;<\/li><li>dac\u0103 v\u0103 afla\u021bi \u00een transportul \u00een comun \u00eencerca\u021bi s\u0103 nu sta\u021bi fa\u021b\u0103 \u00een fa\u021b\u0103 cu ceilal\u021bi c\u0103l\u0103tori;<\/li><li>limita\u021bi, c\u00e2t de mult pute\u021bi, orice contact direct cu alte persoane, \u00een afara celor care fac parte din familia restr\u00e2ns\u0103, prin gesturi cum ar fi: str\u00e2ngerea m\u00e2inilor, \u00eembr\u0103\u021bi\u0219\u0103rile, atingerea fe\u021bei cu m\u00e2inile;<\/li><li>evita\u021bi contactul cu suprafe\u021bele care sunt atinse \u00een mod frecvent \u0219i de alte persoane, precum: balustrade, clan\u021be, m\u00e2nere, butoane de lift sau de acces.<\/li><\/ul>\n\n\n\n<p>Comunicat de pres\u0103 ISU Giurgiu<\/p>\n","protected":false},"excerpt":{"rendered":"<p>Pompierii giurgiuveni au fost prezen\u021bi la datorie 24 de ore din 24 pentru interven\u021bia imediat\u0103 la solicit\u0103rile cet\u0103\u021benilor \u0219i gestionarea optim\u0103 a situa\u021biilor de urgen\u021b\u0103, produse la nivel local. \u00cen ultimele zile, misiunile acestora au vizat, \u00een principal: stingerea unui incendiu izbucnit la un autoturism, \u00een localitatea Gostinari Incendiul a avut loc vineri, 25 decembrie [&hellip;]<\/p>\n","protected":false},"author":1,"featured_media":74077,"comment_status":"open","ping_status":"open","sticky":false,"template":"","format":"standard","meta":{"slim_seo":{"title":"Zile de foc pentru pompierii giurgiuveni, de Cr\u0103ciun - GIURGIU NET","description":"Pompierii giurgiuveni au fost prezen\u021bi la datorie 24 de ore din 24 pentru interven\u021bia imediat\u0103 la solicit\u0103rile cet\u0103\u021benilor \u0219i gestionarea optim\u0103 a situa\u021biilor d"},"footnotes":""},"categories":[18,26,28],"tags":[1452],"class_list":{"0":"post-74076","1":"post","2":"type-post","3":"status-publish","4":"format-standard","5":"has-post-thumbnail","7":"category-actual","8":"category-soc","9":"category-uo","10":"tag-isu-giurgiu"},"_links":{"self":[{"href":"https:\/\/giurgiu-net.ro\/index.php\/wp-json\/wp\/v2\/posts\/74076","targetHints":{"allow":["GET"]}}],"collection":[{"href":"https:\/\/giurgiu-net.ro\/index.php\/wp-json\/wp\/v2\/posts"}],"about":[{"href":"https:\/\/giurgiu-net.ro\/index.php\/wp-json\/wp\/v2\/types\/post"}],"author":[{"embeddable":true,"href":"https:\/\/giurgiu-net.ro\/index.php\/wp-json\/wp\/v2\/users\/1"}],"replies":[{"embeddable":true,"href":"https:\/\/giurgiu-net.ro\/index.php\/wp-json\/wp\/v2\/comments?post=74076"}],"version-history":[{"count":0,"href":"https:\/\/giurgiu-net.ro\/index.php\/wp-json\/wp\/v2\/posts\/74076\/revisions"}],"wp:featuredmedia":[{"embeddable":true,"href":"https:\/\/giurgiu-net.ro\/index.php\/wp-json\/"}],"wp:attachment":[{"href":"https:\/\/giurgiu-net.ro\/index.php\/wp-json\/wp\/v2\/media?parent=74076"}],"wp:term":[{"taxonomy":"category","embeddable":true,"href":"https:\/\/giurgiu-net.ro\/index.php\/wp-json\/wp\/v2\/categories?post=74076"},{"taxonomy":"post_tag","embeddable":true,"href":"https:\/\/giurgiu-net.ro\/index.php\/wp-json\/wp\/v2\/tags?post=74076"}],"curies":[{"name":"wp","href":"https:\/\/api.w.org\/{rel}","templated":true}]}}