{"id":74071,"date":"2020-12-24T10:19:57","date_gmt":"2020-12-24T08:19:57","guid":{"rendered":"http:\/\/giurgiu-net.ro\/?p=74071"},"modified":"2020-12-24T10:19:57","modified_gmt":"2020-12-24T08:19:57","slug":"mesajul-de-craciun-al-presedintelui-psd-giurgiu-deputat-marian-mina","status":"publish","type":"post","link":"https:\/\/giurgiu-net.ro\/index.php\/2020\/12\/24\/mesajul-de-craciun-al-presedintelui-psd-giurgiu-deputat-marian-mina\/","title":{"rendered":"Mesajul de Cr\u0103ciun al pre\u015fedintelui PSD Giurgiu, deputat Marian Mina"},"content":{"rendered":"\n<p>&#8222;Dragi prieteni,<\/p>\n\n\n\n<p>\u00cemi doresc din suflet ca Sf\u00e2nta S\u0103rb\u0103toare a Cr\u0103ciunului s\u0103 v\u0103 g\u0103seasc\u0103 s\u0103n\u0103to\u015fi!<\/p>\n\n\n\n<p>Nimeni nu \u00ee\u015fi imagina c\u0103 am putea tr\u0103i asemenea vremuri, \u00eens\u0103 noi, rom\u00e2nii, am dovedit \u00eentotdeauna c\u0103 suntem puternici! \u015etiu c\u0103 vom trece cu bine \u015fi peste aceste \u00eencerc\u0103ri, important este s\u0103 nu ne pierdem speran\u0163a \u015fi s\u0103 r\u0103m\u00e2nem uni\u0163i!<\/p>\n\n\n\n<p>Vreau s\u0103 v\u0103 mul\u0163umesc \u00eenc\u0103 o dat\u0103 pentru \u00eencrederea pe care mi-a\u0163i acordat-o \u015fi v\u0103 asigur c\u0103 v\u0103 voi fi al\u0103turi, ca \u015fi p\u00e2n\u0103 acum!<\/p>\n\n\n\n<p>V\u0103 urez, tuturor, un Cr\u0103ciun lini\u015ftit, cei dragi s\u0103 v\u0103 fie aproape \u015fi s\u0103 v\u0103 bucura\u0163i de fiecare clip\u0103 petrecut\u0103 \u00eempreun\u0103!<\/p>\n\n\n\n<p>S\u0103rb\u0103tori fericite, dragi giurgiuveni!&#8221;- deputat Marian Mina, pre\u015fedinte PSD Giurgiu<\/p>\n","protected":false},"excerpt":{"rendered":"<p>&#8222;Dragi prieteni, \u00cemi doresc din suflet ca Sf\u00e2nta S\u0103rb\u0103toare a Cr\u0103ciunului s\u0103 v\u0103 g\u0103seasc\u0103 s\u0103n\u0103to\u015fi! Nimeni nu \u00ee\u015fi imagina c\u0103 am putea tr\u0103i asemenea vremuri, \u00eens\u0103 noi, rom\u00e2nii, am dovedit \u00eentotdeauna c\u0103 suntem puternici! \u015etiu c\u0103 vom trece cu bine \u015fi peste aceste \u00eencerc\u0103ri, important este s\u0103 nu ne pierdem speran\u0163a \u015fi s\u0103 r\u0103m\u00e2nem uni\u0163i! [&hellip;]<\/p>\n","protected":false},"author":1,"featured_media":74072,"comment_status":"open","ping_status":"open","sticky":false,"template":"","format":"standard","meta":{"slim_seo":{"title":"Mesajul de Cr\u0103ciun al pre\u015fedintelui PSD Giurgiu, deputat Marian Mina - GIURGIU NET","description":"\"Dragi prieteni, \u00cemi doresc din suflet ca Sf\u00e2nta S\u0103rb\u0103toare a Cr\u0103ciunului s\u0103 v\u0103 g\u0103seasc\u0103 s\u0103n\u0103to\u015fi! Nimeni nu \u00ee\u015fi imagina c\u0103 am putea tr\u0103i asemenea vremuri, \u00eens\u0103"},"footnotes":""},"categories":[18,26,28],"tags":[1626],"class_list":{"0":"post-74071","1":"post","2":"type-post","3":"status-publish","4":"format-standard","5":"has-post-thumbnail","7":"category-actual","8":"category-soc","9":"category-uo","10":"tag-marian-mina"},"_links":{"self":[{"href":"https:\/\/giurgiu-net.ro\/index.php\/wp-json\/wp\/v2\/posts\/74071","targetHints":{"allow":["GET"]}}],"collection":[{"href":"https:\/\/giurgiu-net.ro\/index.php\/wp-json\/wp\/v2\/posts"}],"about":[{"href":"https:\/\/giurgiu-net.ro\/index.php\/wp-json\/wp\/v2\/types\/post"}],"author":[{"embeddable":true,"href":"https:\/\/giurgiu-net.ro\/index.php\/wp-json\/wp\/v2\/users\/1"}],"replies":[{"embeddable":true,"href":"https:\/\/giurgiu-net.ro\/index.php\/wp-json\/wp\/v2\/comments?post=74071"}],"version-history":[{"count":0,"href":"https:\/\/giurgiu-net.ro\/index.php\/wp-json\/wp\/v2\/posts\/74071\/revisions"}],"wp:featuredmedia":[{"embeddable":true,"href":"https:\/\/giurgiu-net.ro\/index.php\/wp-json\/"}],"wp:attachment":[{"href":"https:\/\/giurgiu-net.ro\/index.php\/wp-json\/wp\/v2\/media?parent=74071"}],"wp:term":[{"taxonomy":"category","embeddable":true,"href":"https:\/\/giurgiu-net.ro\/index.php\/wp-json\/wp\/v2\/categories?post=74071"},{"taxonomy":"post_tag","embeddable":true,"href":"https:\/\/giurgiu-net.ro\/index.php\/wp-json\/wp\/v2\/tags?post=74071"}],"curies":[{"name":"wp","href":"https:\/\/api.w.org\/{rel}","templated":true}]}}