{"id":74000,"date":"2020-12-18T15:30:09","date_gmt":"2020-12-18T13:30:09","guid":{"rendered":"http:\/\/giurgiu-net.ro\/?p=74000"},"modified":"2020-12-18T15:30:09","modified_gmt":"2020-12-18T13:30:09","slug":"guvernul-pnl-rasplata-sau-pedeapsa-pentru-primarii-giurgiuveni-dupa-alegeri-cum-s-au-impartit-banii-din-fondul-de-rezerva-9-noua-2-voua","status":"publish","type":"post","link":"https:\/\/giurgiu-net.ro\/index.php\/2020\/12\/18\/guvernul-pnl-rasplata-sau-pedeapsa-pentru-primarii-giurgiuveni-dupa-alegeri-cum-s-au-impartit-banii-din-fondul-de-rezerva-9-noua-2-voua\/","title":{"rendered":"Guvernul PNL, R\u0102SPLAT\u0102 sau PEDEAPS\u0102 pentru primarii giurgiuveni, dup\u0103 alegeri?! Cum s-au \u00eemp\u0103r\u0163it banii din fondul de rezerv\u0103? 9 nou\u0103, 2 vou\u0103"},"content":{"rendered":"\n<p class=\"has-text-align-center wp-block-paragraph\"><em><strong>Am fi \u00eenceput prin a spune c\u0103 exact a\u015fa f\u0103cea odiosul PDL, dar am fi gre\u015fit. Pentru c\u0103 vechiul PDL era mic copil pe l\u00e2ng\u0103 combina\u0163ia asta dintre portocalii \u015fi galbeni, at\u00e2t de nefericit\u0103 pentru Rom\u00e2nia. Ca s\u0103 fim diploma\u0163i. Cel mai r\u0103u este c\u0103 fac tot ce doresc, pe fa\u0163\u0103, f\u0103r\u0103 nicio rezerv\u0103.<\/strong><\/em><\/p>\n\n\n\n<p class=\"wp-block-paragraph\">La ei e clar: <em>nu e\u015fti cu noi, e\u015fti \u00eempotriva noastr\u0103<\/em>. A spus-o, mai voalat, chiar Dumitru Beianu, \u00eentr-o emisiune ajuns\u0103 celebr\u0103 la nivel na\u0163ional. <em>Primarii care nu trec de partea puterii nu vor primi acela\u015fi sprijin ca aceia care o fac.<\/em> Asta a fost concluzia \u015fi s-a adeverit.<\/p>\n\n\n\n<p class=\"wp-block-paragraph\">Suntem ca-ntr-o poveste de speriat copiii care nu-s cumin\u0163i, cu un fel de Dumnezeu mai mult r\u0103zbun\u0103tor dec\u00e2t bun.<\/p>\n\n\n\n<p class=\"wp-block-paragraph\"><em><strong>Primarii loiali PSD, oameni care nu s-au l\u0103sat speria\u0163i, intimida\u0163i, ademeni\u0163i au fost, se pare, pedepsi\u0163i \u015fi la ultima rectificare bugetar\u0103, dar, iat\u0103, \u015fi la alocarea unor bani din fondul de rezerv\u0103.<\/strong><\/em><\/p>\n\n\n\n<p class=\"wp-block-paragraph\">Guvernul a emis ast\u0103zi o Hot\u0103r\u00e2re privind alocarea unei sume din Fondul de rezerv\u0103 bugetar\u0103, banii fiind destina\u0163i <em>finan\u0163\u0103rii cheltuielilor de func\u0163ionare p\u00e2n\u0103 la sf\u00e2r\u015fitul anului 2020, precum \u015fi pentru finan\u0163area cheltuielilor necesare asigur\u0103rii activit\u0103\u0163ii de asisten\u0163\u0103 social\u0103 \u015fi de protec\u0163ia a copilului, pentru luna noiembrie 2020<\/em>.<\/p>\n\n\n\n<p class=\"wp-block-paragraph\">Cea mai mare sum\u0103 a primit-o Consiliul Jude\u0163ean Giurgiu condus de PNL-istul Dumitru Beianu. O treime din cele 6.000 mii de lei a primit municipiul, fiind urmat de comunele Comana \u015fi Ghimpa\u0163i cu 1.000, respectiv 1.050 mii de lei.<\/p>\n\n\n\n<p class=\"wp-block-paragraph\"><strong>Sume enorme<\/strong> au primit doar unit\u0103\u0163ile administrativ-teritoriale conduse de primari PNL(<em>cei mai mul\u0163i fiind aceia care au s\u0103rit din barca PSD, \u00eenainte de locale<\/em>), \u00eens\u0103 b\u0103nu\u0163i frumu\u015fei au primit \u015fi unii primari PSD. \u00cen acest ultim caz, ce \u201ecoinciden\u0163\u0103\u201d, este vorba despre comunele unde PNL a ob\u0163inut scoruri bune. Din nou, ca s\u0103 fim diploma\u0163i&#8230;<\/p>\n\n\n\n<p class=\"wp-block-paragraph\"><strong>B\u0103taie de joc \u015fi umilin\u0163\u0103 la greu, pentru giurgiuvenii care locuiesc \u00een comune unde a c\u00e2\u015ftigat PSD la parlamentare.<\/strong><\/p>\n\n\n\n<p class=\"wp-block-paragraph\">Buturugeni, G\u0103ujani, Greaca, M\u00e2r\u015fa, Slobozia, St\u0103ne\u015fti, Ulmi au luat o mare, mare&#8230; \u0163eap\u0103, sumele primite de la Guvern nedep\u0103\u015find 100 mii lei.<\/p>\n\n\n\n<figure class=\"wp-block-image size-full\"><img decoding=\"async\" src=\"https:\/\/giurgiu-net.ro\/wp-content\/uploads\/2020\/12\/gr-1.jpg\" alt=\"\" class=\"wp-image-74001\"\/><\/figure>\n\n\n\n<figure class=\"wp-block-image size-full\"><img decoding=\"async\" src=\"https:\/\/giurgiu-net.ro\/wp-content\/uploads\/2020\/12\/gr-2.jpg\" alt=\"\" class=\"wp-image-74002\"\/><\/figure>\n\n\n\n<figure class=\"wp-block-image size-full\"><img decoding=\"async\" src=\"https:\/\/giurgiu-net.ro\/wp-content\/uploads\/2020\/12\/gr-3.jpg\" alt=\"\" class=\"wp-image-74003\"\/><\/figure>\n\n\n\n<p class=\"wp-block-paragraph\">Nu v\u0103 este ru\u015fine, b\u0103i, PNL-i\u015fti s\u0103 pedepsi\u0163i ni\u015fte comunit\u0103\u0163i \u00een halul \u0103sta, doar pentru c\u0103 nu v-au f\u0103cut vou\u0103 procentul mai mare la ultimele alegeri?<\/p>\n\n\n\n<p class=\"wp-block-paragraph\">Cu ce sunt vinova\u0163i cei cu dizabilit\u0103\u0163i sau \u00eenso\u0163itorii acestora sau angaja\u0163ii prim\u0103riilor sau cet\u0103\u0163enii, \u00een general? C\u00e2nd o s\u0103 guverna\u0163i, b\u0103i, pentru to\u0163i rom\u00e2nii? C\u00e2nd o s\u0103 termina\u0163i, fra\u0163ilor, cu genul \u0103sta de politic\u0103? C\u00e2nd o s\u0103 facem \u015fi noi din \u0163ara asta ceea ce doar pretindem c\u0103 vrem s\u0103 facem?<\/p>\n\n\n\n<p class=\"wp-block-paragraph\">C\u00e2nd?<\/p>\n\n\n\n<p class=\"wp-block-paragraph\">\u00cen ritmul \u0103sta, chiar \u015fi cu Van Damme premier, nu v\u0103 d\u0103m mai mult de un an la guvernare, c\u0103 v\u0103 t\u0103bar\u0103 lumea cu \u201efurci \u015fi topoare\u201d. Pariu?<\/p>\n","protected":false},"excerpt":{"rendered":"<p>Am fi \u00eenceput prin a spune c\u0103 exact a\u015fa f\u0103cea odiosul PDL, dar am fi gre\u015fit. Pentru c\u0103 vechiul PDL era mic copil pe l\u00e2ng\u0103 combina\u0163ia asta dintre portocalii \u015fi galbeni, at\u00e2t de nefericit\u0103 pentru Rom\u00e2nia. Ca s\u0103 fim diploma\u0163i. Cel mai r\u0103u este c\u0103 fac tot ce doresc, pe fa\u0163\u0103, f\u0103r\u0103 nicio rezerv\u0103. La [&hellip;]<\/p>\n","protected":false},"author":1,"featured_media":74004,"comment_status":"open","ping_status":"open","sticky":false,"template":"","format":"standard","meta":{"slim_seo":{"title":"Guvernul PNL, R\u0102SPLAT\u0102 sau PEDEAPS\u0102 pentru primarii giurgiuveni, dup\u0103 alegeri?! Cum s-au \u00eemp\u0103r\u0163it banii din fondul de rezerv\u0103? 9 nou\u0103, 2 vou\u0103 - GIURGIU NET","description":"Am fi \u00eenceput prin a spune c\u0103 exact a\u015fa f\u0103cea odiosul PDL, dar am fi gre\u015fit. Pentru c\u0103 vechiul PDL era mic copil pe l\u00e2ng\u0103 combina\u0163ia asta dintre portocalii \u015fi g"},"footnotes":""},"categories":[18,19,25,26,28],"tags":[2025],"class_list":["post-74000","post","type-post","status-publish","format-standard","has-post-thumbnail","category-actual","category-adm","category-pol","category-soc","category-uo","tag-pnl"],"_links":{"self":[{"href":"https:\/\/giurgiu-net.ro\/index.php\/wp-json\/wp\/v2\/posts\/74000","targetHints":{"allow":["GET"]}}],"collection":[{"href":"https:\/\/giurgiu-net.ro\/index.php\/wp-json\/wp\/v2\/posts"}],"about":[{"href":"https:\/\/giurgiu-net.ro\/index.php\/wp-json\/wp\/v2\/types\/post"}],"author":[{"embeddable":true,"href":"https:\/\/giurgiu-net.ro\/index.php\/wp-json\/wp\/v2\/users\/1"}],"replies":[{"embeddable":true,"href":"https:\/\/giurgiu-net.ro\/index.php\/wp-json\/wp\/v2\/comments?post=74000"}],"version-history":[{"count":0,"href":"https:\/\/giurgiu-net.ro\/index.php\/wp-json\/wp\/v2\/posts\/74000\/revisions"}],"wp:attachment":[{"href":"https:\/\/giurgiu-net.ro\/index.php\/wp-json\/wp\/v2\/media?parent=74000"}],"wp:term":[{"taxonomy":"category","embeddable":true,"href":"https:\/\/giurgiu-net.ro\/index.php\/wp-json\/wp\/v2\/categories?post=74000"},{"taxonomy":"post_tag","embeddable":true,"href":"https:\/\/giurgiu-net.ro\/index.php\/wp-json\/wp\/v2\/tags?post=74000"}],"curies":[{"name":"wp","href":"https:\/\/api.w.org\/{rel}","templated":true}]}}