{"id":73963,"date":"2020-12-11T11:02:47","date_gmt":"2020-12-11T09:02:47","guid":{"rendered":"http:\/\/giurgiu-net.ro\/?p=73963"},"modified":"2020-12-11T11:02:47","modified_gmt":"2020-12-11T09:02:47","slug":"marian-mina-despre-nominalizarea-lui-citu-pnl-sfideaza-poporul-roman-mai-bine-ar-suna-prim-sinistru","status":"publish","type":"post","link":"https:\/\/giurgiu-net.ro\/index.php\/2020\/12\/11\/marian-mina-despre-nominalizarea-lui-citu-pnl-sfideaza-poporul-roman-mai-bine-ar-suna-prim-sinistru\/","title":{"rendered":"Marian Mina, despre nominalizarea lui C\u00ee\u0163u: &#8222;PNL sfideaz\u0103 poporul rom\u00e2n, mai bine ar suna prim sinistru&#8221;"},"content":{"rendered":"\n<p>Pre\u015fedintele PSD Giurgiu, Marian Mina, a f\u0103cut aceast\u0103 afirma\u0163ie pe pagina sa de Facebook.<\/p>\n\n\n\n<figure class=\"wp-block-image size-full is-style-default\"><img decoding=\"async\" src=\"https:\/\/giurgiu-net.ro\/wp-content\/uploads\/2020\/10\/mina.jpg\" alt=\"\" class=\"wp-image-73511\"\/><\/figure>\n\n\n\n<p>&#8222;PSD a c\u00e2\u0219tigat alegerile \u0219i punct. Nu exist\u0103 dou\u0103 tipuri de aritmetic\u0103, una de dreapta \u0219i una de st\u00e2nga. Prin voturile rom\u00e2nilor, c\u00e2\u021bi au fost ei la urne \u00een condi\u021bii de pandemie \u0219i de nesiguran\u021b\u0103, partidul nostru ar trebui, constitu\u021bional, invitat s\u0103-\u0219i prezinte premierul, cabinetul \u0219i s\u0103 ob\u021bin\u0103 o majoritate parlamentar\u0103 care s\u0103-i valideze, prin vot, echipa.Dar pre\u0219edintele Rom\u00e2niei sfideaz\u0103. \u0218i o face \u00een serie. Sfideaz\u0103 Constitu\u021bia, eviden\u021ba \u0219i bunul sim\u021b. Organizeaz\u0103 \u00eent\u00e2lniri politice partizane, clandestine, pe sub mas\u0103 \u0219i decide discre\u021bionar c\u0103 pierz\u0103torii alegerilor trebuie s\u0103 guverneze. Sfideaz\u0103 electoratul, pe ale c\u0103rui op\u021biuni electorale nu d\u0103 doi bani. <\/p>\n\n\n\n<p>\u0218i sfideaz\u0103 poporul rom\u00e2n, impun\u00e2ndu-l pe Florin C\u00ee\u021bu ca propunere de prim ministru. <\/p>\n\n\n\n<p>Mai potrivit ar suna prim sinistru. Pentru c\u0103 nu exist\u0103 personaj public mai oribil, mai detestabil, mai cinic \u0219i mai tic\u0103los dec\u00e2t oroarea de om care, \u00eentr-un an de zile, a \u00eendatorat o \u021bar\u0103 pentru trei genera\u021bii. Dup\u0103 ce a fugit din Parlament la precedenta tentativ\u0103 de a ajunge premier, fostul bancher Vasilic\u0103, gonit din sistem de guvernatorul Is\u0103rescu pentru motive ce \u021bin de siguran\u021ba na\u021bional\u0103, e pe cale s\u0103 se \u00eentoarc\u0103 la tribun\u0103 pentru a primi votul de \u00eenvestire. \u0218i n-o face pe cai mari, ci c\u0103lare pe detestabila m\u00e2r\u021boag\u0103 Orban&#8221;, a scris Marian Mina, pe Facebook.<\/p>\n","protected":false},"excerpt":{"rendered":"<p>Pre\u015fedintele PSD Giurgiu, Marian Mina, a f\u0103cut aceast\u0103 afirma\u0163ie pe pagina sa de Facebook. &#8222;PSD a c\u00e2\u0219tigat alegerile \u0219i punct. Nu exist\u0103 dou\u0103 tipuri de aritmetic\u0103, una de dreapta \u0219i una de st\u00e2nga. Prin voturile rom\u00e2nilor, c\u00e2\u021bi au fost ei la urne \u00een condi\u021bii de pandemie \u0219i de nesiguran\u021b\u0103, partidul nostru ar trebui, constitu\u021bional, invitat [&hellip;]<\/p>\n","protected":false},"author":1,"featured_media":73964,"comment_status":"open","ping_status":"open","sticky":false,"template":"","format":"standard","meta":{"slim_seo":{"title":"Marian Mina, despre nominalizarea lui C\u00ee\u0163u: \"PNL sfideaz\u0103 poporul rom\u00e2n, mai bine ar suna prim sinistru\" - GIURGIU NET","description":"Pre\u015fedintele PSD Giurgiu, Marian Mina, a f\u0103cut aceast\u0103 afirma\u0163ie pe pagina sa de Facebook. \"PSD a c\u00e2\u0219tigat alegerile \u0219i punct. Nu exist\u0103 dou\u0103 tipuri de aritmeti"},"footnotes":""},"categories":[18,19,25,28],"tags":[1626],"class_list":{"0":"post-73963","1":"post","2":"type-post","3":"status-publish","4":"format-standard","5":"has-post-thumbnail","7":"category-actual","8":"category-adm","9":"category-pol","10":"category-uo","11":"tag-marian-mina"},"_links":{"self":[{"href":"https:\/\/giurgiu-net.ro\/index.php\/wp-json\/wp\/v2\/posts\/73963","targetHints":{"allow":["GET"]}}],"collection":[{"href":"https:\/\/giurgiu-net.ro\/index.php\/wp-json\/wp\/v2\/posts"}],"about":[{"href":"https:\/\/giurgiu-net.ro\/index.php\/wp-json\/wp\/v2\/types\/post"}],"author":[{"embeddable":true,"href":"https:\/\/giurgiu-net.ro\/index.php\/wp-json\/wp\/v2\/users\/1"}],"replies":[{"embeddable":true,"href":"https:\/\/giurgiu-net.ro\/index.php\/wp-json\/wp\/v2\/comments?post=73963"}],"version-history":[{"count":0,"href":"https:\/\/giurgiu-net.ro\/index.php\/wp-json\/wp\/v2\/posts\/73963\/revisions"}],"wp:featuredmedia":[{"embeddable":true,"href":"https:\/\/giurgiu-net.ro\/index.php\/wp-json\/"}],"wp:attachment":[{"href":"https:\/\/giurgiu-net.ro\/index.php\/wp-json\/wp\/v2\/media?parent=73963"}],"wp:term":[{"taxonomy":"category","embeddable":true,"href":"https:\/\/giurgiu-net.ro\/index.php\/wp-json\/wp\/v2\/categories?post=73963"},{"taxonomy":"post_tag","embeddable":true,"href":"https:\/\/giurgiu-net.ro\/index.php\/wp-json\/wp\/v2\/tags?post=73963"}],"curies":[{"name":"wp","href":"https:\/\/api.w.org\/{rel}","templated":true}]}}