{"id":73956,"date":"2020-12-09T19:03:42","date_gmt":"2020-12-09T17:03:42","guid":{"rendered":"http:\/\/giurgiu-net.ro\/?p=73956"},"modified":"2020-12-09T19:03:42","modified_gmt":"2020-12-09T17:03:42","slug":"opinie-de-ce-nu-se-bucura-cu-adevarat-pnl-istii-de-victoria-de-la-giurgiu","status":"publish","type":"post","link":"https:\/\/giurgiu-net.ro\/index.php\/2020\/12\/09\/opinie-de-ce-nu-se-bucura-cu-adevarat-pnl-istii-de-victoria-de-la-giurgiu\/","title":{"rendered":"OPINIE: De ce nu se bucur\u0103, cu adev\u0103rat, PNL-i\u015ftii de \u201evictoria\u201d de la Giurgiu?"},"content":{"rendered":"\n<p>A doua zi dup\u0103 alegerile parlamentare, am v\u0103zut pe Facebook o sumedenie de post\u0103ri cu mul\u0163umiri adresate giurgiuvenilor de c\u0103tre politicieni.<\/p>\n\n\n\n<p>PNL-i\u015ftii s-au \u00eentrecut pe ei \u00een\u015fi\u015fi \u00een autolaud\u0103, \u00eencerc\u00e2nd s\u0103 transmit\u0103 c\u0103 ar fi ob\u0163inut scorul cu pricina pentru c\u0103 giurgiuvenii s-ar fi \u00eendr\u0103gostit subit de ei. Cel mai elocvent exemplu este al pre\u015fedintelui PNL Giurgiu, Dan Motreanu, care spune chiar \u00een debutul post\u0103rii: <em>\u201eGiurgiu a ales proiecte, a ales <a href=\"https:\/\/www.facebook.com\/hashtag\/dezvoltare?__eep__=6&amp;__cft__%5b0%5d=AZWlEXr61khTSchBWUq_tNAg9DtESaQ87iRPtMSxTD61aYMHRE_nKwLdlM3BveFIoibXrCLlCS2uFms7kYVul51MbFEZiXOBaHpdwytESkqoxLQ-mcFCSBEeWKTcEjGgqUqzpC697VplddHu4xHvPBrM&amp;__tn__=*NK-R\">#dezvoltare<\/a>, a ales <a href=\"https:\/\/www.facebook.com\/hashtag\/prosperitate?__eep__=6&amp;__cft__%5b0%5d=AZWlEXr61khTSchBWUq_tNAg9DtESaQ87iRPtMSxTD61aYMHRE_nKwLdlM3BveFIoibXrCLlCS2uFms7kYVul51MbFEZiXOBaHpdwytESkqoxLQ-mcFCSBEeWKTcEjGgqUqzpC697VplddHu4xHvPBrM&amp;__tn__=*NK-R\">#prosperitate<\/a>!\u201d.<\/em><\/p>\n\n\n\n<p>Apoi, tot Motreanu sus\u0163ine c\u0103\u00a0 <em>\u201eGiurgiu dore\u0219te o desprindere clar\u0103 fa\u021b\u0103 de trecutul ce a \u00eensemnat nedezvoltare, indiferen\u021b\u0103 \u0219i s\u0103r\u0103cie!\u201d<\/em>, iar \u00een cartonul ce \u00eenso\u0163e\u015fte postarea scrie c\u0103 <em>\u201eGiurgiu a ales PNL pentru c\u0103 noi am ar\u0103tat c\u0103 se poate!\u201d.<\/em><\/p>\n\n\n\n<p>Nu i-a\u015f numi rup\u0163i de realitate, c\u0103 nu sunt. Nu at\u00e2t de grav. B\u0103ie\u0163ii \u015ftiu cum stau \u015fi cui i se datoreaz\u0103, de fapt, procentul ob\u0163inut. \u00cens\u0103, au l\u0103sat \u00een urm\u0103 un miros puternic de ipocrizie.<\/p>\n\n\n\n<p>Dac\u0103 Giurgiu a ales <strong>proiecte<\/strong>, \u00eenseamn\u0103 c\u0103 <strong>Giurgiu a votat pentru proiectele PSD<\/strong>. Pentru c\u0103 voi, \u00eentr-o lun\u0103 \u015fi jum\u0103tate, n-a\u0163i apucat s\u0103 demonstra\u0163i ceva. A\u0163i inaugurat tot ce se putea inaugura, pe ultima sut\u0103 de metri, din ceea ce-au f\u0103cut PSD-i\u015ftii \u00eenainte s\u0103 pune\u0163i voi m\u00e2na pe putere.<\/p>\n\n\n\n<p>Dac\u0103 Giurgiu a ales dezvoltare, nu pe voi v-a ales. Ci tot PSD, pentru c\u0103 jude\u0163ul nostru a cunoscut \u00een 4 ani, sub conducerea PSD, o dezvoltare pe care PNL n-a reu\u015fit-o \u00een cei 8 ani \u00een care a fost la butoane, prin Beianu \u015fi Must\u0103\u0163ea. Evident c\u0103-i amintim \u015fi pe cei 16 ai lui Lucian Iliescu, la municipiu.<\/p>\n\n\n\n<p>Dac\u0103 Giurgiu vrea prosperitate, greu de crezut c-o s\u0103 aleag\u0103 vreodat\u0103 dreapta, \u00eentruc\u00e2t n-avem cum s\u0103 intr\u0103m to\u0163i \u00een categoria vizat\u0103 de doctrina forma\u0163iunii respective. Cu dreapta, prosperitatea nu poate fi dec\u00e2t pentru cei&#8230; de dreapta. \u00centotdeauna, mult mai pu\u0163ini.<\/p>\n\n\n\n<p>Trecutul, domnule Motreanu, cel apropiat adic\u0103telea, nu a \u00eensemnat \u201enedezvoltare, indiferen\u0163\u0103, s\u0103r\u0103cie\u201d&#8230; Nu, dimpotriv\u0103. Sigur, poate v\u0103 referea\u0163i la mandatele 2008-2016 \u015fi la cel ce a \u00eenceput&#8230;<\/p>\n\n\n\n<p>Cum s\u0103 aleag\u0103 <strong>Giurgiu PNL pentru c\u0103 a\u0163i ar\u0103tat c\u0103 se poate?<\/strong> C\u0103 se poate CE? S\u0103 \u00eei am\u0103gi\u0163i pe cei din sistemul de protec\u0163ie social\u0103 c\u0103, dac\u0103 v\u0103 aleg pe voi, n-or s\u0103 mai sufere niciodat\u0103 din pricina \u00eent\u00e2rzierii salariilor?<\/p>\n\n\n\n<p>C\u0103 se poate CE? S\u0103 lua\u0163i primarii \u015fi s\u0103 v\u0103 l\u0103uda\u0163i cu toate proiectele lor pentru care n-a\u0163i avut niciun merit, \u00een cei 4 ani \u00een care echipa PSD a condus jude\u0163ul?<\/p>\n\n\n\n<p>C\u0103 se poate CE? S\u0103-i amenda\u0163i, \u00een ziua alegerilor, pe cei care au \u00eendr\u0103znit s\u0103 sesiseze posibile \u00eenc\u0103lc\u0103ri ale legii electorale? Tocmai ca, probabil, s\u0103-i face\u0163i s\u0103 tac\u0103 \u015fi s\u0103 nu mai arate ce s-a \u00eent\u00e2mplat la urne, \u00een jude\u0163?<\/p>\n\n\n\n<p>C\u0103 se poate CE? S\u0103 le b\u0103ga\u0163i pe g\u00e2t ni\u015fte parlamentari care, dac\u0103 le ceri s\u0103 spun\u0103 un singur lucru pe care l-au f\u0103cut pentru Giurgiu, \u00een primul lor mandat sau vreodat\u0103, se fac c\u0103 plou\u0103 \u015fi \u0163ip\u0103 ofensa\u0163i?<\/p>\n\n\n\n<p>Textele sunt texte, adev\u0103rul este c\u0103 victoria aceasta n-are cum s\u0103 v\u0103 bucure cu adev\u0103rat, pentru c\u0103 nu v\u0103 apar\u0163ine. Dac\u0103 nu veneau la voi to\u0163i primarii care au ales s\u0103 tr\u0103deze, din diverse motive, probabil c\u0103 nu dep\u0103\u015fea\u0163i 15%, c\u00e2t, de altfel, ar trebui s\u0103 aib\u0103 PNL-ul, \u201eistoric\u201d vorbind.<\/p>\n\n\n\n<p>Victoria aceasta nu are cum s\u0103 v\u0103 bucure, dec\u00e2t de ochii lumii, pe Facebook, pentru c\u0103 echipa PSD, condus\u0103 de Marian Mina, a ob\u0163inut un scor extraordinar pentru condi\u0163iile date.<\/p>\n\n\n\n<p>PSD Giurgiu, p\u00e2n\u0103 la urm\u0103, cu toate presiunile, jocurile de culise, \u015fop\u00e2rli\u0163ele \u015fi a\u015fa mai departe, a scos trei parlamentari. Ca \u015fi voi. Un senator \u015fi doi deputa\u0163i. Ca \u015fi voi. Adic\u0103, vorbim despre un vot politic \u015fi unul de \u00eencredere pentru candida\u0163ii social-democra\u0163i, ce a fost imposibil de controlat. De asta nu v\u0103 bucura\u0163i. Pentru c\u0103 Marian Mina, ca \u015fi la locale, de altfel, \u015fi colegii s\u0103i Cristina Elena Dinu, Robert Cazanciuc, echipa de la municipiu, condus\u0103 de Marian M\u0103roiu, al\u0103turi de to\u0163i oamenii din echipa de campanie au ob\u0163inut, de fapt, un scor curat, impresionant pentru contextul local. La municipiu, v-au b\u0103tut la fund, la dublu, pentru c\u0103 \u00een ora\u015f e greu cu&#8230; jongleriile.<\/p>\n\n\n\n<p>De fapt, giurgiuvenii au votat PSD. \u015ei cel mai important este c\u0103 nu doar PSD-i\u015ftii au votat PSD. Iar cei care au votat PSD n-au fost sub nicio form\u0103 presa\u0163i, stimula\u0163i, \u00eencuraja\u0163i de vreun primar etc. Au votat din convingere. Ceea ce vou\u0103, PNL, v\u0103 lipse\u015fte! <\/p>\n\n\n\n<p>\u015ei \u015fti\u0163i asta! \u015ei se simte&#8230;<\/p>\n","protected":false},"excerpt":{"rendered":"<p>A doua zi dup\u0103 alegerile parlamentare, am v\u0103zut pe Facebook o sumedenie de post\u0103ri cu mul\u0163umiri adresate giurgiuvenilor de c\u0103tre politicieni. PNL-i\u015ftii s-au \u00eentrecut pe ei \u00een\u015fi\u015fi \u00een autolaud\u0103, \u00eencerc\u00e2nd s\u0103 transmit\u0103 c\u0103 ar fi ob\u0163inut scorul cu pricina pentru c\u0103 giurgiuvenii s-ar fi \u00eendr\u0103gostit subit de ei. Cel mai elocvent exemplu este al pre\u015fedintelui [&hellip;]<\/p>\n","protected":false},"author":1,"featured_media":42936,"comment_status":"open","ping_status":"open","sticky":false,"template":"","format":"standard","meta":{"slim_seo":{"title":"OPINIE: De ce nu se bucur\u0103, cu adev\u0103rat, PNL-i\u015ftii de \u201evictoria\u201d de la Giurgiu? - GIURGIU NET","description":"A doua zi dup\u0103 alegerile parlamentare, am v\u0103zut pe Facebook o sumedenie de post\u0103ri cu mul\u0163umiri adresate giurgiuvenilor de c\u0103tre politicieni. PNL-i\u015ftii s-au \u00eent"},"footnotes":""},"categories":[18,20,25,28],"tags":[2027],"class_list":{"0":"post-73956","1":"post","2":"type-post","3":"status-publish","4":"format-standard","5":"has-post-thumbnail","7":"category-actual","8":"category-edit","9":"category-pol","10":"category-uo","11":"tag-pnl-giurgiu"},"_links":{"self":[{"href":"https:\/\/giurgiu-net.ro\/index.php\/wp-json\/wp\/v2\/posts\/73956","targetHints":{"allow":["GET"]}}],"collection":[{"href":"https:\/\/giurgiu-net.ro\/index.php\/wp-json\/wp\/v2\/posts"}],"about":[{"href":"https:\/\/giurgiu-net.ro\/index.php\/wp-json\/wp\/v2\/types\/post"}],"author":[{"embeddable":true,"href":"https:\/\/giurgiu-net.ro\/index.php\/wp-json\/wp\/v2\/users\/1"}],"replies":[{"embeddable":true,"href":"https:\/\/giurgiu-net.ro\/index.php\/wp-json\/wp\/v2\/comments?post=73956"}],"version-history":[{"count":0,"href":"https:\/\/giurgiu-net.ro\/index.php\/wp-json\/wp\/v2\/posts\/73956\/revisions"}],"wp:featuredmedia":[{"embeddable":true,"href":"https:\/\/giurgiu-net.ro\/index.php\/wp-json\/wp\/v2\/media\/42936"}],"wp:attachment":[{"href":"https:\/\/giurgiu-net.ro\/index.php\/wp-json\/wp\/v2\/media?parent=73956"}],"wp:term":[{"taxonomy":"category","embeddable":true,"href":"https:\/\/giurgiu-net.ro\/index.php\/wp-json\/wp\/v2\/categories?post=73956"},{"taxonomy":"post_tag","embeddable":true,"href":"https:\/\/giurgiu-net.ro\/index.php\/wp-json\/wp\/v2\/tags?post=73956"}],"curies":[{"name":"wp","href":"https:\/\/api.w.org\/{rel}","templated":true}]}}