{"id":73953,"date":"2020-12-08T14:27:02","date_gmt":"2020-12-08T12:27:02","guid":{"rendered":"http:\/\/giurgiu-net.ro\/?p=73953"},"modified":"2020-12-08T14:27:02","modified_gmt":"2020-12-08T12:27:02","slug":"marian-mina-mesaj-catre-giurgiuveni-va-multumesc-pentru-incredere","status":"publish","type":"post","link":"https:\/\/giurgiu-net.ro\/index.php\/2020\/12\/08\/marian-mina-mesaj-catre-giurgiuveni-va-multumesc-pentru-incredere\/","title":{"rendered":"Marian Mina, mesaj c\u0103tre giurgiuveni: &#8222;V\u0103 mul\u0163umesc pentru \u00eencredere!&#8221;"},"content":{"rendered":"\n<p>&#8222;<strong>Rezultatele alegerilor care tocmai s-au \u00eencheiat arat\u0103 c\u0103 \u00een jude\u021bul Giurgiu Partidul Social Democrat se bucur\u0103 de sus\u021binerea locuitorilor s\u0103i, c\u0103 suntem partidul care r\u0103spunde nevoilor oamenilor de aici, dorin\u021belor lor de trai civilizat.<\/strong><\/p>\n\n\n\n<p><strong>Pentru asta vreau s\u0103 le mul\u021bumesc, at\u00e2t \u00een numele colegilor mei, \u00een calitate de pre\u0219edinte al partidului, dar \u0219i \u00een numele meu personal \u0219i s\u0103-i asigur c\u0103 \u0219i de acolo, din Parlamentul Rom\u00e2niei, g\u00e2ndul meu va fi tot la ei, c\u0103 am s\u0103 sprijin, prin legi drepte \u0219i corecte administra\u021biile locale.<\/strong><\/p>\n\n\n\n<p><strong>A\u0219a cum, \u00een calitatea de pre\u0219edinte al Consiliului Jude\u021bean, singurul meu scop a fost dezvoltarea jude\u021bului a\u0219a, \u0219i din postura de deputat, voi fi ghidat de acela\u0219i scop: o via\u021b\u0103 mai bun\u0103 pentru locuitorii acestui jude\u021b!<\/strong><\/p>\n\n\n\n<p><strong>V\u0103 mul\u021bumesc pentru \u00eencredere!\u201d<\/strong>&#8211; Pre\u015fedintele PSD Giurgiu, Marian Mina, deputat ales.<\/p>\n","protected":false},"excerpt":{"rendered":"<p>&#8222;Rezultatele alegerilor care tocmai s-au \u00eencheiat arat\u0103 c\u0103 \u00een jude\u021bul Giurgiu Partidul Social Democrat se bucur\u0103 de sus\u021binerea locuitorilor s\u0103i, c\u0103 suntem partidul care r\u0103spunde nevoilor oamenilor de aici, dorin\u021belor lor de trai civilizat. Pentru asta vreau s\u0103 le mul\u021bumesc, at\u00e2t \u00een numele colegilor mei, \u00een calitate de pre\u0219edinte al partidului, dar \u0219i \u00een numele [&hellip;]<\/p>\n","protected":false},"author":1,"featured_media":73954,"comment_status":"open","ping_status":"open","sticky":false,"template":"","format":"standard","meta":{"slim_seo":{"title":"Marian Mina, mesaj c\u0103tre giurgiuveni: \"V\u0103 mul\u0163umesc pentru \u00eencredere!\" - GIURGIU NET","description":"\" Rezultatele alegerilor care tocmai s-au \u00eencheiat arat\u0103 c\u0103 \u00een jude\u021bul Giurgiu Partidul Social Democrat se bucur\u0103 de sus\u021binerea locuitorilor s\u0103i, c\u0103 suntem part"},"footnotes":""},"categories":[18,25,26],"tags":[1626],"class_list":{"0":"post-73953","1":"post","2":"type-post","3":"status-publish","4":"format-standard","5":"has-post-thumbnail","7":"category-actual","8":"category-pol","9":"category-soc","10":"tag-marian-mina"},"_links":{"self":[{"href":"https:\/\/giurgiu-net.ro\/index.php\/wp-json\/wp\/v2\/posts\/73953","targetHints":{"allow":["GET"]}}],"collection":[{"href":"https:\/\/giurgiu-net.ro\/index.php\/wp-json\/wp\/v2\/posts"}],"about":[{"href":"https:\/\/giurgiu-net.ro\/index.php\/wp-json\/wp\/v2\/types\/post"}],"author":[{"embeddable":true,"href":"https:\/\/giurgiu-net.ro\/index.php\/wp-json\/wp\/v2\/users\/1"}],"replies":[{"embeddable":true,"href":"https:\/\/giurgiu-net.ro\/index.php\/wp-json\/wp\/v2\/comments?post=73953"}],"version-history":[{"count":0,"href":"https:\/\/giurgiu-net.ro\/index.php\/wp-json\/wp\/v2\/posts\/73953\/revisions"}],"wp:featuredmedia":[{"embeddable":true,"href":"https:\/\/giurgiu-net.ro\/index.php\/wp-json\/"}],"wp:attachment":[{"href":"https:\/\/giurgiu-net.ro\/index.php\/wp-json\/wp\/v2\/media?parent=73953"}],"wp:term":[{"taxonomy":"category","embeddable":true,"href":"https:\/\/giurgiu-net.ro\/index.php\/wp-json\/wp\/v2\/categories?post=73953"},{"taxonomy":"post_tag","embeddable":true,"href":"https:\/\/giurgiu-net.ro\/index.php\/wp-json\/wp\/v2\/tags?post=73953"}],"curies":[{"name":"wp","href":"https:\/\/api.w.org\/{rel}","templated":true}]}}