{"id":73730,"date":"2020-10-30T15:21:25","date_gmt":"2020-10-30T13:21:25","guid":{"rendered":"http:\/\/giurgiu-net.ro\/?p=73730"},"modified":"2020-10-30T15:21:25","modified_gmt":"2020-10-30T13:21:25","slug":"marian-mina-n-a-fost-niciun-scandal-la-cnair-imi-rezerv-dreptul-de-actiona-in-instanta-publicatia-care-a-lansat-articolul","status":"publish","type":"post","link":"https:\/\/giurgiu-net.ro\/index.php\/2020\/10\/30\/marian-mina-n-a-fost-niciun-scandal-la-cnair-imi-rezerv-dreptul-de-actiona-in-instanta-publicatia-care-a-lansat-articolul\/","title":{"rendered":"Marian Mina: \u201eN-a fost niciun scandal la CNAIR. \u00cemi rezerv dreptul de ac\u0163iona \u00een instan\u0163\u0103 publica\u0163ia care a lansat articolul!\u201d"},"content":{"rendered":"\n<p>Pre\u015fedintele PSD Giurgiu, Marian Mina, a f\u0103cut, ast\u0103zi, \u00een conferin\u0163\u0103 de pres\u0103, c\u00e2teva preciz\u0103ri, dup\u0103 ce \u00een unele publica\u0163ii locale \u015fi centrale a ap\u0103rut un material potrivit c\u0103ruia el ar fi f\u0103cut scandal, la Ministerul Transporturilor.<\/p>\n\n\n\n<p><em>\u201eAve\u0163i cuv\u00e2ntul meu c\u0103 discu\u0163iile s-au purtat \u00een cel mai civilizat mod cu putin\u0163\u0103. Nu s-a ridicat tonul nici de o parte, nici de cealalt\u0103. \u00centr-adev\u0103r, decizia(de a-i fi desfiin\u0163at postul de director, n.r.) este, \u00een opinia mea, ilegal\u0103 \u015fi am contestat-o. \u00cens\u0103, nu a fost niciun scandal. \u00cemi rezerv dreptul de a ac\u0163iona \u00een instan\u0163\u0103 publica\u0163ia care a lansat articolul!\u201d,<\/em> a precizat Marian Mina, \u00een conferin\u0163\u0103 de pres\u0103.<\/p>\n\n\n\n<p>V\u0103 reamintim c\u0103 Marian Mina a ocupat, \u00eenainte de a deveni pre\u015fedintele CJ Giurgiu, func\u0163ia de director regional al DRDP Bucure\u015fti. \u00cen perioada c\u00e2t a fost pre\u015fedinte al CJ Giurgiu, contractul a fost suspendat \u015fi a revenit, conform legii, la lucru, din momentul \u00een care i-a \u00eencetat de drept mandatul de pre\u015fedinte al Consiliului Jude\u0163ean Giurgiu.<\/p>\n\n\n\n<p>Numai c\u0103, \u00eentors la serviciu, i s-a comunicat c\u0103 postul i-a fost desfiin\u0163at, printr-o reorganizare a DRDP Bucure\u015fti. Decizia de desfiin\u0163are a fost dat\u0103 pe 18 octombrie, \u00eens\u0103 Marian Mina a aflat abia pe 27 octombrie, c\u00e2nd s-a dus la serviciu&#8230;<\/p>\n\n\n\n<p>Vom reveni cu am\u0103nunte.<\/p>\n","protected":false},"excerpt":{"rendered":"<p>Pre\u015fedintele PSD Giurgiu, Marian Mina, a f\u0103cut, ast\u0103zi, \u00een conferin\u0163\u0103 de pres\u0103, c\u00e2teva preciz\u0103ri, dup\u0103 ce \u00een unele publica\u0163ii locale \u015fi centrale a ap\u0103rut un material potrivit c\u0103ruia el ar fi f\u0103cut scandal, la Ministerul Transporturilor. \u201eAve\u0163i cuv\u00e2ntul meu c\u0103 discu\u0163iile s-au purtat \u00een cel mai civilizat mod cu putin\u0163\u0103. Nu s-a ridicat tonul nici [&hellip;]<\/p>\n","protected":false},"author":1,"featured_media":73732,"comment_status":"open","ping_status":"open","sticky":false,"template":"","format":"standard","meta":{"slim_seo":{"title":"Marian Mina: \u201eN-a fost niciun scandal la CNAIR. \u00cemi rezerv dreptul de ac\u0163iona \u00een instan\u0163\u0103 publica\u0163ia care a lansat articolul!\u201d - GIURGIU NET","description":"Pre\u015fedintele PSD Giurgiu, Marian Mina, a f\u0103cut, ast\u0103zi, \u00een conferin\u0163\u0103 de pres\u0103, c\u00e2teva preciz\u0103ri, dup\u0103 ce \u00een unele publica\u0163ii locale \u015fi centrale a ap\u0103rut un mat"},"footnotes":""},"categories":[18,19,28],"tags":[1626],"class_list":{"0":"post-73730","1":"post","2":"type-post","3":"status-publish","4":"format-standard","5":"has-post-thumbnail","7":"category-actual","8":"category-adm","9":"category-uo","10":"tag-marian-mina"},"_links":{"self":[{"href":"https:\/\/giurgiu-net.ro\/index.php\/wp-json\/wp\/v2\/posts\/73730","targetHints":{"allow":["GET"]}}],"collection":[{"href":"https:\/\/giurgiu-net.ro\/index.php\/wp-json\/wp\/v2\/posts"}],"about":[{"href":"https:\/\/giurgiu-net.ro\/index.php\/wp-json\/wp\/v2\/types\/post"}],"author":[{"embeddable":true,"href":"https:\/\/giurgiu-net.ro\/index.php\/wp-json\/wp\/v2\/users\/1"}],"replies":[{"embeddable":true,"href":"https:\/\/giurgiu-net.ro\/index.php\/wp-json\/wp\/v2\/comments?post=73730"}],"version-history":[{"count":0,"href":"https:\/\/giurgiu-net.ro\/index.php\/wp-json\/wp\/v2\/posts\/73730\/revisions"}],"wp:featuredmedia":[{"embeddable":true,"href":"https:\/\/giurgiu-net.ro\/index.php\/wp-json\/"}],"wp:attachment":[{"href":"https:\/\/giurgiu-net.ro\/index.php\/wp-json\/wp\/v2\/media?parent=73730"}],"wp:term":[{"taxonomy":"category","embeddable":true,"href":"https:\/\/giurgiu-net.ro\/index.php\/wp-json\/wp\/v2\/categories?post=73730"},{"taxonomy":"post_tag","embeddable":true,"href":"https:\/\/giurgiu-net.ro\/index.php\/wp-json\/wp\/v2\/tags?post=73730"}],"curies":[{"name":"wp","href":"https:\/\/api.w.org\/{rel}","templated":true}]}}