{"id":73721,"date":"2020-10-30T10:22:06","date_gmt":"2020-10-30T08:22:06","guid":{"rendered":"http:\/\/giurgiu-net.ro\/?p=73721"},"modified":"2020-10-30T10:22:06","modified_gmt":"2020-10-30T08:22:06","slug":"marian-mina-psd-aduce-stiinta-ordine-si-viata-pentru-sistemul-de-sanatate-romanesc-in-locul-haosului-incompetentei-improvizatiei-si-delasarii-pnl","status":"publish","type":"post","link":"https:\/\/giurgiu-net.ro\/index.php\/2020\/10\/30\/marian-mina-psd-aduce-stiinta-ordine-si-viata-pentru-sistemul-de-sanatate-romanesc-in-locul-haosului-incompetentei-improvizatiei-si-delasarii-pnl\/","title":{"rendered":"Marian Mina: &#8222;PSD aduce \u0219tiin\u021b\u0103, ordine \u0219i via\u021b\u0103 pentru sistemul de s\u0103n\u0103tate rom\u00e2nesc, \u00een locul haosului, incompeten\u021bei, improviza\u021biei \u0219i del\u0103s\u0103rii PNL!&#8221;"},"content":{"rendered":"\n<p>Pre\u015fedintele PSD Giurgiu \u015fi candidat pentru un mandat de deputat, Marian Mina, a f\u0103cut, recent, aceast\u0103 afirma\u0163ie, \u00eentr-o postare pe pagina sa de Facebook.<\/p>\n\n\n\n<p>&#8222;PSD aduce \u0219tiin\u021b\u0103, ordine \u0219i via\u021b\u0103 pentru sistemul de s\u0103n\u0103tate rom\u00e2nesc, \u00een locul haosului, incompeten\u021bei, improviza\u021biei \u0219i del\u0103s\u0103rii PNL!<\/p>\n\n\n\n<p>Planul PSD de combatere a pandemiei COVID-19<br \/>o PSD a preg\u0103tit un plan de ac\u021biune pentru combaterea COVID care poate fi aplicat din prima zi a guvern\u0103rii.<br \/>o Un plan f\u0103cut de cei mai buni speciali\u0219ti \u00een domeniul medical pe care \u00eei are Rom\u00e2nia. Care pune oamenii \u0219i s\u0103n\u0103tatea lor pe primul loc! Menit s\u0103 recl\u0103deasc\u0103 \u00eencrederea \u00een fa\u021ba haosului \u0219i confuziei produse de m\u0103surile haotice, improvizate, ale guvern\u0103rii Iohannis-Orban.<br \/>o Rom\u00e2nia a ajuns \u00een actuala situa\u021bie critic\u0103 pe c\u0103 Iohannis \u0219i Guvernul S\u0103u au e\u0219uat catastrofal. Nu au avut \u0219i nici acum nu au niciun plan concret \u0219i coerent pentru combaterea pandemiei! Au ac\u021bionat \u0219i ac\u021bioneaz\u0103 doar reactiv, b\u00e2lb\u00e2it, adesea aiurea, iar deciziile lor sunt luate \u00een func\u021bie de sondaje.<br \/>o Cel mai grav este c\u0103 ignor\u0103 opiniile speciali\u0219tilor. Comunic\u0103 prost, manipuleaz\u0103,arunc\u0103 vina pentru extinderea pandemiei pe seama popula\u021biei.<br \/>Planul PSD antiCOVID difer\u0103 total fa\u021b\u0103 de ce se \u00eent\u00e2mpl\u0103 acum prin 4 elemente esen\u021biale:<br \/>1) \u00cembun\u0103t\u0103\u021birea supravegherii epidemiologice, identificarea rapid\u0103 a persoanelor infectate \u0219i cre\u0219terea accesibilit\u0103\u021bii la testare.<br \/>2) Rec\u00e2\u0219tigarea \u00eencrederii \u0219i asigurarea unui parteneriat cu popula\u021bi print-o informare onest\u0103, corect\u0103, complet\u0103 \u0219i rapid\u0103.<br \/>3) Asigurarea asisten\u021bei medicale corespunz\u0103toare at\u00e2t pentru pacien\u021bii infecta\u021bi c\u00e2t \u0219i pentru to\u021bi ceilal\u021bi bolnavi cronici.<br \/>4) Protejarea, sus\u021binerea \u0219i recunoa\u0219terea profesioni\u0219tilor din s\u0103n\u0103tate&#8221;, a scris Marian Mina, pe Facebook.<\/p>\n","protected":false},"excerpt":{"rendered":"<p>Pre\u015fedintele PSD Giurgiu \u015fi candidat pentru un mandat de deputat, Marian Mina, a f\u0103cut, recent, aceast\u0103 afirma\u0163ie, \u00eentr-o postare pe pagina sa de Facebook. &#8222;PSD aduce \u0219tiin\u021b\u0103, ordine \u0219i via\u021b\u0103 pentru sistemul de s\u0103n\u0103tate rom\u00e2nesc, \u00een locul haosului, incompeten\u021bei, improviza\u021biei \u0219i del\u0103s\u0103rii PNL! Planul PSD de combatere a pandemiei COVID-19o PSD a preg\u0103tit un plan [&hellip;]<\/p>\n","protected":false},"author":1,"featured_media":73722,"comment_status":"open","ping_status":"open","sticky":false,"template":"","format":"standard","meta":{"slim_seo":{"title":"Marian Mina: \"PSD aduce \u0219tiin\u021b\u0103, ordine \u0219i via\u021b\u0103 pentru sistemul de s\u0103n\u0103tate rom\u00e2nesc, \u00een locul haosului, incompeten\u021bei, improviza\u021biei \u0219i del\u0103s\u0103rii PNL!\" - GIURGIU NET","description":"Pre\u015fedintele PSD Giurgiu \u015fi candidat pentru un mandat de deputat, Marian Mina, a f\u0103cut, recent, aceast\u0103 afirma\u0163ie, \u00eentr-o postare pe pagina sa de Facebook. \"PSD"},"footnotes":""},"categories":[18,19,25,26,28],"tags":[1626],"class_list":{"0":"post-73721","1":"post","2":"type-post","3":"status-publish","4":"format-standard","5":"has-post-thumbnail","7":"category-actual","8":"category-adm","9":"category-pol","10":"category-soc","11":"category-uo","12":"tag-marian-mina"},"_links":{"self":[{"href":"https:\/\/giurgiu-net.ro\/index.php\/wp-json\/wp\/v2\/posts\/73721","targetHints":{"allow":["GET"]}}],"collection":[{"href":"https:\/\/giurgiu-net.ro\/index.php\/wp-json\/wp\/v2\/posts"}],"about":[{"href":"https:\/\/giurgiu-net.ro\/index.php\/wp-json\/wp\/v2\/types\/post"}],"author":[{"embeddable":true,"href":"https:\/\/giurgiu-net.ro\/index.php\/wp-json\/wp\/v2\/users\/1"}],"replies":[{"embeddable":true,"href":"https:\/\/giurgiu-net.ro\/index.php\/wp-json\/wp\/v2\/comments?post=73721"}],"version-history":[{"count":0,"href":"https:\/\/giurgiu-net.ro\/index.php\/wp-json\/wp\/v2\/posts\/73721\/revisions"}],"wp:featuredmedia":[{"embeddable":true,"href":"https:\/\/giurgiu-net.ro\/index.php\/wp-json\/"}],"wp:attachment":[{"href":"https:\/\/giurgiu-net.ro\/index.php\/wp-json\/wp\/v2\/media?parent=73721"}],"wp:term":[{"taxonomy":"category","embeddable":true,"href":"https:\/\/giurgiu-net.ro\/index.php\/wp-json\/wp\/v2\/categories?post=73721"},{"taxonomy":"post_tag","embeddable":true,"href":"https:\/\/giurgiu-net.ro\/index.php\/wp-json\/wp\/v2\/tags?post=73721"}],"curies":[{"name":"wp","href":"https:\/\/api.w.org\/{rel}","templated":true}]}}