{"id":73717,"date":"2020-10-30T10:19:15","date_gmt":"2020-10-30T08:19:15","guid":{"rendered":"http:\/\/giurgiu-net.ro\/?p=73717"},"modified":"2020-10-30T10:19:15","modified_gmt":"2020-10-30T08:19:15","slug":"cristina-elena-dinu-cred-cu-tarie-ca-politica-este-cu-oameni-si-pentru-oameni","status":"publish","type":"post","link":"https:\/\/giurgiu-net.ro\/index.php\/2020\/10\/30\/cristina-elena-dinu-cred-cu-tarie-ca-politica-este-cu-oameni-si-pentru-oameni\/","title":{"rendered":"Cristina Elena Dinu: &#8222;Cred cu t\u0103rie c\u0103 politica este cu oameni \u0219i pentru oameni!&#8221;"},"content":{"rendered":"\n<p>&#8222;Sunt Cristina Elena Dinu, sunt\u00a0<a href=\"https:\/\/www.facebook.com\/hashtag\/giurgiuveanc%C4%83?__eep__=6&amp;source=feed_text&amp;epa=HASHTAG&amp;__xts__%5B0%5D=68.ARCU3vBs4zLd2c1kXkB_5qTwhdTBU4KguhRfCnX_-ERFTwLmOQWfaykniwjvIBCJXyb06x5MF3kfpv5IPsTJHPEviDRDrHPpId3aHQhTdC9WWYgUez8AY64TMrAdU7U8OrZMC8mf6TSeYSJVdts9Tz5-BaT8mpGqyts6sHbX6_lSq4eMDBgQyrFcvt71f3omoJjCRbYyUIfiPF7EILYtg6u_lhfrnJJ2XHLsjajxuCKwo3WvfNMi4vU40RZgteqWkEGMknD14o5D0lTLK0TXBDvYCarO9y9aLeB6d8tmKfz2ZHVXtb6kuChCnjfsbpbfClKyKbyZZRp-oFmv5PHZ38IJ9IP7GHs0B1DOzmCpGGRVyj-WJytNF4g-faWg1qFbHaL-nhOF7lw_LIVX_dAxAijtTs1PVxtUOaUfdb8nhJZumtkHdI9_u35zgHNVHbW3iTuj6qNnAD1plXy6yD95VXNh1RJk-GEgRqH1Y7qg78wvJBC4vbABEO02llpN&amp;__tn__=%2ANKH-R\">#giurgiuveanc\u0103<\/a>, de profesie\u00a0<a href=\"https:\/\/www.facebook.com\/hashtag\/medic?__eep__=6&amp;source=feed_text&amp;epa=HASHTAG&amp;__xts__%5B0%5D=68.ARCU3vBs4zLd2c1kXkB_5qTwhdTBU4KguhRfCnX_-ERFTwLmOQWfaykniwjvIBCJXyb06x5MF3kfpv5IPsTJHPEviDRDrHPpId3aHQhTdC9WWYgUez8AY64TMrAdU7U8OrZMC8mf6TSeYSJVdts9Tz5-BaT8mpGqyts6sHbX6_lSq4eMDBgQyrFcvt71f3omoJjCRbYyUIfiPF7EILYtg6u_lhfrnJJ2XHLsjajxuCKwo3WvfNMi4vU40RZgteqWkEGMknD14o5D0lTLK0TXBDvYCarO9y9aLeB6d8tmKfz2ZHVXtb6kuChCnjfsbpbfClKyKbyZZRp-oFmv5PHZ38IJ9IP7GHs0B1DOzmCpGGRVyj-WJytNF4g-faWg1qFbHaL-nhOF7lw_LIVX_dAxAijtTs1PVxtUOaUfdb8nhJZumtkHdI9_u35zgHNVHbW3iTuj6qNnAD1plXy6yD95VXNh1RJk-GEgRqH1Y7qg78wvJBC4vbABEO02llpN&amp;__tn__=%2ANKH-R\">#medic<\/a>\u00a0de familie \u0219i actualmente\u00a0<a href=\"https:\/\/www.facebook.com\/hashtag\/deputat?__eep__=6&amp;source=feed_text&amp;epa=HASHTAG&amp;__xts__%5B0%5D=68.ARCU3vBs4zLd2c1kXkB_5qTwhdTBU4KguhRfCnX_-ERFTwLmOQWfaykniwjvIBCJXyb06x5MF3kfpv5IPsTJHPEviDRDrHPpId3aHQhTdC9WWYgUez8AY64TMrAdU7U8OrZMC8mf6TSeYSJVdts9Tz5-BaT8mpGqyts6sHbX6_lSq4eMDBgQyrFcvt71f3omoJjCRbYyUIfiPF7EILYtg6u_lhfrnJJ2XHLsjajxuCKwo3WvfNMi4vU40RZgteqWkEGMknD14o5D0lTLK0TXBDvYCarO9y9aLeB6d8tmKfz2ZHVXtb6kuChCnjfsbpbfClKyKbyZZRp-oFmv5PHZ38IJ9IP7GHs0B1DOzmCpGGRVyj-WJytNF4g-faWg1qFbHaL-nhOF7lw_LIVX_dAxAijtTs1PVxtUOaUfdb8nhJZumtkHdI9_u35zgHNVHbW3iTuj6qNnAD1plXy6yD95VXNh1RJk-GEgRqH1Y7qg78wvJBC4vbABEO02llpN&amp;__tn__=%2ANKH-R\">#deputat<\/a>.<\/p>\n\n\n\n<p>\u00cen anul 2016 mi-am preluat primul mandat \u00een Camera Deputa\u021bilor \u0219i mi-am desf\u0103\u0219urat activitatea \u00een cadrul Comisiei pentru S\u0103n\u0103tate \u0219i Familie \u00een calitate de secretar.<br \/>Ast\u0103zi vin \u00een fa\u021ba dumneavostr\u0103 in calitate de&nbsp;<a href=\"https:\/\/www.facebook.com\/hashtag\/candidat?__eep__=6&amp;source=feed_text&amp;epa=HASHTAG&amp;__xts__%5B0%5D=68.ARCU3vBs4zLd2c1kXkB_5qTwhdTBU4KguhRfCnX_-ERFTwLmOQWfaykniwjvIBCJXyb06x5MF3kfpv5IPsTJHPEviDRDrHPpId3aHQhTdC9WWYgUez8AY64TMrAdU7U8OrZMC8mf6TSeYSJVdts9Tz5-BaT8mpGqyts6sHbX6_lSq4eMDBgQyrFcvt71f3omoJjCRbYyUIfiPF7EILYtg6u_lhfrnJJ2XHLsjajxuCKwo3WvfNMi4vU40RZgteqWkEGMknD14o5D0lTLK0TXBDvYCarO9y9aLeB6d8tmKfz2ZHVXtb6kuChCnjfsbpbfClKyKbyZZRp-oFmv5PHZ38IJ9IP7GHs0B1DOzmCpGGRVyj-WJytNF4g-faWg1qFbHaL-nhOF7lw_LIVX_dAxAijtTs1PVxtUOaUfdb8nhJZumtkHdI9_u35zgHNVHbW3iTuj6qNnAD1plXy6yD95VXNh1RJk-GEgRqH1Y7qg78wvJBC4vbABEO02llpN&amp;__tn__=%2ANKH-R\">#candidat<\/a>, cu dorin\u021ba de a v\u0103 reprezenta din nou \u00een&nbsp;<a href=\"https:\/\/www.facebook.com\/hashtag\/parlamentul?__eep__=6&amp;source=feed_text&amp;epa=HASHTAG&amp;__xts__%5B0%5D=68.ARCU3vBs4zLd2c1kXkB_5qTwhdTBU4KguhRfCnX_-ERFTwLmOQWfaykniwjvIBCJXyb06x5MF3kfpv5IPsTJHPEviDRDrHPpId3aHQhTdC9WWYgUez8AY64TMrAdU7U8OrZMC8mf6TSeYSJVdts9Tz5-BaT8mpGqyts6sHbX6_lSq4eMDBgQyrFcvt71f3omoJjCRbYyUIfiPF7EILYtg6u_lhfrnJJ2XHLsjajxuCKwo3WvfNMi4vU40RZgteqWkEGMknD14o5D0lTLK0TXBDvYCarO9y9aLeB6d8tmKfz2ZHVXtb6kuChCnjfsbpbfClKyKbyZZRp-oFmv5PHZ38IJ9IP7GHs0B1DOzmCpGGRVyj-WJytNF4g-faWg1qFbHaL-nhOF7lw_LIVX_dAxAijtTs1PVxtUOaUfdb8nhJZumtkHdI9_u35zgHNVHbW3iTuj6qNnAD1plXy6yD95VXNh1RJk-GEgRqH1Y7qg78wvJBC4vbABEO02llpN&amp;__tn__=%2ANKH-R\">#Parlamentul<\/a>&nbsp;Rom\u00e2niei.<\/p>\n\n\n\n<p>Cred cu t\u0103rie c\u0103 politica este cu oameni \u0219i pentru oameni. \u00cen cei 4 ani de activitate, mi-am pus \u00eentreaga experien\u0163\u0103 la dispozi\u021bie pentru a face legi mai bune. Pentru noi to\u021bi. Am lucrat al\u0103turi de colegii mei \u0219i al\u0103turi de pacien\u021bi pentru ca diabetul s\u0103 poat\u0103 fi prevenit, pentru ca vaccinurile s\u0103 ajung\u0103 mai repede la noi to\u021bi, pentru ca prematurii s\u0103 primeasc\u0103 o \u00eengrijire corespunz\u0103toare \u0219i pentru ca medicamentele esen\u021biale s\u0103 nu mai lipseasc\u0103 pe pia\u021ba din Rom\u00e2nia. Am luptat pentru ca osteoporoza, o boal\u0103 care afecteaz\u0103 multe femei, s\u0103 aib\u0103 parte de cele mai noi tratamente. Am luptat pentru ca pacien\u021bii rom\u00e2ni s\u0103 aib\u0103 parte de acelea\u0219i tratamente ca pacien\u021bii din alte state europene!<br \/>Am reu\u0219it s\u0103 facem multe lucruri, dar mai sunt multe altele de f\u0103cut!<br \/>Pentru dumneavoastr\u0103, al\u0103turi de dumneavoastr\u0103!<br \/>Cu sprijinul dumneavoastr\u0103!<br \/>Pentru siguran\u021ba unui trai mai bun!&#8221;<\/p>\n","protected":false},"excerpt":{"rendered":"<p>&#8222;Sunt Cristina Elena Dinu, sunt\u00a0#giurgiuveanc\u0103, de profesie\u00a0#medic\u00a0de familie \u0219i actualmente\u00a0#deputat. \u00cen anul 2016 mi-am preluat primul mandat \u00een Camera Deputa\u021bilor \u0219i mi-am desf\u0103\u0219urat activitatea \u00een cadrul Comisiei pentru S\u0103n\u0103tate \u0219i Familie \u00een calitate de secretar.Ast\u0103zi vin \u00een fa\u021ba dumneavostr\u0103 in calitate de&nbsp;#candidat, cu dorin\u021ba de a v\u0103 reprezenta din nou \u00een&nbsp;#Parlamentul&nbsp;Rom\u00e2niei. Cred cu t\u0103rie c\u0103 [&hellip;]<\/p>\n","protected":false},"author":1,"featured_media":73718,"comment_status":"open","ping_status":"open","sticky":false,"template":"","format":"standard","meta":{"slim_seo":{"title":"Cristina Elena Dinu: \"Cred cu t\u0103rie c\u0103 politica este cu oameni \u0219i pentru oameni!\" - GIURGIU NET","description":"\"Sunt Cristina Elena Dinu, sunt\u00a0 #giurgiuveanc\u0103 , de profesie\u00a0 #medic \u00a0de familie \u0219i actualmente\u00a0 #deputat . \u00cen anul 2016 mi-am preluat primul mandat \u00een Camera"},"footnotes":""},"categories":[18,19,25,28],"tags":[],"class_list":{"0":"post-73717","1":"post","2":"type-post","3":"status-publish","4":"format-standard","5":"has-post-thumbnail","7":"category-actual","8":"category-adm","9":"category-pol","10":"category-uo"},"_links":{"self":[{"href":"https:\/\/giurgiu-net.ro\/index.php\/wp-json\/wp\/v2\/posts\/73717","targetHints":{"allow":["GET"]}}],"collection":[{"href":"https:\/\/giurgiu-net.ro\/index.php\/wp-json\/wp\/v2\/posts"}],"about":[{"href":"https:\/\/giurgiu-net.ro\/index.php\/wp-json\/wp\/v2\/types\/post"}],"author":[{"embeddable":true,"href":"https:\/\/giurgiu-net.ro\/index.php\/wp-json\/wp\/v2\/users\/1"}],"replies":[{"embeddable":true,"href":"https:\/\/giurgiu-net.ro\/index.php\/wp-json\/wp\/v2\/comments?post=73717"}],"version-history":[{"count":0,"href":"https:\/\/giurgiu-net.ro\/index.php\/wp-json\/wp\/v2\/posts\/73717\/revisions"}],"wp:featuredmedia":[{"embeddable":true,"href":"https:\/\/giurgiu-net.ro\/index.php\/wp-json\/"}],"wp:attachment":[{"href":"https:\/\/giurgiu-net.ro\/index.php\/wp-json\/wp\/v2\/media?parent=73717"}],"wp:term":[{"taxonomy":"category","embeddable":true,"href":"https:\/\/giurgiu-net.ro\/index.php\/wp-json\/wp\/v2\/categories?post=73717"},{"taxonomy":"post_tag","embeddable":true,"href":"https:\/\/giurgiu-net.ro\/index.php\/wp-json\/wp\/v2\/tags?post=73717"}],"curies":[{"name":"wp","href":"https:\/\/api.w.org\/{rel}","templated":true}]}}