{"id":73705,"date":"2020-10-28T10:21:52","date_gmt":"2020-10-28T08:21:52","guid":{"rendered":"http:\/\/giurgiu-net.ro\/?p=73705"},"modified":"2020-10-28T10:21:52","modified_gmt":"2020-10-28T08:21:52","slug":"marian-mina-romania-are-nevoie-de-psd-in-parlament-si-la-guvernare-pentru-ca-suntem-singurul-partid-care-se-lupta-pentru-binele-romanilor","status":"publish","type":"post","link":"https:\/\/giurgiu-net.ro\/index.php\/2020\/10\/28\/marian-mina-romania-are-nevoie-de-psd-in-parlament-si-la-guvernare-pentru-ca-suntem-singurul-partid-care-se-lupta-pentru-binele-romanilor\/","title":{"rendered":"Marian Mina: &#8222;Rom\u00e2nia are nevoie de PSD \u00een Parlament \u0219i la guvernare, pentru c\u0103 suntem singurul partid care se lupt\u0103 pentru binele rom\u00e2nilor!&#8221;"},"content":{"rendered":"\n<p>Pre\u015fedintele PSD Giurgiu, candidat la Camera Deputa\u0163ilor, Marian Mina, a postat, recent, pe pagina sa de Facebook urm\u0103torul mesaj:<\/p>\n\n\n\n<p>&#8222;?????? ???,<\/p>\n\n\n\n<p>???????? ?????? ?? ??? ??&nbsp;<a href=\"https:\/\/www.facebook.com\/hashtag\/%F0%9D%97%B1%F0%9D%97%B2%F0%9D%97%BD%F0%9D%98%82%F0%9D%98%81%F0%9D%97%AE%F0%9D%98%81?__eep__=6&amp;source=feed_text&amp;epa=HASHTAG&amp;__xts__%5B0%5D=68.ARDFf4zmtXOIGnRAiINn-35T3woHj28WW82XrGUPRp6KHssiOnYPu0C0kSEK6b9jgF4S2LKAN5yN2NSFCe341j9lF4e0BxoZ0JoX4RAO27cqHCke2TZuDz_SGDldooxL4ejbhUHkEb0rHveQ0CnSmai9kb21aki3yiz7g8VVpwAT-LNOOjdEN0SrVqKt6B7swLVpshxYGFfB_qRxxjvLtW1JaHLGWpzPUeMLS1BhaZga8tyWkLWLBJaOU4wjMHWPOmZOxO0qfhq7yFAONalIyIQAUA-4xIz5_tJ_Qjh9x0YZZQTvzM7-i_SOqx4v-B7VvhfT32MyK6mnlHzqbBoF_uPfAg&amp;__tn__=%2ANK-R\">#???????<\/a>&nbsp;\u00ee? ??????????? ???\u00e2???? !<\/p>\n\n\n\n<p>Pe 6 decembrie, este momentul s\u0103 oprim abuzurile actualei&nbsp;<a href=\"https:\/\/www.facebook.com\/hashtag\/puteri?__eep__=6&amp;source=feed_text&amp;epa=HASHTAG&amp;__xts__%5B0%5D=68.ARDFf4zmtXOIGnRAiINn-35T3woHj28WW82XrGUPRp6KHssiOnYPu0C0kSEK6b9jgF4S2LKAN5yN2NSFCe341j9lF4e0BxoZ0JoX4RAO27cqHCke2TZuDz_SGDldooxL4ejbhUHkEb0rHveQ0CnSmai9kb21aki3yiz7g8VVpwAT-LNOOjdEN0SrVqKt6B7swLVpshxYGFfB_qRxxjvLtW1JaHLGWpzPUeMLS1BhaZga8tyWkLWLBJaOU4wjMHWPOmZOxO0qfhq7yFAONalIyIQAUA-4xIz5_tJ_Qjh9x0YZZQTvzM7-i_SOqx4v-B7VvhfT32MyK6mnlHzqbBoF_uPfAg&amp;__tn__=%2ANK-R\">#puteri<\/a>!<br \/>Vin \u00een fa\u021ba voastr\u0103 \u0219i v\u0103 cer sprijinul, pentru c\u0103 numai&nbsp;<a href=\"https:\/\/www.facebook.com\/hashtag\/%C3%AEmpreun%C4%83?__eep__=6&amp;source=feed_text&amp;epa=HASHTAG&amp;__xts__%5B0%5D=68.ARDFf4zmtXOIGnRAiINn-35T3woHj28WW82XrGUPRp6KHssiOnYPu0C0kSEK6b9jgF4S2LKAN5yN2NSFCe341j9lF4e0BxoZ0JoX4RAO27cqHCke2TZuDz_SGDldooxL4ejbhUHkEb0rHveQ0CnSmai9kb21aki3yiz7g8VVpwAT-LNOOjdEN0SrVqKt6B7swLVpshxYGFfB_qRxxjvLtW1JaHLGWpzPUeMLS1BhaZga8tyWkLWLBJaOU4wjMHWPOmZOxO0qfhq7yFAONalIyIQAUA-4xIz5_tJ_Qjh9x0YZZQTvzM7-i_SOqx4v-B7VvhfT32MyK6mnlHzqbBoF_uPfAg&amp;__tn__=%2ANK-R\">#\u00eempreun\u0103<\/a>&nbsp;vom putea&nbsp;<a href=\"https:\/\/www.facebook.com\/hashtag\/reu%C8%99i?__eep__=6&amp;source=feed_text&amp;epa=HASHTAG&amp;__xts__%5B0%5D=68.ARDFf4zmtXOIGnRAiINn-35T3woHj28WW82XrGUPRp6KHssiOnYPu0C0kSEK6b9jgF4S2LKAN5yN2NSFCe341j9lF4e0BxoZ0JoX4RAO27cqHCke2TZuDz_SGDldooxL4ejbhUHkEb0rHveQ0CnSmai9kb21aki3yiz7g8VVpwAT-LNOOjdEN0SrVqKt6B7swLVpshxYGFfB_qRxxjvLtW1JaHLGWpzPUeMLS1BhaZga8tyWkLWLBJaOU4wjMHWPOmZOxO0qfhq7yFAONalIyIQAUA-4xIz5_tJ_Qjh9x0YZZQTvzM7-i_SOqx4v-B7VvhfT32MyK6mnlHzqbBoF_uPfAg&amp;__tn__=%2ANK-R\">#reu\u0219i<\/a>. <\/p>\n\n\n\n<p>Al\u0103turi de o echip\u0103 puternic\u0103, vom construi un nou viitor pentru aceast\u0103&nbsp;<a href=\"https:\/\/www.facebook.com\/hashtag\/%C8%9Bar%C4%83?__eep__=6&amp;source=feed_text&amp;epa=HASHTAG&amp;__xts__%5B0%5D=68.ARDFf4zmtXOIGnRAiINn-35T3woHj28WW82XrGUPRp6KHssiOnYPu0C0kSEK6b9jgF4S2LKAN5yN2NSFCe341j9lF4e0BxoZ0JoX4RAO27cqHCke2TZuDz_SGDldooxL4ejbhUHkEb0rHveQ0CnSmai9kb21aki3yiz7g8VVpwAT-LNOOjdEN0SrVqKt6B7swLVpshxYGFfB_qRxxjvLtW1JaHLGWpzPUeMLS1BhaZga8tyWkLWLBJaOU4wjMHWPOmZOxO0qfhq7yFAONalIyIQAUA-4xIz5_tJ_Qjh9x0YZZQTvzM7-i_SOqx4v-B7VvhfT32MyK6mnlHzqbBoF_uPfAg&amp;__tn__=%2ANK-R\">#\u021bar\u0103<\/a>, un viitor mai bun pentru noi \u0219i mai ales pentru genera\u021biile viitoare!<br \/>Ast\u0103zi, Rom\u00e2nia are nevoie de&nbsp;<a href=\"https:\/\/www.facebook.com\/hashtag\/psd?__eep__=6&amp;source=feed_text&amp;epa=HASHTAG&amp;__xts__%5B0%5D=68.ARDFf4zmtXOIGnRAiINn-35T3woHj28WW82XrGUPRp6KHssiOnYPu0C0kSEK6b9jgF4S2LKAN5yN2NSFCe341j9lF4e0BxoZ0JoX4RAO27cqHCke2TZuDz_SGDldooxL4ejbhUHkEb0rHveQ0CnSmai9kb21aki3yiz7g8VVpwAT-LNOOjdEN0SrVqKt6B7swLVpshxYGFfB_qRxxjvLtW1JaHLGWpzPUeMLS1BhaZga8tyWkLWLBJaOU4wjMHWPOmZOxO0qfhq7yFAONalIyIQAUA-4xIz5_tJ_Qjh9x0YZZQTvzM7-i_SOqx4v-B7VvhfT32MyK6mnlHzqbBoF_uPfAg&amp;__tn__=%2ANK-R\">#PSD<\/a>&nbsp;\u00een Parlament \u0219i la guvernare, pentru c\u0103 suntem singurul partid care se lupt\u0103 pentru binele&nbsp;<a href=\"https:\/\/www.facebook.com\/hashtag\/rom%C3%A2nilor?__eep__=6&amp;source=feed_text&amp;epa=HASHTAG&amp;__xts__%5B0%5D=68.ARDFf4zmtXOIGnRAiINn-35T3woHj28WW82XrGUPRp6KHssiOnYPu0C0kSEK6b9jgF4S2LKAN5yN2NSFCe341j9lF4e0BxoZ0JoX4RAO27cqHCke2TZuDz_SGDldooxL4ejbhUHkEb0rHveQ0CnSmai9kb21aki3yiz7g8VVpwAT-LNOOjdEN0SrVqKt6B7swLVpshxYGFfB_qRxxjvLtW1JaHLGWpzPUeMLS1BhaZga8tyWkLWLBJaOU4wjMHWPOmZOxO0qfhq7yFAONalIyIQAUA-4xIz5_tJ_Qjh9x0YZZQTvzM7-i_SOqx4v-B7VvhfT32MyK6mnlHzqbBoF_uPfAg&amp;__tn__=%2ANK-R\">#rom\u00e2nilor<\/a>&nbsp;!<br \/><a href=\"https:\/\/www.facebook.com\/hashtag\/continu%C4%83m%C3%AEmpreun%C4%83?__eep__=6&amp;source=feed_text&amp;epa=HASHTAG&amp;__xts__%5B0%5D=68.ARDFf4zmtXOIGnRAiINn-35T3woHj28WW82XrGUPRp6KHssiOnYPu0C0kSEK6b9jgF4S2LKAN5yN2NSFCe341j9lF4e0BxoZ0JoX4RAO27cqHCke2TZuDz_SGDldooxL4ejbhUHkEb0rHveQ0CnSmai9kb21aki3yiz7g8VVpwAT-LNOOjdEN0SrVqKt6B7swLVpshxYGFfB_qRxxjvLtW1JaHLGWpzPUeMLS1BhaZga8tyWkLWLBJaOU4wjMHWPOmZOxO0qfhq7yFAONalIyIQAUA-4xIz5_tJ_Qjh9x0YZZQTvzM7-i_SOqx4v-B7VvhfT32MyK6mnlHzqbBoF_uPfAg&amp;__tn__=%2ANK-R\">#Continu\u0103m\u00cempreun\u0103<\/a><br \/><a href=\"https:\/\/www.facebook.com\/hashtag\/psdgiurgiu?__eep__=6&amp;source=feed_text&amp;epa=HASHTAG&amp;__xts__%5B0%5D=68.ARDFf4zmtXOIGnRAiINn-35T3woHj28WW82XrGUPRp6KHssiOnYPu0C0kSEK6b9jgF4S2LKAN5yN2NSFCe341j9lF4e0BxoZ0JoX4RAO27cqHCke2TZuDz_SGDldooxL4ejbhUHkEb0rHveQ0CnSmai9kb21aki3yiz7g8VVpwAT-LNOOjdEN0SrVqKt6B7swLVpshxYGFfB_qRxxjvLtW1JaHLGWpzPUeMLS1BhaZga8tyWkLWLBJaOU4wjMHWPOmZOxO0qfhq7yFAONalIyIQAUA-4xIz5_tJ_Qjh9x0YZZQTvzM7-i_SOqx4v-B7VvhfT32MyK6mnlHzqbBoF_uPfAg&amp;__tn__=%2ANK-R\">#PSDGiurgiu<\/a><br \/><a href=\"https:\/\/www.facebook.com\/hashtag\/siguran%C8%9Baunuitraimaibun?__eep__=6&amp;source=feed_text&amp;epa=HASHTAG&amp;__xts__%5B0%5D=68.ARDFf4zmtXOIGnRAiINn-35T3woHj28WW82XrGUPRp6KHssiOnYPu0C0kSEK6b9jgF4S2LKAN5yN2NSFCe341j9lF4e0BxoZ0JoX4RAO27cqHCke2TZuDz_SGDldooxL4ejbhUHkEb0rHveQ0CnSmai9kb21aki3yiz7g8VVpwAT-LNOOjdEN0SrVqKt6B7swLVpshxYGFfB_qRxxjvLtW1JaHLGWpzPUeMLS1BhaZga8tyWkLWLBJaOU4wjMHWPOmZOxO0qfhq7yFAONalIyIQAUA-4xIz5_tJ_Qjh9x0YZZQTvzM7-i_SOqx4v-B7VvhfT32MyK6mnlHzqbBoF_uPfAg&amp;__tn__=%2ANK-R\">#Siguran\u021baUnuiTraiMaiBun<\/a>&#8222;<\/p>\n","protected":false},"excerpt":{"rendered":"<p>Pre\u015fedintele PSD Giurgiu, candidat la Camera Deputa\u0163ilor, Marian Mina, a postat, recent, pe pagina sa de Facebook urm\u0103torul mesaj: &#8222;?????? ???, ???????? ?????? ?? ??? ??&nbsp;#???????&nbsp;\u00ee? ??????????? ???\u00e2???? ! Pe 6 decembrie, este momentul s\u0103 oprim abuzurile actualei&nbsp;#puteri!Vin \u00een fa\u021ba voastr\u0103 \u0219i v\u0103 cer sprijinul, pentru c\u0103 numai&nbsp;#\u00eempreun\u0103&nbsp;vom putea&nbsp;#reu\u0219i. Al\u0103turi de o echip\u0103 puternic\u0103, vom [&hellip;]<\/p>\n","protected":false},"author":1,"featured_media":73706,"comment_status":"open","ping_status":"open","sticky":false,"template":"","format":"standard","meta":{"slim_seo":{"title":"Marian Mina: \"Rom\u00e2nia are nevoie de PSD \u00een Parlament \u0219i la guvernare, pentru c\u0103 suntem singurul partid care se lupt\u0103 pentru binele rom\u00e2nilor!\" - GIURGIU NET","description":"Pre\u015fedintele PSD Giurgiu, candidat la Camera Deputa\u0163ilor, Marian Mina, a postat, recent, pe pagina sa de Facebook urm\u0103torul mesaj: \"?????? ???, ???????? ??????"},"footnotes":""},"categories":[18,19,25,28],"tags":[1626],"class_list":{"0":"post-73705","1":"post","2":"type-post","3":"status-publish","4":"format-standard","5":"has-post-thumbnail","7":"category-actual","8":"category-adm","9":"category-pol","10":"category-uo","11":"tag-marian-mina"},"_links":{"self":[{"href":"https:\/\/giurgiu-net.ro\/index.php\/wp-json\/wp\/v2\/posts\/73705","targetHints":{"allow":["GET"]}}],"collection":[{"href":"https:\/\/giurgiu-net.ro\/index.php\/wp-json\/wp\/v2\/posts"}],"about":[{"href":"https:\/\/giurgiu-net.ro\/index.php\/wp-json\/wp\/v2\/types\/post"}],"author":[{"embeddable":true,"href":"https:\/\/giurgiu-net.ro\/index.php\/wp-json\/wp\/v2\/users\/1"}],"replies":[{"embeddable":true,"href":"https:\/\/giurgiu-net.ro\/index.php\/wp-json\/wp\/v2\/comments?post=73705"}],"version-history":[{"count":0,"href":"https:\/\/giurgiu-net.ro\/index.php\/wp-json\/wp\/v2\/posts\/73705\/revisions"}],"wp:featuredmedia":[{"embeddable":true,"href":"https:\/\/giurgiu-net.ro\/index.php\/wp-json\/"}],"wp:attachment":[{"href":"https:\/\/giurgiu-net.ro\/index.php\/wp-json\/wp\/v2\/media?parent=73705"}],"wp:term":[{"taxonomy":"category","embeddable":true,"href":"https:\/\/giurgiu-net.ro\/index.php\/wp-json\/wp\/v2\/categories?post=73705"},{"taxonomy":"post_tag","embeddable":true,"href":"https:\/\/giurgiu-net.ro\/index.php\/wp-json\/wp\/v2\/tags?post=73705"}],"curies":[{"name":"wp","href":"https:\/\/api.w.org\/{rel}","templated":true}]}}