{"id":73676,"date":"2020-10-26T09:51:44","date_gmt":"2020-10-26T07:51:44","guid":{"rendered":"http:\/\/giurgiu-net.ro\/?p=73676"},"modified":"2020-10-26T09:51:44","modified_gmt":"2020-10-26T07:51:44","slug":"cat-tupeu-pnl-jos-labele-de-pe-programul-national-de-dezvoltare-locala-liberalii-giurgiuveni-se-lauda-cu-realizarile-social-democratilor-partea-a-ii-a","status":"publish","type":"post","link":"https:\/\/giurgiu-net.ro\/index.php\/2020\/10\/26\/cat-tupeu-pnl-jos-labele-de-pe-programul-national-de-dezvoltare-locala-liberalii-giurgiuveni-se-lauda-cu-realizarile-social-democratilor-partea-a-ii-a\/","title":{"rendered":"C\u00c2T TUPEU! PNL, jos labele de pe Programul Na\u0163ional de Dezvoltare Local\u0103! \u201eLiberalii\u201d giurgiuveni se laud\u0103 cu realiz\u0103rile social-democra\u0163ilor. Partea a II-a"},"content":{"rendered":"\n<p>La parlamentare, ca la locale.<\/p>\n\n\n\n<p>\u00cen lipsa unor realiz\u0103ri proprii, fie c\u0103 vorbim despre Guvernul lor ori despre ni\u015fte \u201ebie\u0163i\u201d parlamentari PNL, b\u0103ie\u0163ii de la PNL Giurgiu, s\u0103lta\u0163i \u00een cap de list\u0103 pentru parlamentare, au \u00eenceput s\u0103 scrie prostioare mai mici sau mai mari, \u00een func\u0163ie de \u201egreutatea politic\u0103\u201d, pe Facebook.<\/p>\n\n\n\n<p>Maestrul de ceremonii, de data asta, Alexandru Andrei. Poftind la un nou mandat de deputat, domnul cu pricina atribuie Guvernului pe care \u00eel reprezint\u0103(acum, c\u0103, \u00een urm\u0103 cu vreo 2 ani, \u00eei \u00eenjura pe PNL-i\u015fti de nu se vedeau), sigur, cu mant\u0103, un program despre care presa central\u0103 scria, acum c\u00e2teva zile, c\u0103 <strong>Orban l-ar cam vrea \u00eenchis.<\/strong><\/p>\n\n\n\n<p>Mai exact, Alexandru Andrei zice c\u0103 giurgiuvenii ar trebui s\u0103 fac\u0103 niscai plec\u0103ciuni, la vot mai exact, \u00een fa\u0163a PNL care ar fi pl\u0103tit 200 de milioane de lei, investi\u0163ii pe PNDL, \u00een jude\u0163ul Giurgiu.<\/p>\n\n\n\n<figure class=\"wp-block-image size-large\"><img decoding=\"async\" src=\"https:\/\/giurgiu-net.ro\/wp-content\/uploads\/2020\/10\/WhatsApp-Image-2020-10-26-at-09.27.43-300x300.jpeg\" alt=\"\" class=\"wp-image-73677\"\/><\/figure>\n\n\n\n<p>Extraordinar! Sunte\u0163i fantastici, b\u0103ie\u0163i! Asta e ca \u015fi cum noul patron se laud\u0103 pe Facebook c\u0103 le-a dat angaja\u0163ilor \u015fi lichidarea. Mari oameni, mari caractere.<\/p>\n\n\n\n<p><em><strong>Programul Na\u0163ional de Dezvoltare Local\u0103 este g\u00e2ndit \u015fi implementat de PSD. Toate proiectele, inclusiv pentru jude\u0163ul Giurgiu(beneficiarul celor mai mari sume, din toat\u0103 \u0163ara, \u00een timpul Guvern\u0103rii PSD) se datoreaz\u0103 PSD. Echipei centrale, dar mai ales echipei PSD Giurgiu.<\/strong><\/em><\/p>\n\n\n\n<p><em>Exist\u0103 poze cu to\u0163i primarii giurgiuveni care semnau proiecte dup\u0103 proiecte pentru drumuri, \u015fcoli, ap\u0103-canal etc., la Ministerul Dezvolt\u0103rii, al\u0103turi de cei care i-au ajutat cu tot ce au putut, respectiv conducerea social-democrat\u0103 a Consiliului Jude\u0163ean, reprezentat\u0103 de Marian Mina.<\/em><\/p>\n\n\n\n<p>Circulau zvonuri c\u0103 PNL chiar ar fi condi\u0163ionat trecerea primarilor PSD, la ei, inclusiv de alocarea restului de bani pentru proiecte PNDL, CONTRACTATE \u00een GUVERNAREA PSD&#8230; Acum, c\u0103 dorin\u0163a lor s-a \u00eenf\u0103ptuit, s\u0103 ie\u015fi \u015fi s\u0103 te lauzi c\u0103 le-ai dat administra\u0163iilor ce LI SE CUVENEA, prin contracte, restul de bani, poate chiar pentru lucr\u0103ri deja f\u0103cute, este de-a dreptul nesim\u0163ire!<\/p>\n\n\n\n<p><strong>Nu sunt proiecte noi, sunt proiecte depuse \u015fi c\u00e2\u015ftigate \u00een timpul administra\u0163iei PSD, a\u015fa c\u0103 PNL, jos labele de pe PNDL!<\/strong><\/p>\n","protected":false},"excerpt":{"rendered":"<p>La parlamentare, ca la locale. \u00cen lipsa unor realiz\u0103ri proprii, fie c\u0103 vorbim despre Guvernul lor ori despre ni\u015fte \u201ebie\u0163i\u201d parlamentari PNL, b\u0103ie\u0163ii de la PNL Giurgiu, s\u0103lta\u0163i \u00een cap de list\u0103 pentru parlamentare, au \u00eenceput s\u0103 scrie prostioare mai mici sau mai mari, \u00een func\u0163ie de \u201egreutatea politic\u0103\u201d, pe Facebook. Maestrul de ceremonii, de [&hellip;]<\/p>\n","protected":false},"author":1,"featured_media":53635,"comment_status":"open","ping_status":"open","sticky":false,"template":"","format":"standard","meta":{"slim_seo":{"title":"C\u00c2T TUPEU! PNL, jos labele de pe Programul Na\u0163ional de Dezvoltare Local\u0103! \u201eLiberalii\u201d giurgiuveni se laud\u0103 cu realiz\u0103rile social-democra\u0163ilor. Partea a II-a - GIURGIU NET","description":"La parlamentare, ca la locale. \u00cen lipsa unor realiz\u0103ri proprii, fie c\u0103 vorbim despre Guvernul lor ori despre ni\u015fte \u201ebie\u0163i\u201d parlamentari PNL, b\u0103ie\u0163ii de la PNL G"},"footnotes":""},"categories":[18,19,25,28],"tags":[2027],"class_list":{"0":"post-73676","1":"post","2":"type-post","3":"status-publish","4":"format-standard","5":"has-post-thumbnail","7":"category-actual","8":"category-adm","9":"category-pol","10":"category-uo","11":"tag-pnl-giurgiu"},"_links":{"self":[{"href":"https:\/\/giurgiu-net.ro\/index.php\/wp-json\/wp\/v2\/posts\/73676","targetHints":{"allow":["GET"]}}],"collection":[{"href":"https:\/\/giurgiu-net.ro\/index.php\/wp-json\/wp\/v2\/posts"}],"about":[{"href":"https:\/\/giurgiu-net.ro\/index.php\/wp-json\/wp\/v2\/types\/post"}],"author":[{"embeddable":true,"href":"https:\/\/giurgiu-net.ro\/index.php\/wp-json\/wp\/v2\/users\/1"}],"replies":[{"embeddable":true,"href":"https:\/\/giurgiu-net.ro\/index.php\/wp-json\/wp\/v2\/comments?post=73676"}],"version-history":[{"count":0,"href":"https:\/\/giurgiu-net.ro\/index.php\/wp-json\/wp\/v2\/posts\/73676\/revisions"}],"wp:featuredmedia":[{"embeddable":true,"href":"https:\/\/giurgiu-net.ro\/index.php\/wp-json\/wp\/v2\/media\/53635"}],"wp:attachment":[{"href":"https:\/\/giurgiu-net.ro\/index.php\/wp-json\/wp\/v2\/media?parent=73676"}],"wp:term":[{"taxonomy":"category","embeddable":true,"href":"https:\/\/giurgiu-net.ro\/index.php\/wp-json\/wp\/v2\/categories?post=73676"},{"taxonomy":"post_tag","embeddable":true,"href":"https:\/\/giurgiu-net.ro\/index.php\/wp-json\/wp\/v2\/tags?post=73676"}],"curies":[{"name":"wp","href":"https:\/\/api.w.org\/{rel}","templated":true}]}}