{"id":73077,"date":"2020-08-07T13:25:00","date_gmt":"2020-08-07T10:25:00","guid":{"rendered":"http:\/\/giurgiu-net.ro\/?p=73077"},"modified":"2020-08-07T13:25:00","modified_gmt":"2020-08-07T10:25:00","slug":"marian-patuleanu-cred-ca-nu-exista-primar-din-judetul-giurgiu-care-sa-nu-fie-amenintat-de-conducerea-pnl-giurgiu","status":"publish","type":"post","link":"https:\/\/giurgiu-net.ro\/index.php\/2020\/08\/07\/marian-patuleanu-cred-ca-nu-exista-primar-din-judetul-giurgiu-care-sa-nu-fie-amenintat-de-conducerea-pnl-giurgiu\/","title":{"rendered":"Marian P\u0103tuleanu: &#8222;Cred c\u0103 nu exist\u0103 primar din jude\u0163ul Giurgiu  care s\u0103 nu fie amenin\u0163at de conducerea PNL Giurgiu!&#8221;"},"content":{"rendered":"\n<p>Primarul Marian P\u0103tuleanu a declarat, azi, \u00een conferin\u0163a de pres\u0103 a PSD Giurgiu: <\/p>\n\n\n\n<figure class=\"wp-block-image size-full\"><img loading=\"lazy\" decoding=\"async\" width=\"800\" height=\"685\" src=\"https:\/\/giurgiu-net.ro\/wp-content\/uploads\/2020\/08\/DSC_4693.jpg\" alt=\"\" class=\"wp-image-73078\" srcset=\"https:\/\/giurgiu-net.ro\/wp-content\/uploads\/2020\/08\/DSC_4693.jpg 800w, https:\/\/giurgiu-net.ro\/wp-content\/uploads\/2020\/08\/DSC_4693-300x257.jpg 300w, https:\/\/giurgiu-net.ro\/wp-content\/uploads\/2020\/08\/DSC_4693-768x658.jpg 768w, https:\/\/giurgiu-net.ro\/wp-content\/uploads\/2020\/08\/DSC_4693-696x596.jpg 696w\" sizes=\"auto, (max-width: 800px) 100vw, 800px\" \/><\/figure>\n\n\n\n<p>\u201e<em>N-am plecat de la PSD, am fost \u015fi sunt al\u0103turi de aceast\u0103 echip\u0103. Nu am \u00een\u0163eles comunicatul lui Dan Motreanu. A fost, \u00eentr-adev\u0103r o discu\u0163ie, cum au \u015fi al\u0163i colegi, chiar \u015fi cu alte partide, dar nu a fost nimic concret. (&#8230;) Cred c\u0103 nu exist\u0103 primar din jude\u0163ul Giurgiu&nbsp; care s\u0103 nu fie amenin\u0163at(de conducerea PNL Giurgiu, n.r.). Poate \u00eenceteaz\u0103 odat\u0103 cu toate chestiile astea \u015fi vin \u00een fa\u0163a oamenilor cu proiecte, nu cu presiuni, insisten\u0163e \u015fi abuzuri! <\/em><\/p>\n\n\n\n<p><em>PSD chiar a f\u0103cut ceva pentru jude\u0163ul Giurgiu, prin domnul B\u0103d\u0103l\u0103u, prin pre\u015fedintele Marian Mina \u015fi \u00eei rog pe to\u0163i colegii mei primari s\u0103 nu se lase intimida\u0163i de PNL \u015fi s\u0103 r\u0103m\u00e2n\u0103 \u00een echipa PSD Giurgiu\u201d<\/em><\/p>\n","protected":false},"excerpt":{"rendered":"<p>Primarul Marian P\u0103tuleanu a declarat, azi, \u00een conferin\u0163a de pres\u0103 a PSD Giurgiu: \u201eN-am plecat de la PSD, am fost \u015fi sunt al\u0103turi de aceast\u0103 echip\u0103. Nu am \u00een\u0163eles comunicatul lui Dan Motreanu. A fost, \u00eentr-adev\u0103r o discu\u0163ie, cum au \u015fi al\u0163i colegi, chiar \u015fi cu alte partide, dar nu a fost nimic concret. (&#8230;) [&hellip;]<\/p>\n","protected":false},"author":1,"featured_media":73078,"comment_status":"open","ping_status":"open","sticky":false,"template":"","format":"standard","meta":{"slim_seo":{"title":"Marian P\u0103tuleanu: \"Cred c\u0103 nu exist\u0103 primar din jude\u0163ul Giurgiu care s\u0103 nu fie amenin\u0163at de conducerea PNL Giurgiu!\" - GIURGIU NET","description":"Primarul Marian P\u0103tuleanu a declarat, azi, \u00een conferin\u0163a de pres\u0103 a PSD Giurgiu: \u201e N-am plecat de la PSD, am fost \u015fi sunt al\u0103turi de aceast\u0103 echip\u0103. Nu am \u00een\u0163el"},"footnotes":""},"categories":[19],"tags":[],"class_list":{"0":"post-73077","1":"post","2":"type-post","3":"status-publish","4":"format-standard","5":"has-post-thumbnail","7":"category-adm"},"_links":{"self":[{"href":"https:\/\/giurgiu-net.ro\/index.php\/wp-json\/wp\/v2\/posts\/73077","targetHints":{"allow":["GET"]}}],"collection":[{"href":"https:\/\/giurgiu-net.ro\/index.php\/wp-json\/wp\/v2\/posts"}],"about":[{"href":"https:\/\/giurgiu-net.ro\/index.php\/wp-json\/wp\/v2\/types\/post"}],"author":[{"embeddable":true,"href":"https:\/\/giurgiu-net.ro\/index.php\/wp-json\/wp\/v2\/users\/1"}],"replies":[{"embeddable":true,"href":"https:\/\/giurgiu-net.ro\/index.php\/wp-json\/wp\/v2\/comments?post=73077"}],"version-history":[{"count":0,"href":"https:\/\/giurgiu-net.ro\/index.php\/wp-json\/wp\/v2\/posts\/73077\/revisions"}],"wp:featuredmedia":[{"embeddable":true,"href":"https:\/\/giurgiu-net.ro\/index.php\/wp-json\/wp\/v2\/media\/73078"}],"wp:attachment":[{"href":"https:\/\/giurgiu-net.ro\/index.php\/wp-json\/wp\/v2\/media?parent=73077"}],"wp:term":[{"taxonomy":"category","embeddable":true,"href":"https:\/\/giurgiu-net.ro\/index.php\/wp-json\/wp\/v2\/categories?post=73077"},{"taxonomy":"post_tag","embeddable":true,"href":"https:\/\/giurgiu-net.ro\/index.php\/wp-json\/wp\/v2\/tags?post=73077"}],"curies":[{"name":"wp","href":"https:\/\/api.w.org\/{rel}","templated":true}]}}