{"id":73070,"date":"2020-08-06T18:56:06","date_gmt":"2020-08-06T15:56:06","guid":{"rendered":"http:\/\/giurgiu-net.ro\/?p=73070"},"modified":"2020-08-06T18:56:06","modified_gmt":"2020-08-06T15:56:06","slug":"nici-acum-dupa-9-ani-n-a-fost-gasit-vinovatul-in-cazul-mortii-baiatului-peste-care-s-a-prabusit-un-turn-la-spitalul-giurgiu","status":"publish","type":"post","link":"https:\/\/giurgiu-net.ro\/index.php\/2020\/08\/06\/nici-acum-dupa-9-ani-n-a-fost-gasit-vinovatul-in-cazul-mortii-baiatului-peste-care-s-a-prabusit-un-turn-la-spitalul-giurgiu\/","title":{"rendered":"Nici acum, dup\u0103 9 ani, n-a fost g\u0103sit vinovatul \u00een cazul mor\u0163ii b\u0103iatului peste care s-a pr\u0103bu\u015fit un turn, la Spitalul Giurgiu"},"content":{"rendered":"\n<p>Au trecut 9 ani de c\u00e2nd t\u00e2n\u0103rul Alexandru C\u0103ciulan \u015fi-a pierdut via\u0163a, \u00een timp ce lucra la dezmembrarea unui turn din curtea Spitalului Jude\u0163ean de Urgen\u0163\u0103 Giurgiu. Poate unii au uitat despre acest caz, dar familia b\u0103iatului \u015fi acum, dup\u0103 aproape un deceniu, \u00ee\u015fi caut\u0103 dreptate \u00een instan\u0163\u0103. Pentru c\u0103 nici p\u00e2n\u0103 azi nimeni nu a fost tras la r\u0103spundere pentru moartea t\u00e2n\u0103rului, care nu era calificat pentru lucr\u0103rile la care a fost pus.<\/p>\n\n\n\n<p>Alexandru lucra la societatea Euro Group Tehno a Consiliului Jude\u0163ean Giurgiu, director general fiind atunci deputatul de acum PNL Alexandru Andrei.<\/p>\n\n\n\n<p>Recent, la o postare pe Facebook de-ale lui Dumitru Beianu(pre\u015fedintele de atunci al Consiliului Jude\u0163ean Giurgiu), mama lui Alexandru C\u0103ciulan \u015fi fratele acestuia au postat dou\u0103 comentarii cutremur\u0103toare, \u00een care \u00eel acuz\u0103 pe deputatul Andrei c\u0103 ar avea partea sa de vin\u0103 \u00een tragedia familiei lor. Mai mult, de\u015fi Beianu sus\u0163ine c\u0103 Andrei era \u00een concediu c\u00e2nd s-a petrecut nenorocirea, mama lui Alexandru spune c\u0103 de fapt deputatul era prezent la lucrarea respectiv\u0103.<\/p>\n\n\n\n<figure class=\"wp-block-image size-full\"><img loading=\"lazy\" decoding=\"async\" width=\"1080\" height=\"1718\" src=\"https:\/\/giurgiu-net.ro\/wp-content\/uploads\/2020\/08\/alex-spital-1.jpg\" alt=\"\" class=\"wp-image-73071\" srcset=\"https:\/\/giurgiu-net.ro\/wp-content\/uploads\/2020\/08\/alex-spital-1.jpg 1080w, https:\/\/giurgiu-net.ro\/wp-content\/uploads\/2020\/08\/alex-spital-1-189x300.jpg 189w, https:\/\/giurgiu-net.ro\/wp-content\/uploads\/2020\/08\/alex-spital-1-644x1024.jpg 644w, https:\/\/giurgiu-net.ro\/wp-content\/uploads\/2020\/08\/alex-spital-1-768x1222.jpg 768w, https:\/\/giurgiu-net.ro\/wp-content\/uploads\/2020\/08\/alex-spital-1-966x1536.jpg 966w, https:\/\/giurgiu-net.ro\/wp-content\/uploads\/2020\/08\/alex-spital-1-696x1107.jpg 696w, https:\/\/giurgiu-net.ro\/wp-content\/uploads\/2020\/08\/alex-spital-1-1068x1699.jpg 1068w\" sizes=\"auto, (max-width: 1080px) 100vw, 1080px\" \/><\/figure>\n\n\n\n<figure class=\"wp-block-image size-full\"><img loading=\"lazy\" decoding=\"async\" width=\"1080\" height=\"1047\" src=\"https:\/\/giurgiu-net.ro\/wp-content\/uploads\/2020\/08\/alex-spital-2.jpg\" alt=\"\" class=\"wp-image-73072\" srcset=\"https:\/\/giurgiu-net.ro\/wp-content\/uploads\/2020\/08\/alex-spital-2.jpg 1080w, https:\/\/giurgiu-net.ro\/wp-content\/uploads\/2020\/08\/alex-spital-2-300x291.jpg 300w, https:\/\/giurgiu-net.ro\/wp-content\/uploads\/2020\/08\/alex-spital-2-1024x993.jpg 1024w, https:\/\/giurgiu-net.ro\/wp-content\/uploads\/2020\/08\/alex-spital-2-768x745.jpg 768w, https:\/\/giurgiu-net.ro\/wp-content\/uploads\/2020\/08\/alex-spital-2-696x675.jpg 696w, https:\/\/giurgiu-net.ro\/wp-content\/uploads\/2020\/08\/alex-spital-2-1068x1035.jpg 1068w\" sizes=\"auto, (max-width: 1080px) 100vw, 1080px\" \/><\/figure>\n\n\n\n<p>Azi, \u00eentr-o emisiune televizat\u0103, Dumitru Beianu a fost \u00eentrebat de un giurgiuvean de ce nu vorbe\u015fte despre acest caz. \u00cen r\u0103spunsul s\u0103u, Beianu contrazice cele afirmate de mama b\u0103iatului \u015fi \u00eei ia ap\u0103rarea lui Alexandru Andrei, evident.<\/p>\n\n\n\n<p>URM\u0102RI\u0162I MATERIALUL AICI: <a href=\"https:\/\/www.facebook.com\/Giurgiu-Net-Oficial-1869080486709220\/?__tn__=kC-R&amp;eid=ARA4fLF2dUIbh154CngB3oBJa4hYEmYs0Ge317yyg-1yoORUaXI3vosHyJU37lHmDStGGmSm0WqAb-oG&amp;hc_ref=ARQrCkD-xtVix2V5V6z52k-a-b1nyhFGObv8JFwQRWQniCgGNksJy4jm3usmyudebRA&amp;fref=nf&amp;__xts__[0]=68.ARD0klydWR0cZil0r8nbiGDHXE4uDTxP4k_l3p7E30NHfsVKXOqHqzkUYfWPVeSca56stAEC7wwHuu0owauclpRp3pH7IhoqfjjFZPoaaH2C5zUzAyTGTtSQ8PmNGdojS3swwywxavJCjYZ0deRdst68vQ8nLa1p2RARBf6R2k5zuPLHczvHblmzE4CCD1O-0A9pb13MyyorZck16QKInARZhiBIK0Ekv-FKqzMYzjG17ex8ejjXnHwWBVTzSHpdNVEBmzGhraVnVnp-ZC6RFq_ISuu12iMzdsJNdAfEPOEhHSWJH5fQEFiRaYJ7gRiOhYGbyM4lBiQsgZbiymh0z2CVGkBPB29NJucopvwCb6eXXp3vpmOOwvEyuw\" target=\"_blank\" rel=\"noreferrer noopener\">https:\/\/www.facebook.com\/Giurgiu-Net-Oficial-1869080486709220\/?__tn__=kC-R&amp;eid=ARA4fLF2dUIbh154CngB3oBJa4hYEmYs0Ge317yyg-1yoORUaXI3vosHyJU37lHmDStGGmSm0WqAb-oG&amp;hc_ref=ARQrCkD-xtVix2V5V6z52k-a-b1nyhFGObv8JFwQRWQniCgGNksJy4jm3usmyudebRA&amp;fref=nf&amp;__xts__[0]=68.ARD0klydWR0cZil0r8nbiGDHXE4uDTxP4k_l3p7E30NHfsVKXOqHqzkUYfWPVeSca56stAEC7wwHuu0owauclpRp3pH7IhoqfjjFZPoaaH2C5zUzAyTGTtSQ8PmNGdojS3swwywxavJCjYZ0deRdst68vQ8nLa1p2RARBf6R2k5zuPLHczvHblmzE4CCD1O-0A9pb13MyyorZck16QKInARZhiBIK0Ekv-FKqzMYzjG17ex8ejjXnHwWBVTzSHpdNVEBmzGhraVnVnp-ZC6RFq_ISuu12iMzdsJNdAfEPOEhHSWJH5fQEFiRaYJ7gRiOhYGbyM4lBiQsgZbiymh0z2CVGkBPB29NJucopvwCb6eXXp3vpmOOwvEyuw<\/a><\/p>\n\n\n\n<p><\/p>\n\n\n\n<p>Trage\u0163i dumneavoastr\u0103 primele concluzii \u015fi noi promitem c\u0103 vom reveni cu informa\u0163ii pe acest subiect!<\/p>\n","protected":false},"excerpt":{"rendered":"<p>Au trecut 9 ani de c\u00e2nd t\u00e2n\u0103rul Alexandru C\u0103ciulan \u015fi-a pierdut via\u0163a, \u00een timp ce lucra la dezmembrarea unui turn din curtea Spitalului Jude\u0163ean de Urgen\u0163\u0103 Giurgiu. Poate unii au uitat despre acest caz, dar familia b\u0103iatului \u015fi acum, dup\u0103 aproape un deceniu, \u00ee\u015fi caut\u0103 dreptate \u00een instan\u0163\u0103. Pentru c\u0103 nici p\u00e2n\u0103 azi nimeni nu [&hellip;]<\/p>\n","protected":false},"author":1,"featured_media":73072,"comment_status":"open","ping_status":"open","sticky":false,"template":"","format":"standard","meta":{"slim_seo":{"title":"Nici acum, dup\u0103 9 ani, n-a fost g\u0103sit vinovatul \u00een cazul mor\u0163ii b\u0103iatului peste care s-a pr\u0103bu\u015fit un turn, la Spitalul Giurgiu - GIURGIU NET","description":"Au trecut 9 ani de c\u00e2nd t\u00e2n\u0103rul Alexandru C\u0103ciulan \u015fi-a pierdut via\u0163a, \u00een timp ce lucra la dezmembrarea unui turn din curtea Spitalului Jude\u0163ean de Urgen\u0163\u0103 Giur"},"footnotes":""},"categories":[18,26,28],"tags":[172],"class_list":{"0":"post-73070","1":"post","2":"type-post","3":"status-publish","4":"format-standard","5":"has-post-thumbnail","7":"category-actual","8":"category-soc","9":"category-uo","10":"tag-alexandru-andrei"},"_links":{"self":[{"href":"https:\/\/giurgiu-net.ro\/index.php\/wp-json\/wp\/v2\/posts\/73070","targetHints":{"allow":["GET"]}}],"collection":[{"href":"https:\/\/giurgiu-net.ro\/index.php\/wp-json\/wp\/v2\/posts"}],"about":[{"href":"https:\/\/giurgiu-net.ro\/index.php\/wp-json\/wp\/v2\/types\/post"}],"author":[{"embeddable":true,"href":"https:\/\/giurgiu-net.ro\/index.php\/wp-json\/wp\/v2\/users\/1"}],"replies":[{"embeddable":true,"href":"https:\/\/giurgiu-net.ro\/index.php\/wp-json\/wp\/v2\/comments?post=73070"}],"version-history":[{"count":0,"href":"https:\/\/giurgiu-net.ro\/index.php\/wp-json\/wp\/v2\/posts\/73070\/revisions"}],"wp:featuredmedia":[{"embeddable":true,"href":"https:\/\/giurgiu-net.ro\/index.php\/wp-json\/wp\/v2\/media\/73072"}],"wp:attachment":[{"href":"https:\/\/giurgiu-net.ro\/index.php\/wp-json\/wp\/v2\/media?parent=73070"}],"wp:term":[{"taxonomy":"category","embeddable":true,"href":"https:\/\/giurgiu-net.ro\/index.php\/wp-json\/wp\/v2\/categories?post=73070"},{"taxonomy":"post_tag","embeddable":true,"href":"https:\/\/giurgiu-net.ro\/index.php\/wp-json\/wp\/v2\/tags?post=73070"}],"curies":[{"name":"wp","href":"https:\/\/api.w.org\/{rel}","templated":true}]}}