{"id":73060,"date":"2020-08-05T14:30:27","date_gmt":"2020-08-05T11:30:27","guid":{"rendered":"http:\/\/giurgiu-net.ro\/?p=73060"},"modified":"2020-08-05T14:30:27","modified_gmt":"2020-08-05T11:30:27","slug":"inspiratia-de-miercuri-e-nunta-cu-strigaturi-la-pnl-giurgiu","status":"publish","type":"post","link":"https:\/\/giurgiu-net.ro\/index.php\/2020\/08\/05\/inspiratia-de-miercuri-e-nunta-cu-strigaturi-la-pnl-giurgiu\/","title":{"rendered":"InspiRa\u0163ia de Miercuri: E &#8222;nunt\u0103&#8221; cu strig\u0103turi, la PNL Giurgiu"},"content":{"rendered":"\n<figure class=\"wp-block-image size-full\"><img loading=\"lazy\" decoding=\"async\" width=\"737\" height=\"155\" src=\"https:\/\/giurgiu-net.ro\/wp-content\/uploads\/2020\/08\/cr.jpg\" alt=\"\" class=\"wp-image-73064\" srcset=\"https:\/\/giurgiu-net.ro\/wp-content\/uploads\/2020\/08\/cr.jpg 737w, https:\/\/giurgiu-net.ro\/wp-content\/uploads\/2020\/08\/cr-300x63.jpg 300w, https:\/\/giurgiu-net.ro\/wp-content\/uploads\/2020\/08\/cr-696x146.jpg 696w\" sizes=\"auto, (max-width: 737px) 100vw, 737px\" \/><\/figure>\n\n\n\n<p>B\u0103i, fra\u0163ilor, au \u00eenceput b\u0103ie\u0163ii s\u0103 se &#8222;laude&#8221; cu racol\u0103rile, m\u0103! Noroc c\u0103 primarii au masc\u0103 \u015fi nu li se vede fa\u0163a&#8230; \u015ei nu se vede nici ce \u0163in \u00een m\u00e2n\u0103 \u015fefii de la PNL Giurgiu, \u00een aia cu care i-au (cu)prins de dup\u0103 mijloc.<\/p>\n\n\n\n<p>\u015etim cu to\u0163ii c\u0103 cel pu\u0163in unul din cei cinci pe care i-au scos \u00een fa\u0163\u0103, la poz\u0103, a fost amendat, s\u0103pt\u0103m\u00e2na trecut\u0103, cu un miliard, de Garda de Mediu&#8230; De bun\u0103 voie \u015fi nesili\u0163i de nimeni, ha? Chiar suntem curio\u015fi dac\u0103 i-o vor \u015fterge. <\/p>\n\n\n\n<p>Miresele au zestre, noroc cu PSD-ul, c\u0103 d-aia le-au \u015fi pe\u0163it b\u0103ie\u0163eii de la PNL. Dar mirii? Ce au, m\u0103, mirii, c\u0103 \u015ftie toat\u0103 Rom\u00e2nia c\u0103-s rup\u0163i \u00een buget maxim! <\/p>\n\n\n\n<p><em>Ia-\u0163i, mireas\u0103\u0103\u0103, ziua bun\u0103\u0103\u0103, de la banii p-ast\u0103 lun\u0103\u0103\u0103 \ud83d\ude00<\/em><\/p>\n\n\n\n<p>Oricum, noi am intrat \u00een posesia adev\u0103ratei poze cu primarii :))<\/p>\n\n\n\n<figure class=\"wp-block-image size-full\"><img loading=\"lazy\" decoding=\"async\" width=\"1209\" height=\"703\" src=\"https:\/\/giurgiu-net.ro\/wp-content\/uploads\/2020\/08\/adevarat-2.jpg\" alt=\"\" class=\"wp-image-73061\" srcset=\"https:\/\/giurgiu-net.ro\/wp-content\/uploads\/2020\/08\/adevarat-2.jpg 1209w, https:\/\/giurgiu-net.ro\/wp-content\/uploads\/2020\/08\/adevarat-2-300x174.jpg 300w, https:\/\/giurgiu-net.ro\/wp-content\/uploads\/2020\/08\/adevarat-2-1024x595.jpg 1024w, https:\/\/giurgiu-net.ro\/wp-content\/uploads\/2020\/08\/adevarat-2-768x447.jpg 768w, https:\/\/giurgiu-net.ro\/wp-content\/uploads\/2020\/08\/adevarat-2-696x405.jpg 696w, https:\/\/giurgiu-net.ro\/wp-content\/uploads\/2020\/08\/adevarat-2-1068x621.jpg 1068w\" sizes=\"auto, (max-width: 1209px) 100vw, 1209px\" \/><\/figure>\n\n\n\n<p>R\u0103m\u00e2ne s\u0103 afl\u0103m, cur\u00e2nd!<\/p>\n\n\n\n<ul class=\"wp-block-list\"><li>Acesta este, par\u0163ial, un pamflet ce trebuie tratat ca atare!<\/li><\/ul>\n","protected":false},"excerpt":{"rendered":"<p>B\u0103i, fra\u0163ilor, au \u00eenceput b\u0103ie\u0163ii s\u0103 se &#8222;laude&#8221; cu racol\u0103rile, m\u0103! Noroc c\u0103 primarii au masc\u0103 \u015fi nu li se vede fa\u0163a&#8230; \u015ei nu se vede nici ce \u0163in \u00een m\u00e2n\u0103 \u015fefii de la PNL Giurgiu, \u00een aia cu care i-au (cu)prins de dup\u0103 mijloc. \u015etim cu to\u0163ii c\u0103 cel pu\u0163in unul din cei cinci [&hellip;]<\/p>\n","protected":false},"author":1,"featured_media":73061,"comment_status":"open","ping_status":"open","sticky":false,"template":"","format":"standard","meta":{"slim_seo":{"title":"InspiRa\u0163ia de Miercuri: E \"nunt\u0103\" cu strig\u0103turi, la PNL Giurgiu - GIURGIU NET","description":"B\u0103i, fra\u0163ilor, au \u00eenceput b\u0103ie\u0163ii s\u0103 se \"laude\" cu racol\u0103rile, m\u0103! Noroc c\u0103 primarii au masc\u0103 \u015fi nu li se vede fa\u0163a... \u015ei nu se vede nici ce \u0163in \u00een m\u00e2n\u0103 \u015fefii d"},"footnotes":""},"categories":[18,19,25,28],"tags":[2027],"class_list":{"0":"post-73060","1":"post","2":"type-post","3":"status-publish","4":"format-standard","5":"has-post-thumbnail","7":"category-actual","8":"category-adm","9":"category-pol","10":"category-uo","11":"tag-pnl-giurgiu"},"_links":{"self":[{"href":"https:\/\/giurgiu-net.ro\/index.php\/wp-json\/wp\/v2\/posts\/73060","targetHints":{"allow":["GET"]}}],"collection":[{"href":"https:\/\/giurgiu-net.ro\/index.php\/wp-json\/wp\/v2\/posts"}],"about":[{"href":"https:\/\/giurgiu-net.ro\/index.php\/wp-json\/wp\/v2\/types\/post"}],"author":[{"embeddable":true,"href":"https:\/\/giurgiu-net.ro\/index.php\/wp-json\/wp\/v2\/users\/1"}],"replies":[{"embeddable":true,"href":"https:\/\/giurgiu-net.ro\/index.php\/wp-json\/wp\/v2\/comments?post=73060"}],"version-history":[{"count":0,"href":"https:\/\/giurgiu-net.ro\/index.php\/wp-json\/wp\/v2\/posts\/73060\/revisions"}],"wp:featuredmedia":[{"embeddable":true,"href":"https:\/\/giurgiu-net.ro\/index.php\/wp-json\/wp\/v2\/media\/73061"}],"wp:attachment":[{"href":"https:\/\/giurgiu-net.ro\/index.php\/wp-json\/wp\/v2\/media?parent=73060"}],"wp:term":[{"taxonomy":"category","embeddable":true,"href":"https:\/\/giurgiu-net.ro\/index.php\/wp-json\/wp\/v2\/categories?post=73060"},{"taxonomy":"post_tag","embeddable":true,"href":"https:\/\/giurgiu-net.ro\/index.php\/wp-json\/wp\/v2\/tags?post=73060"}],"curies":[{"name":"wp","href":"https:\/\/api.w.org\/{rel}","templated":true}]}}