{"id":73057,"date":"2020-08-05T13:06:49","date_gmt":"2020-08-05T10:06:49","guid":{"rendered":"http:\/\/giurgiu-net.ro\/?p=73057"},"modified":"2020-08-05T13:06:49","modified_gmt":"2020-08-05T10:06:49","slug":"tribunalul-giurgiu-a-respins-apelul-dsp-in-cazul-mina-astept-solutionarea-plangerilor-penale-impotriva-tuturor-celor-care-au-participat-la-samavolnicia-orchestrata-si-intretinuta-politic-spune","status":"publish","type":"post","link":"https:\/\/giurgiu-net.ro\/index.php\/2020\/08\/05\/tribunalul-giurgiu-a-respins-apelul-dsp-in-cazul-mina-astept-solutionarea-plangerilor-penale-impotriva-tuturor-celor-care-au-participat-la-samavolnicia-orchestrata-si-intretinuta-politic-spune\/","title":{"rendered":"Tribunalul Giurgiu a respins apelul DSP \u00een cazul lui Mina. &#8222;A\u0219tept solu\u021bionarea pl\u00e2ngerilor penale \u00eempotriva tuturor celor care au participat la samavolnicia orchestrat\u0103 \u0219i \u00eentre\u021binut\u0103 politic!&#8221;, spune pre\u015fedintele CJ Giurgiu"},"content":{"rendered":"\n<p>Pre\u015fedintele CJ Giurgiu, Marian Mina a anun\u0163at, pe pagina sa de Facebook: &#8222;Tribunalul Giurgiu a respins, ca nefondat, apelul DSP Giurgiu \u00eempotriva sentin\u021bei prin care a \u00eencetat de\u00eendat\u0103 carantinarea abuziv\u0103 instituit\u0103 \u00eempotriva mea exclusiv din ra\u021biuni politice. <\/p>\n\n\n\n<p>Dincolo de terminologia juridic\u0103, hot\u0103r\u00e2rea de azi face dreptate \u0219i consfin\u021beste o realitate de necontestat: PNL face poli\u021bie politic\u0103 la Giurgiu. Instrumentele trebuie s\u0103 pl\u0103teasc\u0103 pentru asta. Motiv pentru care, a\u0219a cum am anun\u021bat, a\u0219tept solu\u021bionarea pl\u00e2ngerilor penale \u00eempotriva tuturor celor care au participat la samavolnicia orchestrat\u0103 \u0219i \u00eentre\u021binut\u0103 politic. Dat fiind c\u0103 nu are onoare s\u0103-\u0219i dea demisia, cer imperativ demiterea prefectei Aneta Matei&#8221;<\/p>\n","protected":false},"excerpt":{"rendered":"<p>Pre\u015fedintele CJ Giurgiu, Marian Mina a anun\u0163at, pe pagina sa de Facebook: &#8222;Tribunalul Giurgiu a respins, ca nefondat, apelul DSP Giurgiu \u00eempotriva sentin\u021bei prin care a \u00eencetat de\u00eendat\u0103 carantinarea abuziv\u0103 instituit\u0103 \u00eempotriva mea exclusiv din ra\u021biuni politice. Dincolo de terminologia juridic\u0103, hot\u0103r\u00e2rea de azi face dreptate \u0219i consfin\u021beste o realitate de necontestat: PNL face poli\u021bie [&hellip;]<\/p>\n","protected":false},"author":1,"featured_media":69762,"comment_status":"open","ping_status":"open","sticky":false,"template":"","format":"standard","meta":{"slim_seo":{"title":"Tribunalul Giurgiu a respins apelul DSP \u00een cazul lui Mina. \"A\u0219tept solu\u021bionarea pl\u00e2ngerilor penale \u00eempotriva tuturor celor care au participat la samavolnicia orchestrat\u0103 \u0219i \u00eentre\u021binut\u0103 politic!\", spune pre\u015fedintele CJ Giurgiu - GIURGIU NET","description":"Pre\u015fedintele CJ Giurgiu, Marian Mina a anun\u0163at, pe pagina sa de Facebook: \"Tribunalul Giurgiu a respins, ca nefondat, apelul DSP Giurgiu \u00eempotriva sentin\u021bei pri"},"footnotes":""},"categories":[18,19,25,28],"tags":[1626],"class_list":{"0":"post-73057","1":"post","2":"type-post","3":"status-publish","4":"format-standard","5":"has-post-thumbnail","7":"category-actual","8":"category-adm","9":"category-pol","10":"category-uo","11":"tag-marian-mina"},"_links":{"self":[{"href":"https:\/\/giurgiu-net.ro\/index.php\/wp-json\/wp\/v2\/posts\/73057","targetHints":{"allow":["GET"]}}],"collection":[{"href":"https:\/\/giurgiu-net.ro\/index.php\/wp-json\/wp\/v2\/posts"}],"about":[{"href":"https:\/\/giurgiu-net.ro\/index.php\/wp-json\/wp\/v2\/types\/post"}],"author":[{"embeddable":true,"href":"https:\/\/giurgiu-net.ro\/index.php\/wp-json\/wp\/v2\/users\/1"}],"replies":[{"embeddable":true,"href":"https:\/\/giurgiu-net.ro\/index.php\/wp-json\/wp\/v2\/comments?post=73057"}],"version-history":[{"count":0,"href":"https:\/\/giurgiu-net.ro\/index.php\/wp-json\/wp\/v2\/posts\/73057\/revisions"}],"wp:featuredmedia":[{"embeddable":true,"href":"https:\/\/giurgiu-net.ro\/index.php\/wp-json\/wp\/v2\/media\/69762"}],"wp:attachment":[{"href":"https:\/\/giurgiu-net.ro\/index.php\/wp-json\/wp\/v2\/media?parent=73057"}],"wp:term":[{"taxonomy":"category","embeddable":true,"href":"https:\/\/giurgiu-net.ro\/index.php\/wp-json\/wp\/v2\/categories?post=73057"},{"taxonomy":"post_tag","embeddable":true,"href":"https:\/\/giurgiu-net.ro\/index.php\/wp-json\/wp\/v2\/tags?post=73057"}],"curies":[{"name":"wp","href":"https:\/\/api.w.org\/{rel}","templated":true}]}}