{"id":73053,"date":"2020-08-05T11:33:57","date_gmt":"2020-08-05T08:33:57","guid":{"rendered":"http:\/\/giurgiu-net.ro\/?p=73053"},"modified":"2020-08-05T11:33:57","modified_gmt":"2020-08-05T08:33:57","slug":"fost-consilier-local-pnl-din-oinacu-executat-politicsi-nu-numai-pentru-ca-si-a-dorit-modernizarea-comunei-si-a-votat-proiectele-primarului-psd-plangere-penala-impotriva-lui-fabian-tirca-cititi-a","status":"publish","type":"post","link":"https:\/\/giurgiu-net.ro\/index.php\/2020\/08\/05\/fost-consilier-local-pnl-din-oinacu-executat-politicsi-nu-numai-pentru-ca-si-a-dorit-modernizarea-comunei-si-a-votat-proiectele-primarului-psd-plangere-penala-impotriva-lui-fabian-tirca-cititi-a\/","title":{"rendered":"Fost consilier local PNL din Oinacu, executat politic(\u015fi nu numai) pentru c\u0103 \u015fi-a dorit modernizarea comunei \u015fi a votat proiectele primarului PSD! Pl\u00e2ngere penal\u0103, \u00eempotriva lui Fabian \u0162\u00eerc\u0103. CITI\u0162I AICI!"},"content":{"rendered":"\n<p>V\u0103 vom prezenta, \u00een r\u00e2ndurile ce urmeaz\u0103, un caz uluitor al unei doamne din comuna Oinacu, Mirela Mocanu, ce vine s\u0103 demonstreze o dat\u0103 \u00een plus p\u00e2n\u0103 unde pot ajunge unii PNL-i\u015fti giurgiuveni ca s\u0103-\u015fi ating\u0103 scopurile. P\u00e2n\u0103 unde pot merge cu ac\u0163iunile lor &#8211; pe care cei afecta\u0163i le consider\u0103 abuzive \u015fi ilegale-, din dorin\u0163a de a c\u00e2\u015ftiga tot \u015fi, astfel, de a controla tot.<\/p>\n\n\n\n<p>Cazul nostru \u00eel vizeaz\u0103 \u015fi pe Fabian \u0162\u00eerc\u0103. \u00cel mai \u015fti\u0163i? Probabil c\u0103 nu prea.<\/p>\n\n\n\n<p>Era, \u00een alte vremuri, doar un b\u0103iat supus lui Lauren\u0163iu Burtavel(ca s\u0103 fim diploma\u0163i), \u015fters din punct de vedere politic, aparent f\u0103r\u0103 vreun scop m\u0103re\u0163. Dintr-o dat\u0103, luat sub aripa na\u015fului Alexandru Andrei, Fabian a ajuns, sigur \u00een mintea lui, mare \u201com politic\u201d. I s-au dat func\u0163ii pe care, cel mai probabil, nici el nu crede c\u0103 le merit\u0103 \u015fi, mai nou, s-a trezit c\u0103 vrea primar la Oinacu.<\/p>\n\n\n\n<p>Foarte frumos, oricine are dreptul s\u0103 candideze oriunde. Doar modalitatea prin care vrea s\u0103 se impun\u0103 face diferen\u0163a \u015fi spune totul despre omul respectiv.<\/p>\n\n\n\n<p>Dar s-o lu\u0103m cu \u00eenceputul.<\/p>\n\n\n\n<p>Mirela Mocanu a fost consilier local al PNL, la Oinacu. <em>\u201cDin 2016, am fost de acord cu proiectele de modernizare a comunei noastre, propuse de primarul social-democrat(Lauren\u0163iu Burtavel, n.r.). Locuiesc \u00een Oinacu, nu puteam s\u0103 fiu contra asfalt\u0103rilor, a moderniz\u0103rii satelor noastre, doar a\u015fa, de amorul politicii. Bine\u00een\u0163eles c\u0103 acest lucru nu a fost v\u0103zut bine de colegii mei din PNL care au f\u0103cut tot ce au putut, ilegal, ca s\u0103 m\u0103 dea afar\u0103 \u015fi din CL, dar \u015fi din partid\u201d<\/em>, ne-a declarat doamna Mocanu.<\/p>\n\n\n\n<figure class=\"wp-block-image size-full\"><img loading=\"lazy\" decoding=\"async\" width=\"747\" height=\"726\" src=\"https:\/\/giurgiu-net.ro\/wp-content\/uploads\/2020\/08\/WhatsApp-Image-2020-08-05-at-11.29.55.jpeg\" alt=\"\" class=\"wp-image-73054\" srcset=\"https:\/\/giurgiu-net.ro\/wp-content\/uploads\/2020\/08\/WhatsApp-Image-2020-08-05-at-11.29.55.jpeg 747w, https:\/\/giurgiu-net.ro\/wp-content\/uploads\/2020\/08\/WhatsApp-Image-2020-08-05-at-11.29.55-300x292.jpeg 300w, https:\/\/giurgiu-net.ro\/wp-content\/uploads\/2020\/08\/WhatsApp-Image-2020-08-05-at-11.29.55-696x676.jpeg 696w\" sizes=\"auto, (max-width: 747px) 100vw, 747px\" \/><\/figure>\n\n\n\n<p><strong>Au dat-o afar\u0103 de trei ori, \u00een 3 luni<\/strong><\/p>\n\n\n\n<p>Mai \u00eent\u00e2i, i-a fost retras sprijinul politic \u015fi apoi, prin nu mai pu\u0163in de trei decizii(o premier\u0103 \u00een politica giurgiuvean\u0103, pariu!), a fost exclus\u0103 din PNL. De ce-o fi fost nevoie de trei decizii, doar d\u0103\u015ftep\u0163ii \u0103\u015ftia de la PNL Giurgiu \u015ftiu.<\/p>\n\n\n\n<p>Drept consecin\u0163\u0103, prefecta Aneta Matei a trosnit repejor un Ordin prin care a exclus-o din Consiliul Local Oinacu. Se \u00eent\u00e2mpla \u00een prim\u0103vara acestui an.<\/p>\n\n\n\n<p><em>\u201eDe trei ori m-au dat afar\u0103! Am primit decizii \u00een decembrie, ianuarie \u015fi februarie. Serios! Am toate documentele. Am cerut s\u0103-\u015fi motiveze deciziile, dar nu am primit nicio motivare. Mi-au returnat contesta\u0163iile, at\u00e2t. Au invocat, la un moment dat, c\u0103 n-am participat la \u015fedin\u0163ele Biroului Politic Local al PNL Oinacu. Problema este c\u0103 nu am primit niciodat\u0103 invita\u0163ie de la ei. Singura dat\u0103 c\u00e2nd m-au chemat la \u015fedin\u0163\u0103 a fost dup\u0103 ce m-au dat afar\u0103! I-am dat \u00een judecat\u0103 \u015fi avem, \u00een prezent, un proces pe rol la Tribunalul Giurgiu! Am contestat \u015fi Ordinul prefectei\u201d<\/em>, ne-a precizat Mirela Mocanu.<\/p>\n\n\n\n<p>Ea ne-a spus c\u0103 a c\u0103utat ajutor inclusiv la Ludovic Orban, dar el a trimis-o de unde a plecat&#8230;, tot \u201e\u00een gura lupului\u201d.<\/p>\n\n\n\n<p>Am \u00eentrebat-o dac\u0103, \u00een timpul mandatului s\u0103u, colegii din PNL i-au f\u0103cut \u015fi alte probleme din cauza votului pozitiv dat la proiectele primarului Burtavel, iar Mirela Mocanu ne-a spus c\u0103 s-a trezit chiar cu reclama\u0163ii la Agen\u0163ia Na\u0163ional\u0103 de Integritate.<\/p>\n\n\n\n<p><em>\u201eM-au reclamat la ANI c\u0103 a\u015f fi avut eu afaceri, prin firma mea, cu Prim\u0103ria Oinacu. Am avut 3 ani de co\u015fmar din aceast\u0103 pricin\u0103, p\u00e2n\u0103 c\u00e2nd mi-a venit decizia ANI prin care am fost declarat\u0103 curat\u0103 ca lacrima<\/em>\u201d, a subliniat fostul consilier PNL.<\/p>\n\n\n\n<p><strong>Partea politic\u0103 e una, dar au intrat cu picioarele \u015fi \u00een via\u0163a privat\u0103 a giurgiuvencei<\/strong><\/p>\n\n\n\n<p>Controale abuzive la firma sa, amenzi aberante pentru un sac de glet expirat. Este uluitor ce se \u00eent\u00e2mpl\u0103, dar, din fericire, Mirela Mocanu este o lupt\u0103toare \u015fi nu s-a l\u0103sat niciodat\u0103 nici intimidat\u0103 \u015fi nici \u00eenfr\u00e2nt\u0103 de asemenea metode nemernice.<\/p>\n\n\n\n<p><em>\u201cFabian \u0162\u00eerc\u0103 m-a amenin\u0163at telefonic cu controale \u015fi a\u015fa s-a \u015fi \u00eent\u00e2mplat. Dup\u0103 ce am vorbit, a \u015fi venit OPC-ul la depozitul meu. Au vrut s\u0103 \u00eemi dea 8.000 de lei amend\u0103 pentru c\u0103 au g\u0103sit un sac de glet despre care au spus ei c\u0103 era expirat. B\u0103iatul care a venit \u00een control e rud\u0103 cu Fabian care e finul deputatului PNL Alexandru Andrei. Le-am spus c\u0103 n-am nicio problem\u0103 s\u0103 vin\u0103 controale, c\u0103 am firm\u0103, dar nu se face a\u015fa ceva. N-au respectat nicio procedur\u0103 \u015fi le-am demonstrat, astfel c\u0103 au sc\u0103zut amenda la 1.000 de lei\u201d<\/em>, afirm\u0103 Mocanu.<\/p>\n\n\n\n<p>Recent, p\u0103rin\u0163ii femeii au semnat un contract cu o firm\u0103 de cablu \u015fi internet pentru montarea unui releu \u00een curtea acestora. Totul, legal!<\/p>\n\n\n\n<p><strong>Au vrut s\u0103-i instige pe s\u0103teni \u00eempotriva Mirelei Mocanu<\/strong><\/p>\n\n\n\n<p><em>\u201cFabian cu trupa lui au fotografiat dintr-o ma\u015fin\u0103 casa \u015fi releul \u015fi au pus fotografia pe Facebook. Ca \u015fi cum ar fi fost ceva ilegal, nu \u00een\u0163eleg. Nu v\u0103 imagina\u0163i ce comentarii vulgare, \u00eenjur\u0103turi, mizerii la adresa mea au fost la postarea respectiv\u0103. Cele mai multe, de pe conturi false, dar sunt \u015fi doi tineri pe care \u00eei cunosc! Am f\u0103cut capturi dup\u0103 toate acestea \u015fi voi face pl\u00e2ngere penal\u0103 la Parchet \u00eempotriva lor. Voi reu\u015fi s\u0103 ob\u0163in \u015fi \u00eenregistr\u0103rile apelurilor \u00een care sunt amenin\u0163at\u0103. Merg p\u00e2n\u0103 la cap\u0103t!\u201d<\/em>, afirm\u0103 giurgiuveanca.<\/p>\n\n\n\n<p>V\u0103 da\u0163i seama ce de treab\u0103 are b\u0103iatul \u0103sta la Ministerul Transporturilor, unde b\u0103nuim c\u0103 e pl\u0103tit prea bine, dac\u0103 are timp de astfel de prostii? V\u0103 da\u0163i seama ce solu\u0163ii g\u0103se\u015fte el ca s\u0103 \u201ccucereasc\u0103\u201d Oinacu? Ehei, \u015fi se pare c\u0103 sunt mult mai multe probleme, despre care vom scrie, cu siguran\u0163\u0103!<\/p>\n\n\n\n<p><em>\u201c\u00cel \u015ftiu pe Fabian de c\u00e2nd era copil. Nu am crezut c\u0103 poate exista at\u00e2ta r\u0103utate \u00een el, c\u0103 este \u00een stare de multe rele ca s\u0103-\u015fi ating\u0103 scopul. C\u00e2t prive\u015fte candidatura lui la Prim\u0103rie, am \u00een\u0163eles c\u0103 le-ar promite tuturor c\u0103-i pune viceprimari, dac\u0103 iese. Cred c\u0103 o s\u0103 avem s\u0103pt\u0103m\u00e2na \u015fi viceprimarul\u2026\u201d<\/em>, mai zice Mirela Mocanu.<\/p>\n\n\n\n<p>Stima\u0163i giurgiuveni, din Oinacu \u015fi din toate unit\u0103\u0163ile administrativ-teritoriale giurgiuvene, asemenea oameni care folosesc asemenea metode ca s\u0103-\u015fi ating\u0103 scopul n-au ce c\u0103uta la c\u00e2rma unei localit\u0103\u0163i!<\/p>\n\n\n\n<p>Ca s\u0103 ne dezvolt\u0103m odat\u0103, avem nevoie de oameni serio\u015fi, care fac treab\u0103, care au proiecte, care \u00eei ajut\u0103 pe cons\u0103teni, nu care-i preseaz\u0103, amenin\u0163\u0103 sau ademenesc! C\u00e2nd o s\u0103 \u00een\u0163elegem asta, o s\u0103 mai avem o \u015fans\u0103!<\/p>\n\n\n\n<p>\u015ei cel mai bine ar fi s\u0103 \u00een\u0163elegem c\u00e2t mai cur\u00e2nd. Iar atunci c\u00e2nd ve\u0163i fi singuri \u00een cabina de vot, pe 27 septembrie, s\u0103 nu uita\u0163i c\u0103 de NOI depinde dac\u0103 va fi bine sau nu. De fiecare dintre NOI depinde dac\u0103 vom avea comune \u015fi ora\u015fe moderne sau doar punem \u00een func\u0163ii de conducere ni\u015fte personaje care demonstreaz\u0103 mereu c\u0103 nu merit\u0103 asta!<\/p>\n","protected":false},"excerpt":{"rendered":"<p>V\u0103 vom prezenta, \u00een r\u00e2ndurile ce urmeaz\u0103, un caz uluitor al unei doamne din comuna Oinacu, Mirela Mocanu, ce vine s\u0103 demonstreze o dat\u0103 \u00een plus p\u00e2n\u0103 unde pot ajunge unii PNL-i\u015fti giurgiuveni ca s\u0103-\u015fi ating\u0103 scopurile. P\u00e2n\u0103 unde pot merge cu ac\u0163iunile lor &#8211; pe care cei afecta\u0163i le consider\u0103 abuzive \u015fi ilegale-, din [&hellip;]<\/p>\n","protected":false},"author":1,"featured_media":73056,"comment_status":"open","ping_status":"open","sticky":false,"template":"","format":"standard","meta":{"slim_seo":{"title":"Fost consilier local PNL din Oinacu, executat politic(\u015fi nu numai) pentru c\u0103 \u015fi-a dorit modernizarea comunei \u015fi a votat proiectele primarului PSD! Pl\u00e2ngere penal\u0103, \u00eempotriva lui Fabian \u0162\u00eerc\u0103. CITI\u0162I AICI! - GIURGIU NET","description":"V\u0103 vom prezenta, \u00een r\u00e2ndurile ce urmeaz\u0103, un caz uluitor al unei doamne din comuna Oinacu, Mirela Mocanu, ce vine s\u0103 demonstreze o dat\u0103 \u00een plus p\u00e2n\u0103 unde pot aj"},"footnotes":""},"categories":[18,19,25,26,28],"tags":[1874],"class_list":{"0":"post-73053","1":"post","2":"type-post","3":"status-publish","4":"format-standard","5":"has-post-thumbnail","7":"category-actual","8":"category-adm","9":"category-pol","10":"category-soc","11":"category-uo","12":"tag-oinacu"},"_links":{"self":[{"href":"https:\/\/giurgiu-net.ro\/index.php\/wp-json\/wp\/v2\/posts\/73053","targetHints":{"allow":["GET"]}}],"collection":[{"href":"https:\/\/giurgiu-net.ro\/index.php\/wp-json\/wp\/v2\/posts"}],"about":[{"href":"https:\/\/giurgiu-net.ro\/index.php\/wp-json\/wp\/v2\/types\/post"}],"author":[{"embeddable":true,"href":"https:\/\/giurgiu-net.ro\/index.php\/wp-json\/wp\/v2\/users\/1"}],"replies":[{"embeddable":true,"href":"https:\/\/giurgiu-net.ro\/index.php\/wp-json\/wp\/v2\/comments?post=73053"}],"version-history":[{"count":0,"href":"https:\/\/giurgiu-net.ro\/index.php\/wp-json\/wp\/v2\/posts\/73053\/revisions"}],"wp:featuredmedia":[{"embeddable":true,"href":"https:\/\/giurgiu-net.ro\/index.php\/wp-json\/wp\/v2\/media\/73056"}],"wp:attachment":[{"href":"https:\/\/giurgiu-net.ro\/index.php\/wp-json\/wp\/v2\/media?parent=73053"}],"wp:term":[{"taxonomy":"category","embeddable":true,"href":"https:\/\/giurgiu-net.ro\/index.php\/wp-json\/wp\/v2\/categories?post=73053"},{"taxonomy":"post_tag","embeddable":true,"href":"https:\/\/giurgiu-net.ro\/index.php\/wp-json\/wp\/v2\/tags?post=73053"}],"curies":[{"name":"wp","href":"https:\/\/api.w.org\/{rel}","templated":true}]}}