{"id":73048,"date":"2020-08-04T16:58:52","date_gmt":"2020-08-04T13:58:52","guid":{"rendered":"http:\/\/giurgiu-net.ro\/?p=73048"},"modified":"2020-08-04T16:58:52","modified_gmt":"2020-08-04T13:58:52","slug":"conducerea-spitalului-giurgiu-reactie-la-acuzatiile-si-insinuarile-lui-toma-petcu-cititi-aici","status":"publish","type":"post","link":"https:\/\/giurgiu-net.ro\/index.php\/2020\/08\/04\/conducerea-spitalului-giurgiu-reactie-la-acuzatiile-si-insinuarile-lui-toma-petcu-cititi-aici\/","title":{"rendered":"Conducerea Spitalului Giurgiu, reac\u0163ie la acuza\u0163iile \u015fi insinu\u0103rile lui Toma Petcu. CITI\u0162I AICI!"},"content":{"rendered":"\n<p>Colegii de la Giurgiu pe Surse au publicat un comunicat al conducerii Spitalului Jude\u0163ean de Urgen\u0163\u0103 Giurgiu, transmis dup\u0103 ie\u015firea de seara trecut\u0103 a deputatului PNL Toma Petcu. El a insinuat c\u0103 testele privind COVID-19 ale \u015fefei DSP, respectiv ale lui Marian Mina ar fi fost falsificate.<\/p>\n\n\n\n<p>Red\u0103m \u015fi noi documentul integral:<\/p>\n\n\n\n<p>&#8222;Referitor la acuza\u0163iile nefondate \u015fi insinu\u0103rile domnului deputat Toma Petcu, lansate \u00een mass-media \u00een cadrul emisiunii \u201d Punctul culminant\u201d, difuzat\u0103 de c\u0103tre postul de televiziune Rom\u00e2nia TV \u00een data de 03.08.2020, dorim s\u0103 facem urm\u0103toarele preciz\u0103ri:<br \/><em><strong>Spitalul Jude\u0163ean de Urgen\u0163\u0103 Giurgiu nu este implicat politic \u015fi deserve\u015fte \u00een mod egal, corect, f\u0103r\u0103 nicio influen\u0163\u0103 \u015fi f\u0103r\u0103 nicio discriminare pe to\u0163i pacien\u0163ii ce se adreseaz\u0103 institu\u0163iei noastre.<\/strong><\/em><br \/><em>Cu regret \u015fi cu triste\u0163e, am constatat c\u0103 este pus\u0103 la \u00eendoial\u0103 deontologia \u015fi practica medical\u0103 a personalului medical superior ce, de aproximativ cinci luni \u015fi jum\u0103tate, asigur\u0103 linia \u00eent\u00e2i a luptei \u00eempotriva COVID -19 \u015fi pentru care prioritatea nr. 1 o reprezint\u0103 popula\u0163ia \u00eentregului jude\u0163.<br \/>Jur\u0103m\u00e2ntul lui Hipocrate, depus de c\u0103tre medici la \u00eenceputul carierei, nu are nimic \u00een comun cu politica \u015fi interesele partidelor aflate la guvernare, ori \u00een opozi\u0163ie.<\/em><br \/><em>Activitatea medical\u0103 se desf\u0103\u015foar\u0103 \u00een beneficiul pacientului, medicul depun\u00e2nd toate eforturile pentru salvarea de vie\u0163i omene\u015fti \u015fi\/sau \u00eembun\u0103t\u0103\u0163irea calit\u0103\u0163ii ei.<br \/>Niciodat\u0103 un act medical nu a fost influen\u0163at de ceea ce se \u00eent\u00e2mpl\u0103 pe scena politic\u0103.<\/em><br \/><strong>\u00cen cazul doamnei director DSP Giurgiu, men\u0163ionat\u0103 \u00een emisiunea mai sus amintit\u0103 de c\u0103tre domnul deputat Toma Petcu, facem urm\u0103toarele preciz\u0103ri:<\/strong><br \/><strong>\u00cen data de 29.07.2020, \u00een urma simptomelor pe care le avea, i s-a recoltat de c\u0103tre personalul DSP Giurgiu un test pentru determinarea COVID-19, test care a fost transportat la Laboratorul de genetic\u0103 medical\u0103 din cadrul Spitalului Jude\u0163ean de Urgen\u0163\u0103 Giurgiu, \u00een vederea lucr\u0103rii lui.<\/strong><br \/><strong>Conform CT (Cycle Threshold) \u2013 cicluri de amplificare- testul s-a amplificat aproape de finalul ciclului, rezult\u00e2nd c\u0103 a avut o concentra\u0163ie viral\u0103 sc\u0103zut\u0103.<\/strong><br \/><strong>\u00cen situa\u0163iile de acest gen, persoana testat\u0103 se poate negativa de la o zi la alta.<\/strong><br \/><strong>O reac\u0163ie de RT- PCR este specific\u0103 100%, amplific\u00e2nd secventa \u0163int\u0103, \u00een situa\u0163ia de fa\u0163\u0103 gena Rd Rp, ceea ce arat\u0103 \u00een mod evident o reac\u0163ie pozitiv\u0103.<\/strong><br \/><strong>\u00cen practic\u0103, sunt foarte multe situa\u0163ii \u00een care persoanele sunt pozitive la limita de detec\u0163ie.<\/strong><br \/><strong>Conform produc\u0103torilor kiturilor \u015fi a recomand\u0103rilor OMS se declar\u0103 pozitiv\u0103 orice prob\u0103 CT p\u00e2n\u0103 la ciclul 40%, \u00een cazul de fa\u0163\u0103 s-a amplificat p\u00e2n\u0103 la ciclul 36, ceea ce denot\u0103 c\u0103 persoana \u00een cauz\u0103 era clar pozitiv\u0103.<\/strong><br \/><strong>\u00cen data de 01.08.2020, la 72 de ore dup\u0103 internare, doamnei \u00een cauz\u0103 i-a fost recoltat, \u00een cadrul Sec\u0163iei de boli infec\u0163ioase, un nou test, rezultatul fiind de aceast\u0103 dat\u0103 negativ (gena Rd Rp \u015fi gena E nu s-au mai amplificat).<\/strong><br \/><strong>Men\u0163ion\u0103m faptul c\u0103 ambele teste au fost lucrate \u00een acela\u015fi laborator \u015fi r\u0103spundem pentru corectitudinea efectu\u0103rii testelor \u015fi a valid\u0103rii rezultatelor.<\/strong><br \/><strong>2. \u00cen cazul domnului MM, mediatizat \u015fi men\u0163ionat \u00een acuzele formulate de c\u0103tre domnul deputat Toma Petcu, v\u0103 facem cunoscute urm\u0103toarele:<\/strong><br \/><strong>Au fost recoltate dou\u0103 teste, \u00een datele de 25 \u015fi 27 07.2020, ambele teste av\u00e2nd rezultat negativ.<\/strong><br \/><strong>Reac\u0163ia de amplificare RT-PCR arat\u0103 c\u0103 ambele gene, respectiv gena Rd Rp \u015fi gena E nu au fost detectate, rezultatul fiind indubitabil unul negativ.<\/strong><br \/><strong>Toate informa\u0163iile mai sus men\u0163ionate le furnizam cu scopul de a fi transparen\u0163i fa\u0163\u0103 de cet\u0103\u0163enii din jude\u0163ul nostru \u015fi a \u015fterge orice \u00eendoial\u0103 fa\u0163\u0103 de corectitudinea \u015fi profesionalismul cadrelor medicale din cadrul Spitalului Jude\u0163ean de Urgen\u0163\u0103 Giurgiu.<\/strong><\/p>\n\n\n\n<p>Institu\u0163ia noastr\u0103, ca de altfel majoritatea unit\u0103\u0163ilor sanitare din \u0163ar\u0103, este foarte \u00eencercat\u0103 in aceasta perioad\u0103, iar lupta neobosit\u0103 a \u00eentregului personal, dac\u0103 nu poate fi recunoscut\u0103, m\u0103car s\u0103 nu fie intimidat\u0103 de interese politice\u201d.<br \/><strong>Comitetul Director al Spitalului Jude\u0163ean de Urgen\u0163\u0103 Giurgiu<\/strong><\/p>\n","protected":false},"excerpt":{"rendered":"<p>Colegii de la Giurgiu pe Surse au publicat un comunicat al conducerii Spitalului Jude\u0163ean de Urgen\u0163\u0103 Giurgiu, transmis dup\u0103 ie\u015firea de seara trecut\u0103 a deputatului PNL Toma Petcu. El a insinuat c\u0103 testele privind COVID-19 ale \u015fefei DSP, respectiv ale lui Marian Mina ar fi fost falsificate. Red\u0103m \u015fi noi documentul integral: &#8222;Referitor la acuza\u0163iile [&hellip;]<\/p>\n","protected":false},"author":1,"featured_media":57697,"comment_status":"open","ping_status":"open","sticky":false,"template":"","format":"standard","meta":{"slim_seo":{"title":"Conducerea Spitalului Giurgiu, reac\u0163ie la acuza\u0163iile \u015fi insinu\u0103rile lui Toma Petcu. CITI\u0162I AICI! - GIURGIU NET","description":"Colegii de la Giurgiu pe Surse au publicat un comunicat al conducerii Spitalului Jude\u0163ean de Urgen\u0163\u0103 Giurgiu, transmis dup\u0103 ie\u015firea de seara trecut\u0103 a deputatul"},"footnotes":""},"categories":[18,19,26,28],"tags":[2494],"class_list":{"0":"post-73048","1":"post","2":"type-post","3":"status-publish","4":"format-standard","5":"has-post-thumbnail","7":"category-actual","8":"category-adm","9":"category-soc","10":"category-uo","11":"tag-sju-giurgiu"},"_links":{"self":[{"href":"https:\/\/giurgiu-net.ro\/index.php\/wp-json\/wp\/v2\/posts\/73048","targetHints":{"allow":["GET"]}}],"collection":[{"href":"https:\/\/giurgiu-net.ro\/index.php\/wp-json\/wp\/v2\/posts"}],"about":[{"href":"https:\/\/giurgiu-net.ro\/index.php\/wp-json\/wp\/v2\/types\/post"}],"author":[{"embeddable":true,"href":"https:\/\/giurgiu-net.ro\/index.php\/wp-json\/wp\/v2\/users\/1"}],"replies":[{"embeddable":true,"href":"https:\/\/giurgiu-net.ro\/index.php\/wp-json\/wp\/v2\/comments?post=73048"}],"version-history":[{"count":0,"href":"https:\/\/giurgiu-net.ro\/index.php\/wp-json\/wp\/v2\/posts\/73048\/revisions"}],"wp:featuredmedia":[{"embeddable":true,"href":"https:\/\/giurgiu-net.ro\/index.php\/wp-json\/wp\/v2\/media\/57697"}],"wp:attachment":[{"href":"https:\/\/giurgiu-net.ro\/index.php\/wp-json\/wp\/v2\/media?parent=73048"}],"wp:term":[{"taxonomy":"category","embeddable":true,"href":"https:\/\/giurgiu-net.ro\/index.php\/wp-json\/wp\/v2\/categories?post=73048"},{"taxonomy":"post_tag","embeddable":true,"href":"https:\/\/giurgiu-net.ro\/index.php\/wp-json\/wp\/v2\/tags?post=73048"}],"curies":[{"name":"wp","href":"https:\/\/api.w.org\/{rel}","templated":true}]}}