{"id":73039,"date":"2020-08-04T15:57:21","date_gmt":"2020-08-04T12:57:21","guid":{"rendered":"http:\/\/giurgiu-net.ro\/?p=73039"},"modified":"2020-08-04T15:57:21","modified_gmt":"2020-08-04T12:57:21","slug":"marian-mina-intr-o-actiune-elocventa-de-politie-politica-prefecta-se-comporta-ca-un-agent-incasator-si-semneaza-cu-mana-ei-somatiile-de-plata","status":"publish","type":"post","link":"https:\/\/giurgiu-net.ro\/index.php\/2020\/08\/04\/marian-mina-intr-o-actiune-elocventa-de-politie-politica-prefecta-se-comporta-ca-un-agent-incasator-si-semneaza-cu-mana-ei-somatiile-de-plata\/","title":{"rendered":"Marian Mina: &#8222;\u00centr-o ac\u021biune elocvent\u0103 de poli\u021bie politic\u0103, prefecta se comport\u0103 ca un agent \u00eencasator \u0219i semneaz\u0103 cu m\u00e2na ei soma\u021biile de plat\u0103!&#8221;"},"content":{"rendered":"\n<p>Pre\u015fedintele Consiliului Jude\u0163ean Giurgiu, Marian Mina, scrie, pe Facebook:<\/p>\n\n\n\n<p>&#8222;<em>Primarii din Giurgiu lua\u021bi cu arcanul, du\u0219i la Palatul Victoria \u0219i soma\u021bi s\u0103 intre \u00een PNL pl\u0103tesc pentru refuzul de a tr\u0103da PSD. Institu\u021biile de control sunt trimise \u00een desant peste ei \u0219i le taie amenzi cu duiumul. \u00centr-o ac\u021biune elocvent\u0103 de poli\u021bie politic\u0103, prefecta se comport\u0103 ca un agent \u00eencasator \u0219i semneaz\u0103 cu m\u00e2na ei soma\u021biile de plat\u0103. <\/em><\/p>\n\n\n\n<p><strong>Cer public \u00eenc\u0103 o dat\u0103 demiterea Anetei Matei din importanta demnitate public\u0103 la nivelul c\u0103reia nu reu\u0219e\u0219te s\u0103 se ridice. Astea sunt metodele liberalilor de a face politic\u0103 \u00een secolul XXI \u00een jude\u021bul Giurgiu!<\/strong>&#8222;<\/p>\n\n\n\n<figure class=\"wp-block-gallery columns-2 is-cropped wp-block-gallery-1 is-layout-flex wp-block-gallery-is-layout-flex\"><ul class=\"blocks-gallery-grid\"><li class=\"blocks-gallery-item\"><figure><a href=\"https:\/\/giurgiu-net.ro\/wp-content\/uploads\/2020\/08\/amenzi-primari-1.jpg\"><img loading=\"lazy\" decoding=\"async\" width=\"300\" height=\"157\" src=\"https:\/\/giurgiu-net.ro\/wp-content\/uploads\/2020\/08\/amenzi-primari-1-300x157.jpg\" alt=\"\" data-id=\"73040\" data-full-url=\"https:\/\/giurgiu-net.ro\/wp-content\/uploads\/2020\/08\/amenzi-primari-1.jpg\" data-link=\"https:\/\/giurgiu-net.ro\/?attachment_id=73040\" class=\"wp-image-73040\" srcset=\"https:\/\/giurgiu-net.ro\/wp-content\/uploads\/2020\/08\/amenzi-primari-1-300x157.jpg 300w, https:\/\/giurgiu-net.ro\/wp-content\/uploads\/2020\/08\/amenzi-primari-1-768x402.jpg 768w, https:\/\/giurgiu-net.ro\/wp-content\/uploads\/2020\/08\/amenzi-primari-1-696x364.jpg 696w, https:\/\/giurgiu-net.ro\/wp-content\/uploads\/2020\/08\/amenzi-primari-1.jpg 953w\" sizes=\"auto, (max-width: 300px) 100vw, 300px\" \/><\/a><\/figure><\/li><li class=\"blocks-gallery-item\"><figure><a href=\"https:\/\/giurgiu-net.ro\/wp-content\/uploads\/2020\/08\/amenzi-primari-2.jpg\"><img loading=\"lazy\" decoding=\"async\" width=\"224\" height=\"300\" src=\"https:\/\/giurgiu-net.ro\/wp-content\/uploads\/2020\/08\/amenzi-primari-2-224x300.jpg\" alt=\"\" data-id=\"73041\" data-full-url=\"https:\/\/giurgiu-net.ro\/wp-content\/uploads\/2020\/08\/amenzi-primari-2.jpg\" data-link=\"https:\/\/giurgiu-net.ro\/?attachment_id=73041\" class=\"wp-image-73041\" srcset=\"https:\/\/giurgiu-net.ro\/wp-content\/uploads\/2020\/08\/amenzi-primari-2-224x300.jpg 224w, https:\/\/giurgiu-net.ro\/wp-content\/uploads\/2020\/08\/amenzi-primari-2.jpg 454w\" sizes=\"auto, (max-width: 224px) 100vw, 224px\" \/><\/a><\/figure><\/li><li class=\"blocks-gallery-item\"><figure><a href=\"https:\/\/giurgiu-net.ro\/wp-content\/uploads\/2020\/08\/amenzi-primari-3.jpg\"><img loading=\"lazy\" decoding=\"async\" width=\"280\" height=\"300\" src=\"https:\/\/giurgiu-net.ro\/wp-content\/uploads\/2020\/08\/amenzi-primari-3-280x300.jpg\" alt=\"\" data-id=\"73042\" data-full-url=\"https:\/\/giurgiu-net.ro\/wp-content\/uploads\/2020\/08\/amenzi-primari-3.jpg\" data-link=\"https:\/\/giurgiu-net.ro\/?attachment_id=73042\" class=\"wp-image-73042\" srcset=\"https:\/\/giurgiu-net.ro\/wp-content\/uploads\/2020\/08\/amenzi-primari-3-280x300.jpg 280w, https:\/\/giurgiu-net.ro\/wp-content\/uploads\/2020\/08\/amenzi-primari-3.jpg 454w\" sizes=\"auto, (max-width: 280px) 100vw, 280px\" \/><\/a><\/figure><\/li><li class=\"blocks-gallery-item\"><figure><a href=\"https:\/\/giurgiu-net.ro\/wp-content\/uploads\/2020\/08\/amenzi-primari-4.jpg\"><img loading=\"lazy\" decoding=\"async\" width=\"205\" height=\"300\" src=\"https:\/\/giurgiu-net.ro\/wp-content\/uploads\/2020\/08\/amenzi-primari-4-205x300.jpg\" alt=\"\" data-id=\"73043\" data-full-url=\"https:\/\/giurgiu-net.ro\/wp-content\/uploads\/2020\/08\/amenzi-primari-4.jpg\" data-link=\"https:\/\/giurgiu-net.ro\/?attachment_id=73043\" class=\"wp-image-73043\" srcset=\"https:\/\/giurgiu-net.ro\/wp-content\/uploads\/2020\/08\/amenzi-primari-4-205x300.jpg 205w, https:\/\/giurgiu-net.ro\/wp-content\/uploads\/2020\/08\/amenzi-primari-4.jpg 452w\" sizes=\"auto, (max-width: 205px) 100vw, 205px\" \/><\/a><\/figure><\/li><li class=\"blocks-gallery-item\"><figure><a href=\"https:\/\/giurgiu-net.ro\/wp-content\/uploads\/2020\/08\/amenzi-primari-5.jpg\"><img loading=\"lazy\" decoding=\"async\" width=\"221\" height=\"300\" src=\"https:\/\/giurgiu-net.ro\/wp-content\/uploads\/2020\/08\/amenzi-primari-5-221x300.jpg\" alt=\"\" data-id=\"73044\" data-full-url=\"https:\/\/giurgiu-net.ro\/wp-content\/uploads\/2020\/08\/amenzi-primari-5.jpg\" data-link=\"https:\/\/giurgiu-net.ro\/?attachment_id=73044\" class=\"wp-image-73044\" srcset=\"https:\/\/giurgiu-net.ro\/wp-content\/uploads\/2020\/08\/amenzi-primari-5-221x300.jpg 221w, https:\/\/giurgiu-net.ro\/wp-content\/uploads\/2020\/08\/amenzi-primari-5.jpg 454w\" sizes=\"auto, (max-width: 221px) 100vw, 221px\" \/><\/a><\/figure><\/li><\/ul><\/figure>\n","protected":false},"excerpt":{"rendered":"<p>Pre\u015fedintele Consiliului Jude\u0163ean Giurgiu, Marian Mina, scrie, pe Facebook: &#8222;Primarii din Giurgiu lua\u021bi cu arcanul, du\u0219i la Palatul Victoria \u0219i soma\u021bi s\u0103 intre \u00een PNL pl\u0103tesc pentru refuzul de a tr\u0103da PSD. Institu\u021biile de control sunt trimise \u00een desant peste ei \u0219i le taie amenzi cu duiumul. \u00centr-o ac\u021biune elocvent\u0103 de poli\u021bie politic\u0103, prefecta se [&hellip;]<\/p>\n","protected":false},"author":1,"featured_media":73045,"comment_status":"open","ping_status":"open","sticky":false,"template":"","format":"standard","meta":{"slim_seo":{"title":"Marian Mina: \"\u00centr-o ac\u021biune elocvent\u0103 de poli\u021bie politic\u0103, prefecta se comport\u0103 ca un agent \u00eencasator \u0219i semneaz\u0103 cu m\u00e2na ei soma\u021biile de plat\u0103!\" - GIURGIU NET","description":"Pre\u015fedintele Consiliului Jude\u0163ean Giurgiu, Marian Mina, scrie, pe Facebook: \" Primarii din Giurgiu lua\u021bi cu arcanul, du\u0219i la Palatul Victoria \u0219i soma\u021bi s\u0103 intre"},"footnotes":""},"categories":[18,19,25,28],"tags":[2122],"class_list":{"0":"post-73039","1":"post","2":"type-post","3":"status-publish","4":"format-standard","5":"has-post-thumbnail","7":"category-actual","8":"category-adm","9":"category-pol","10":"category-uo","11":"tag-prefectura-giurgiu"},"_links":{"self":[{"href":"https:\/\/giurgiu-net.ro\/index.php\/wp-json\/wp\/v2\/posts\/73039","targetHints":{"allow":["GET"]}}],"collection":[{"href":"https:\/\/giurgiu-net.ro\/index.php\/wp-json\/wp\/v2\/posts"}],"about":[{"href":"https:\/\/giurgiu-net.ro\/index.php\/wp-json\/wp\/v2\/types\/post"}],"author":[{"embeddable":true,"href":"https:\/\/giurgiu-net.ro\/index.php\/wp-json\/wp\/v2\/users\/1"}],"replies":[{"embeddable":true,"href":"https:\/\/giurgiu-net.ro\/index.php\/wp-json\/wp\/v2\/comments?post=73039"}],"version-history":[{"count":0,"href":"https:\/\/giurgiu-net.ro\/index.php\/wp-json\/wp\/v2\/posts\/73039\/revisions"}],"wp:featuredmedia":[{"embeddable":true,"href":"https:\/\/giurgiu-net.ro\/index.php\/wp-json\/wp\/v2\/media\/73045"}],"wp:attachment":[{"href":"https:\/\/giurgiu-net.ro\/index.php\/wp-json\/wp\/v2\/media?parent=73039"}],"wp:term":[{"taxonomy":"category","embeddable":true,"href":"https:\/\/giurgiu-net.ro\/index.php\/wp-json\/wp\/v2\/categories?post=73039"},{"taxonomy":"post_tag","embeddable":true,"href":"https:\/\/giurgiu-net.ro\/index.php\/wp-json\/wp\/v2\/tags?post=73039"}],"curies":[{"name":"wp","href":"https:\/\/api.w.org\/{rel}","templated":true}]}}