{"id":73035,"date":"2020-08-04T09:59:20","date_gmt":"2020-08-04T06:59:20","guid":{"rendered":"http:\/\/giurgiu-net.ro\/?p=73035"},"modified":"2020-08-04T09:59:20","modified_gmt":"2020-08-04T06:59:20","slug":"revoltator-declaratii-incendiare-despre-familia-primaritei-din-bulbucata-oamenii-acuza-amenintari-sau-beneficii-ilegale-candidatul-psd-ma-astept-la-cele-mai-josnice-atacuri-din-partea-fam","status":"publish","type":"post","link":"https:\/\/giurgiu-net.ro\/index.php\/2020\/08\/04\/revoltator-declaratii-incendiare-despre-familia-primaritei-din-bulbucata-oamenii-acuza-amenintari-sau-beneficii-ilegale-candidatul-psd-ma-astept-la-cele-mai-josnice-atacuri-din-partea-fam\/","title":{"rendered":"REVOLT\u0102TOR! Declara\u0163ii incendiare despre familia prim\u0103ri\u0163ei din Bulbucata. Oamenii acuz\u0103 amenin\u0163\u0103ri sau beneficii ilegale. Candidatul PSD: \u201eM\u0103 a\u015ftept la cele mai josnice atacuri din partea familiei Andrei!\u201d"},"content":{"rendered":"\n<p>Candidatul PSD la func\u0163ia de primar al comunei Bulbucata, jude\u0163ul Giurgiu, Ionela Spirache, transmite \u015fi prin intermediul nostru o scrisoare c\u0103tre to\u0163i locuitorii comunei men\u0163ionate. Ionela Spirache trage la r\u00e2ndul s\u0103u un semnal de alarm\u0103 asupra modului \u00een care ac\u0163ioneaz\u0103 prim\u0103ri\u0163a din Bulbucata, pe care o acuz\u0103 de \u201eviolen\u0163\u0103\u201d, \u201eminciun\u0103\u201d, \u201eamenin\u0163\u0103ri\u201d. V\u0103 red\u0103m, \u00een r\u00e2ndurile de mai jos, tot documentul ce merit\u0103 citit p\u00e2n\u0103 la cap\u0103t!<\/p>\n\n\n\n<p>\u201eDragi cons\u0103teni din Bulbucata,<\/p>\n\n\n\n<p class=\"has-text-align-center\"><em><strong>A\u0219a cum \u0219ti\u021bi prea bine, m-am decis s\u0103 candidez la prim\u0103rie, pozi\u021bie care m\u0103 onoreaz\u0103, dar m\u0103 \u0219i oblig\u0103, \u00een egal\u0103 m\u0103sur\u0103. Motiva\u021bia acestei decizii este una multipl\u0103 \u0219i are la baz\u0103 constat\u0103rile pe care le-am f\u0103cut \u00een perioada c\u00e2t am ocupat, prin concurs, func\u021bia de secretar al comunei.&nbsp;<\/strong><\/em><\/p>\n\n\n\n<p>Atunci am sim\u021bit sup\u0103rarea voastr\u0103 fa\u021b\u0103 de <strong>nerealiz\u0103rile \u0219i abuzurile comise de actuala prim\u0103ri\u021b\u0103, care se impune doar prin violen\u021b\u0103 \u0219i prin minciun\u0103<\/strong>. \u00cen sprijinul celor afirmate de mine, v\u0103 relatez un eveniment produs anul acesta \u00een incinta prim\u0103riei, care pe mine m-a blocat, pur \u0219i simplu. <em><strong>F\u0103r\u0103 nicio justificare real\u0103, doar pentru ca a avut o opinie diferit\u0103, cu acordul \u0219i sub privirile&nbsp; prim\u0103ri\u021bei, b\u0103ie\u021bii ei au lin\u0219at-o pe viceprim\u0103ri\u021b\u0103 pe fiul \u0219i pe so\u021bul ei, care sunt oameni pajnici \u0219i de bun sim<\/strong><\/em>\u021b. <em>Am asistat la aceasta scen\u0103 de un grotism de nedescris. To\u021bi s-au comportat ca animalele turbate.<\/em><\/p>\n\n\n\n<p>Dup\u0103 acest incident, procuratura a deschis dosar penal, membrii familiei Andrei fiind cerceta\u021bi pentru ultraj, pentru c\u0103 doamna vice era \u00een timpul serviciului.<\/p>\n\n\n\n<p>Trec\u00e2nd peste,&nbsp; dar nu ignor\u00e2nd latura penal\u0103 a cazului, v\u0103 invit la un ra\u021bionament simplu. <em>Ce Dumnezeu are aceasta femeie care \u00ee\u0219i atac\u0103 fizic colega care i-a fost al\u0103turi la bine \u0219i la r\u0103u??? Ce Dumnezeu are familia asta care \u0219i-a atacat, \u0219i-a min\u021bit \u0219i si-a tr\u0103dat na\u0219ul de cununie, pe domnul Marian Mina, pre\u0219edintele CJ, care i-a \u021binut lum\u00e2n\u0103rile \u00een biseric\u0103 \u0219i care le-a dat func\u021bii nesperate??? Ce Dumnezeu are familia asta care se vinde doar pentru bani \u0219i pentru putere???<\/em><\/p>\n\n\n\n<p><strong>Acela\u0219i Dumnezeu pe care \u00eel au \u0219i liderii filialei PNL Giurgiu care, cu o nemernicie greu de imaginat, ascunz\u00e2ndu-se sub pretextul pandemiei, au dictat \u0219i orchestrat b\u0103garea domnului Mina \u00een arest la domiciliu. M\u0103sura care a fost desfiin\u021bat\u0103 \u0219i \u00eenfierat\u0103 f\u0103r\u0103 echivoc de c\u0103tre judec\u0103tori.<\/strong><\/p>\n\n\n\n<p>Ce fac prim\u0103rita \u0219i familia ei \u00een continuare, \u00een aceasta campanie? <em><strong>Ceea ce ei \u0219tiu cel mai bine. S\u0103 amenin\u021be \u0219i s\u0103 atace. Zeci de cons\u0103teni m-au c\u0103utat \u0219i mi-au povestit cum au fost amenin\u021bati sau cum li s-au promis bani \u0219i beneficii ilegale.<\/strong><\/em><\/p>\n\n\n\n<p>\u0218i asta nu este dec\u00e2t o parte din mizeria lor. Despre acestea de\u021bin \u00eenregistr\u0103ri pe care le voi publica \u00een cur\u00e2nd.<\/p>\n\n\n\n<p><em>Oameni buni, toate cele ar\u0103tate mai sus \u0219i faptul ca v\u0103 respect \u0219i vreau sa-mi cresc civilizat&nbsp;copiii, m-au determinat s\u0103 iau decizia candidaturii, care de fapt, \u00een condi\u021biile actuale de la Bulbucata, este o adevarat\u0103 lupt\u0103. M\u0103 a\u0219tept la cele mai josnice atacuri din partea lor.<\/em><\/p>\n\n\n\n<p>Nu \u00eemi este deloc team\u0103 \u0219i vreau ca \u00eempreun\u0103 s\u0103 readucem bunul-simt \u0219i civilza\u021bia \u00een aceast\u0103 comun\u0103 minunat\u0103! Chiar dac\u0103 unora v\u0103 este team\u0103 de aceast\u0103 familie, intra\u021bi la urn\u0103 singuri \u0219i vota\u021bi doar cum v\u0103 dicteaz\u0103 con\u0219tiin\u021ba! <em><strong>Numai a\u0219a vom c\u00e2\u0219tiga \u0219i vom reu\u0219i s\u0103 alung\u0103m din via\u021ba noastr\u0103 aceast\u0103 familie care nu a apar\u021binut niciodat\u0103 Bulbucatei \u0219i care a instaurat un regim guvernat doar de ilegalita\u021bi.<\/strong><\/em><\/p>\n\n\n\n<p>\u00cencrederea, speran\u021ba \u0219i unitatea reprezint\u0103 puterea noastr\u0103!<\/p>\n\n\n\n<p>\u00cempreun\u0103 reu\u0219im!&#8221;- Ionela Spirache<\/p>\n","protected":false},"excerpt":{"rendered":"<p>Candidatul PSD la func\u0163ia de primar al comunei Bulbucata, jude\u0163ul Giurgiu, Ionela Spirache, transmite \u015fi prin intermediul nostru o scrisoare c\u0103tre to\u0163i locuitorii comunei men\u0163ionate. Ionela Spirache trage la r\u00e2ndul s\u0103u un semnal de alarm\u0103 asupra modului \u00een care ac\u0163ioneaz\u0103 prim\u0103ri\u0163a din Bulbucata, pe care o acuz\u0103 de \u201eviolen\u0163\u0103\u201d, \u201eminciun\u0103\u201d, \u201eamenin\u0163\u0103ri\u201d. V\u0103 red\u0103m, \u00een r\u00e2ndurile [&hellip;]<\/p>\n","protected":false},"author":1,"featured_media":73036,"comment_status":"open","ping_status":"open","sticky":false,"template":"","format":"standard","meta":{"slim_seo":{"title":"REVOLT\u0102TOR! Declara\u0163ii incendiare despre familia prim\u0103ri\u0163ei din Bulbucata. Oamenii acuz\u0103 amenin\u0163\u0103ri sau beneficii ilegale. Candidatul PSD: \u201eM\u0103 a\u015ftept la cele mai josnice atacuri din partea familiei Andrei!\u201d - GIURGIU NET","description":"Candidatul PSD la func\u0163ia de primar al comunei Bulbucata, jude\u0163ul Giurgiu, Ionela Spirache, transmite \u015fi prin intermediul nostru o scrisoare c\u0103tre to\u0163i locuitor"},"footnotes":""},"categories":[18,19,25,28],"tags":[405],"class_list":{"0":"post-73035","1":"post","2":"type-post","3":"status-publish","4":"format-standard","5":"has-post-thumbnail","7":"category-actual","8":"category-adm","9":"category-pol","10":"category-uo","11":"tag-bulbucata"},"_links":{"self":[{"href":"https:\/\/giurgiu-net.ro\/index.php\/wp-json\/wp\/v2\/posts\/73035","targetHints":{"allow":["GET"]}}],"collection":[{"href":"https:\/\/giurgiu-net.ro\/index.php\/wp-json\/wp\/v2\/posts"}],"about":[{"href":"https:\/\/giurgiu-net.ro\/index.php\/wp-json\/wp\/v2\/types\/post"}],"author":[{"embeddable":true,"href":"https:\/\/giurgiu-net.ro\/index.php\/wp-json\/wp\/v2\/users\/1"}],"replies":[{"embeddable":true,"href":"https:\/\/giurgiu-net.ro\/index.php\/wp-json\/wp\/v2\/comments?post=73035"}],"version-history":[{"count":0,"href":"https:\/\/giurgiu-net.ro\/index.php\/wp-json\/wp\/v2\/posts\/73035\/revisions"}],"wp:featuredmedia":[{"embeddable":true,"href":"https:\/\/giurgiu-net.ro\/index.php\/wp-json\/wp\/v2\/media\/73036"}],"wp:attachment":[{"href":"https:\/\/giurgiu-net.ro\/index.php\/wp-json\/wp\/v2\/media?parent=73035"}],"wp:term":[{"taxonomy":"category","embeddable":true,"href":"https:\/\/giurgiu-net.ro\/index.php\/wp-json\/wp\/v2\/categories?post=73035"},{"taxonomy":"post_tag","embeddable":true,"href":"https:\/\/giurgiu-net.ro\/index.php\/wp-json\/wp\/v2\/tags?post=73035"}],"curies":[{"name":"wp","href":"https:\/\/api.w.org\/{rel}","templated":true}]}}