{"id":73033,"date":"2020-08-03T22:42:18","date_gmt":"2020-08-03T19:42:18","guid":{"rendered":"http:\/\/giurgiu-net.ro\/?p=73033"},"modified":"2020-08-03T22:42:18","modified_gmt":"2020-08-03T19:42:18","slug":"pnl-istul-toma-petcu-sau-cum-sa-te-faci-de-cacao-la-nivel-national-in-cazul-mina-plus-ditamai-infractiunea","status":"publish","type":"post","link":"https:\/\/giurgiu-net.ro\/index.php\/2020\/08\/03\/pnl-istul-toma-petcu-sau-cum-sa-te-faci-de-cacao-la-nivel-national-in-cazul-mina-plus-ditamai-infractiunea\/","title":{"rendered":"PNL-istul Toma Petcu sau cum s\u0103 te faci de CACAo la nivel na\u0163ional, \u00een cazul Mina. Plus, ditamai infrac\u0163iunea!"},"content":{"rendered":"\n<p class=\"has-text-align-center\"><em><strong>Oricare dintre noi, dac\u0103 eram Toma Petcu, t\u0103ceam dracului \u00een cazul lui Marian Mina! Oricare dintre noi, dac\u0103 eram Toma Petcu, am fi refuzat politicos s\u0103 intr\u0103m, ast\u0103-sear\u0103, \u00een direct la Rom\u00e2nia TV, ca s\u0103 evit\u0103m ridicolul, penibilul, nenorocirea! Dac\u0103 aveam un dram de decen\u0163\u0103, de respect fa\u0163\u0103 de giurgiuveni sau un strop de &#8222;dragoste&#8221; fa\u0163\u0103 de PNL Giurgiu, st\u0103team \u00een &#8230; plapuma noastr\u0103, \u00een lini\u015fte. <\/strong><\/em><\/p>\n\n\n\n<p>Domnule Toma Petcu, f\u0103r\u0103 sup\u0103rare, dar n-am v\u0103zut at\u00e2ta disperare, la vreun interviu cu dvs, ca ast\u0103 sear\u0103. Parc\u0103 am fi asistat la cita\u0163ii ale unor &#8222;<strong style=\"font-style: italic;\">feti\u0163e politice&#8221;, cu fusta prea scurt\u0103, prinse de organ cu m\u00e2na \u00eentre picioare<\/strong>! Pentru c\u0103 niciodat\u0103, dar niciodat\u0103 de c\u00e2nd \u00eel \u015ftim, <em>Toma Petcu n-a fost mai \u0163ip\u0103tor, mai agresiv, mai pi\u0163ig\u0103iat dec\u00e2t&#8230; i-a sc\u0103pat ast\u0103-sear\u0103, pe post<\/em>. <\/p>\n\n\n\n<p><strong>Cine \u0163ip\u0103, \u0103la e disperat, f\u0103r\u0103 sup\u0103rare! E demonstrat, citi\u0163i ni\u015fte Freud! \ud83d\ude00<\/strong><\/p>\n\n\n\n<p>\u00cen afar\u0103 de faptul c\u0103, din postura de deputat, trimis acolo de giurgiuveni, ar fi trebuit s\u0103 condamne asemenea abuz pe care l-a tr\u0103it Mina, Toma Petcu, dac\u0103 era inspirat, r\u0103m\u00e2nea cuminte, cu fripturica la botic, pe maginea patului. De unde se pare c\u0103 tot comand\u0103 legea prin jude\u0163. <em><strong>S\u0103 v\u0103 amintim c\u0103 este ilegal s\u0103 fie furnizate date din ancheta epidemiologic\u0103 a oricui? <\/strong><\/em> Noi \u015ftim c\u0103 ave\u0163i prefectura drept pre\u015f, dar nu pute\u0163i \u00eenc\u0103lca legea la nesf\u00e2r\u015fit!<\/p>\n\n\n\n<p><em>De unde \u015ftie Petcu dac\u0103 Mina a m\u00e2ncat sau nu semin\u0163e, \u00eentr-o anumit\u0103 sear\u0103, cu cine \u015fi c\u00e2te? De unde? Zici, dracului, c\u0103 suntem \u00een filmele ruse\u015fti, cu spioni! M\u0103, voi prea ave\u0163i timp liber, pl\u0103ti\u0163i cu banii no\u015ftri!<\/em><\/p>\n\n\n\n<p>\u015ei apoi, cum pute\u0163i s\u0103 pune\u0163i la \u00eendoial\u0103 rezultatele testelor COVID- 19? S\u0103 \u00een\u0163elegem c\u0103, dac\u0103 \u015fefa DSP, acuz\u00e2nd simptome, a ie\u015fit pozitiv, de fapt e negativ, ca s\u0103 plece subprefectul Br\u0103garu \u00een Grecia? Iar Mina, f\u0103r\u0103 simptome, de fapt, e pozitiv, ca s\u0103 nu v\u0103 mai tremure vou\u0103 fundule\u0163ele de frica lui?<\/p>\n\n\n\n<p>F\u0103r\u0103 mi\u015fto, v\u0103 som\u0103m s\u0103 ne spune\u0163i public: <em>Cine i-a num\u0103rat minutele \u015fi semin\u0163ele lui Mina, c\u00e2t a vobit cu dl Covaci? \u00cel urm\u0103ri\u0163i? Suntem \u00een vreun film cu camera ascuns\u0103 \u015fi nu \u015ftim?<\/em><\/p>\n\n\n\n<p>Aproape c\u0103 nici nu mai conteaz\u0103. <em><strong>Marian Mina v-a dat daun\u0103 total\u0103, pe LEGE<\/strong><\/em> \u015fi voi scheuna\u0163i acum ca ni\u015fte pot\u0103i care ar fi avut poten\u0163ial&#8230; dac\u0103 erau mai mari, mai de\u015ftepte \u015fi mai puternice. Ce trist, n-ave\u0163i noroc! <\/p>\n\n\n\n<p>Pentru ceea ce i-a\u0163i f\u0103cut pre\u015fedintelui Consiliului Jude\u0163ean Giurgiu, a\u0163i pierdut procente nu doar \u00een Giurgiu, ci \u00een toat\u0103 \u0163ara, din cauza abuzului \u0103stuia nemernic! \u015ei, oric\u00e2t a\u0163i schel\u0103l\u0103i pe la gardul PNL, b\u0103ie\u0163i, nu uita\u0163i, c\u0103\u0163elu\u015fii latr\u0103, URSUL MERGE!<\/p>\n\n\n\n<p>Hai, pa!<\/p>\n","protected":false},"excerpt":{"rendered":"<p>Oricare dintre noi, dac\u0103 eram Toma Petcu, t\u0103ceam dracului \u00een cazul lui Marian Mina! Oricare dintre noi, dac\u0103 eram Toma Petcu, am fi refuzat politicos s\u0103 intr\u0103m, ast\u0103-sear\u0103, \u00een direct la Rom\u00e2nia TV, ca s\u0103 evit\u0103m ridicolul, penibilul, nenorocirea! Dac\u0103 aveam un dram de decen\u0163\u0103, de respect fa\u0163\u0103 de giurgiuveni sau un strop de &#8222;dragoste&#8221; [&hellip;]<\/p>\n","protected":false},"author":1,"featured_media":71809,"comment_status":"open","ping_status":"open","sticky":false,"template":"","format":"standard","meta":{"slim_seo":{"title":"PNL-istul Toma Petcu sau cum s\u0103 te faci de CACAo la nivel na\u0163ional, \u00een cazul Mina. Plus, ditamai infrac\u0163iunea! - GIURGIU NET","description":"Oricare dintre noi, dac\u0103 eram Toma Petcu, t\u0103ceam dracului \u00een cazul lui Marian Mina! Oricare dintre noi, dac\u0103 eram Toma Petcu, am fi refuzat politicos s\u0103 intr\u0103m,"},"footnotes":""},"categories":[18,25,28],"tags":[2027],"class_list":{"0":"post-73033","1":"post","2":"type-post","3":"status-publish","4":"format-standard","5":"has-post-thumbnail","7":"category-actual","8":"category-pol","9":"category-uo","10":"tag-pnl-giurgiu"},"_links":{"self":[{"href":"https:\/\/giurgiu-net.ro\/index.php\/wp-json\/wp\/v2\/posts\/73033","targetHints":{"allow":["GET"]}}],"collection":[{"href":"https:\/\/giurgiu-net.ro\/index.php\/wp-json\/wp\/v2\/posts"}],"about":[{"href":"https:\/\/giurgiu-net.ro\/index.php\/wp-json\/wp\/v2\/types\/post"}],"author":[{"embeddable":true,"href":"https:\/\/giurgiu-net.ro\/index.php\/wp-json\/wp\/v2\/users\/1"}],"replies":[{"embeddable":true,"href":"https:\/\/giurgiu-net.ro\/index.php\/wp-json\/wp\/v2\/comments?post=73033"}],"version-history":[{"count":0,"href":"https:\/\/giurgiu-net.ro\/index.php\/wp-json\/wp\/v2\/posts\/73033\/revisions"}],"wp:featuredmedia":[{"embeddable":true,"href":"https:\/\/giurgiu-net.ro\/index.php\/wp-json\/wp\/v2\/media\/71809"}],"wp:attachment":[{"href":"https:\/\/giurgiu-net.ro\/index.php\/wp-json\/wp\/v2\/media?parent=73033"}],"wp:term":[{"taxonomy":"category","embeddable":true,"href":"https:\/\/giurgiu-net.ro\/index.php\/wp-json\/wp\/v2\/categories?post=73033"},{"taxonomy":"post_tag","embeddable":true,"href":"https:\/\/giurgiu-net.ro\/index.php\/wp-json\/wp\/v2\/tags?post=73033"}],"curies":[{"name":"wp","href":"https:\/\/api.w.org\/{rel}","templated":true}]}}