{"id":72951,"date":"2020-07-29T18:59:33","date_gmt":"2020-07-29T15:59:33","guid":{"rendered":"http:\/\/giurgiu-net.ro\/?p=72951"},"modified":"2020-07-29T18:59:33","modified_gmt":"2020-07-29T15:59:33","slug":"karma-sefa-dsp-giurgiu-depistata-pozitiv-la-testul-covid-19-prefecta-si-subprefectul-in-carantina","status":"publish","type":"post","link":"https:\/\/giurgiu-net.ro\/index.php\/2020\/07\/29\/karma-sefa-dsp-giurgiu-depistata-pozitiv-la-testul-covid-19-prefecta-si-subprefectul-in-carantina\/","title":{"rendered":"KARMA?! \u015eefa DSP Giurgiu, depistat\u0103 pozitiv la testul COVID-19. Prefecta \u015fi subprefectul, \u00een carantin\u0103?"},"content":{"rendered":"\n<p class=\"wp-block-paragraph\">E, vede\u0163i cum este? V\u0103 place? Nu-i a\u015fa c\u0103 nu v\u0103 mai vine s\u0103 r\u00e2de\u0163i? Dar m\u0103car a\u0163i \u00eenv\u0103\u0163at ceva din asta? Nu trebuie s\u0103 ne r\u0103spunde\u0163i nou\u0103, ci vou\u0103 \u00een\u015fiv\u0103.<\/p>\n\n\n\n<p class=\"wp-block-paragraph\">\u015eefa Direc\u0163iei de S\u0103n\u0103tate Public\u0103 Giurgiu, Claudia Micu, a fost diagnosticat\u0103 cu noul coronavirus. Cel pu\u0163in a\u015fa arat\u0103 testul pe care vi-l ata\u015f\u0103m mai jos:<\/p>\n\n\n\n<figure class=\"wp-block-image size-full\"><img loading=\"lazy\" decoding=\"async\" width=\"900\" height=\"827\" src=\"https:\/\/giurgiu-net.ro\/wp-content\/uploads\/2020\/07\/pozitiv-sefa-dsp.jpeg\" alt=\"\" class=\"wp-image-72952\" srcset=\"https:\/\/giurgiu-net.ro\/wp-content\/uploads\/2020\/07\/pozitiv-sefa-dsp.jpeg 900w, https:\/\/giurgiu-net.ro\/wp-content\/uploads\/2020\/07\/pozitiv-sefa-dsp-300x276.jpeg 300w, https:\/\/giurgiu-net.ro\/wp-content\/uploads\/2020\/07\/pozitiv-sefa-dsp-768x706.jpeg 768w, https:\/\/giurgiu-net.ro\/wp-content\/uploads\/2020\/07\/pozitiv-sefa-dsp-696x640.jpeg 696w\" sizes=\"auto, (max-width: 900px) 100vw, 900px\" \/><\/figure>\n\n\n\n<p class=\"wp-block-paragraph\">\u00cen primul r\u00e2nd, \u00eei ur\u0103m doamnei \u015fefe a DSP Giurgiu mult\u0103 s\u0103n\u0103tate \u015fi s\u0103 nu aib\u0103 probleme din cauza virusului cu pricina! \u00cens\u0103, vrem \u015fi s\u0103 ne spun\u0103 dac\u0103 este adev\u0103rat c\u0103, \u00een aceast\u0103 diminea\u0163\u0103, a avut o \u00eentrevedere, \u00een spa\u0163iu \u00eenchis, adic\u0103 la Prefectur\u0103, cu prefecta Aneta Matei \u015fi cu subprefectul Mirel Br\u0103garu! \u015ei dac\u0103 da, \u00eei va b\u0103ga pe cei doi \u00een carantin\u0103? C\u0103 doar sunt contac\u0163i direc\u0163i, nu?<\/p>\n\n\n\n<p class=\"wp-block-paragraph\">C\u0103 pe Marian Mina l-a\u0163i carantinat cu for\u0163a \u015fi f\u0103r\u0103 s\u0103-i spune\u0163i \u015fi f\u0103r\u0103 vreun document oficial \u00een baza c\u0103ruia s\u0103 pute\u0163i face asta!<\/p>\n\n\n\n<p class=\"wp-block-paragraph\">Nu se bucur\u0103 nimeni de r\u0103ul nim\u0103nui, Doamne fere\u015fte, dar l\u0103sa\u0163i-ne s\u0103 credem c\u0103, iat\u0103, se pare c\u0103 \u00ee\u015fi face treaba Karma&#8230;<\/p>\n\n\n\n<p class=\"wp-block-paragraph\"><\/p>\n","protected":false},"excerpt":{"rendered":"<p>E, vede\u0163i cum este? V\u0103 place? Nu-i a\u015fa c\u0103 nu v\u0103 mai vine s\u0103 r\u00e2de\u0163i? Dar m\u0103car a\u0163i \u00eenv\u0103\u0163at ceva din asta? Nu trebuie s\u0103 ne r\u0103spunde\u0163i nou\u0103, ci vou\u0103 \u00een\u015fiv\u0103. \u015eefa Direc\u0163iei de S\u0103n\u0103tate Public\u0103 Giurgiu, Claudia Micu, a fost diagnosticat\u0103 cu noul coronavirus. Cel pu\u0163in a\u015fa arat\u0103 testul pe care vi-l ata\u015f\u0103m mai [&hellip;]<\/p>\n","protected":false},"author":1,"featured_media":72952,"comment_status":"open","ping_status":"open","sticky":false,"template":"","format":"standard","meta":{"slim_seo":{"title":"KARMA?! \u015eefa DSP Giurgiu, depistat\u0103 pozitiv la testul COVID-19. Prefecta \u015fi subprefectul, \u00een carantin\u0103? - GIURGIU NET","description":"E, vede\u0163i cum este? V\u0103 place? Nu-i a\u015fa c\u0103 nu v\u0103 mai vine s\u0103 r\u00e2de\u0163i? Dar m\u0103car a\u0163i \u00eenv\u0103\u0163at ceva din asta? Nu trebuie s\u0103 ne r\u0103spunde\u0163i nou\u0103, ci vou\u0103 \u00een\u015fiv\u0103. \u015eefa"},"footnotes":""},"categories":[18,26,28],"tags":[2121],"class_list":["post-72951","post","type-post","status-publish","format-standard","has-post-thumbnail","category-actual","category-soc","category-uo","tag-prefectura"],"_links":{"self":[{"href":"https:\/\/giurgiu-net.ro\/index.php\/wp-json\/wp\/v2\/posts\/72951","targetHints":{"allow":["GET"]}}],"collection":[{"href":"https:\/\/giurgiu-net.ro\/index.php\/wp-json\/wp\/v2\/posts"}],"about":[{"href":"https:\/\/giurgiu-net.ro\/index.php\/wp-json\/wp\/v2\/types\/post"}],"author":[{"embeddable":true,"href":"https:\/\/giurgiu-net.ro\/index.php\/wp-json\/wp\/v2\/users\/1"}],"replies":[{"embeddable":true,"href":"https:\/\/giurgiu-net.ro\/index.php\/wp-json\/wp\/v2\/comments?post=72951"}],"version-history":[{"count":0,"href":"https:\/\/giurgiu-net.ro\/index.php\/wp-json\/wp\/v2\/posts\/72951\/revisions"}],"wp:featuredmedia":[{"embeddable":true,"href":"https:\/\/giurgiu-net.ro\/index.php\/wp-json\/wp\/v2\/media\/72952"}],"wp:attachment":[{"href":"https:\/\/giurgiu-net.ro\/index.php\/wp-json\/wp\/v2\/media?parent=72951"}],"wp:term":[{"taxonomy":"category","embeddable":true,"href":"https:\/\/giurgiu-net.ro\/index.php\/wp-json\/wp\/v2\/categories?post=72951"},{"taxonomy":"post_tag","embeddable":true,"href":"https:\/\/giurgiu-net.ro\/index.php\/wp-json\/wp\/v2\/tags?post=72951"}],"curies":[{"name":"wp","href":"https:\/\/api.w.org\/{rel}","templated":true}]}}