{"id":72400,"date":"2020-06-01T20:31:47","date_gmt":"2020-06-01T17:31:47","guid":{"rendered":"http:\/\/giurgiu-net.ro\/?p=72400"},"modified":"2020-06-01T20:31:47","modified_gmt":"2020-06-01T17:31:47","slug":"uluitor-un-consilier-local-pnl-din-bucsani-rabufneste-dan-pasat-protagonistul-unor-fapte-grave-prefectura-a-fost-sesizata-din-data-de-16-ianuarie","status":"publish","type":"post","link":"https:\/\/giurgiu-net.ro\/index.php\/2020\/06\/01\/uluitor-un-consilier-local-pnl-din-bucsani-rabufneste-dan-pasat-protagonistul-unor-fapte-grave-prefectura-a-fost-sesizata-din-data-de-16-ianuarie\/","title":{"rendered":"ULUITOR! Un consilier local PNL din Buc\u015fani r\u0103bufne\u015fte: &#8222;Dan Pasat, protagonistul unor fapte grave! Prefectura a fost sesizat\u0103 din data de 16 ianuarie!&#8221;"},"content":{"rendered":"\n<p>Am primit la redac\u0163ie scrisoarea unui ales local din Buc\u015fani. Document pe care \u00eel red\u0103m \u00een r\u00e2ndurile de mai jos:<\/p>\n\n\n\n<p>&#8222;Ma numesc MARIUS DIRVARU si sunt cetatean al comunei BUCSANI, jud\u00a0 GIUIRGIU.<\/p>\n\n\n\n<p>In prezent sunt consilier local din partea PNL si doresc ca pe aceasta cale sa va semnalez cateva fapte grave ce se petrec pe raza acestei comune(&#8230;). <\/p>\n\n\n\n<p>\u201eDASOVEANU NICOLAE a dobandit in instanta terenuri agricole, achizitionate prin cumpararea de drepturi litigioase pe raza comunei GRADINARI. Primaria GRADINARI a refuzat punerea in posesie, pe motiv ca nu mai este teren disponibil in comuna. Acesta a obtinut, prin alta hotarare, dreptul de a primi\u00a0 terenul aferent din alta localitate de pe raza judetului. Numitul DASOVEANU a aflat ca primaria BUCSANI are disponibil terenul obtinut in instanta, respectiv 90 de hectare. Prin urmare, a facut cerere de punere in posesie la primaria BUCSANI, dar cererea a fost refuzata prin\u00a0 motivul ca mai sunt de facut puneri in posesie si trebuie sa isi astepte randul. Neavand rabdare sa-i vina randul, numitul DASOVEANU a actionat primaria BUCSANI in judecata, dosar ce se afla pe rol.<\/p>\n\n\n\n<p>Va aduc la cunostinta acest fapt pentru\nca pe raza comunelor BUCSANI, GRADINARI, OGREZENI si altele se fac asemenea\ntranzactii de peste 10 ani. Cel mai grav este ca o mare parte din titlurile de\nproprietate ale vanzatorilor initiali, s-au facut unor persoane ce nu aveau\ndreptul asupra acelor terenuri si aici vorbim de sute de hectare.&nbsp;&nbsp;&nbsp;&nbsp;&nbsp;&nbsp;&nbsp;&nbsp;&nbsp;&nbsp;&nbsp;&nbsp;&nbsp;&nbsp;&nbsp;&nbsp;&nbsp;&nbsp;&nbsp;&nbsp;&nbsp;&nbsp;&nbsp;&nbsp;&nbsp;&nbsp;&nbsp;&nbsp;&nbsp;&nbsp;&nbsp;&nbsp;&nbsp;&nbsp;&nbsp;&nbsp;&nbsp;&nbsp;&nbsp;&nbsp;&nbsp;&nbsp;&nbsp;&nbsp;&nbsp;&nbsp;&nbsp;&nbsp;&nbsp;&nbsp;&nbsp;&nbsp;&nbsp;&nbsp;&nbsp;&nbsp;&nbsp;&nbsp;&nbsp;&nbsp;&nbsp;&nbsp;&nbsp;&nbsp;&nbsp;&nbsp;&nbsp;&nbsp;&nbsp;&nbsp;&nbsp;&nbsp;&nbsp;\n<\/p>\n\n\n\n<p><strong>Pentru rezolvarea acestor nereguli si identificarea de noi terenuri bune de praduit a fost adus la inaintare numitul DAN PASAT, fost deputat si condamnat la inchisoare cu executare pentru coruptie si santa<\/strong>j. Pentru a-si pune planul in aplicare <em>acesta a reusit sa \u201cracoleze\u201d 8 consilieri locali din diferite partide, care l-au ajutat sa puna mana pe conducerea primariei BUCSANI prin metode ilegale si conjucturale.\u00a0\u00a0\u00a0\u00a0\u00a0\u00a0\u00a0\u00a0\u00a0\u00a0\u00a0\u00a0\u00a0\u00a0\u00a0\u00a0\u00a0\u00a0\u00a0\u00a0\u00a0\u00a0\u00a0\u00a0\u00a0\u00a0\u00a0\u00a0\u00a0\u00a0\u00a0\u00a0\u00a0\u00a0\u00a0\u00a0\u00a0\u00a0\u00a0\u00a0\u00a0\u00a0\u00a0\u00a0\u00a0\u00a0\u00a0\u00a0\u00a0\u00a0\u00a0\u00a0\u00a0\u00a0\u00a0\u00a0\u00a0\u00a0\u00a0\u00a0\u00a0\u00a0\u00a0\u00a0\u00a0\u00a0\u00a0\u00a0\u00a0\u00a0\u00a0\u00a0\u00a0\u00a0<\/em>\u00a0\u00a0\u00a0\u00a0\u00a0\u00a0\u00a0\u00a0\u00a0\u00a0\u00a0\u00a0\u00a0\u00a0\u00a0\u00a0\u00a0\u00a0\u00a0\u00a0\u00a0\u00a0 <\/p>\n\n\n\n<p>Mai exact, cei 8, in luna ianuarie 2020, l-au demis din functia de viceprimar pe numitul RIZEA IONEL, procedura ilegala la acea data (conform legislatiei, viceprimarul nu putea fi demis cu 6 luni inainte de alegerile locale). Apoi, la sfarsitul lunii ianuarie s-a votat noul viceprimar de catre 9 consilieri de aceasta data. Important este ca la acea data doi consilieri erau exclusi din partid PSD, respectiv CHIVULET IONEL si SANDU BRATU, pierzandu-si automat functii de consilieri locali. Nu s-a tinut cont de aceasta ilegalitate si in functia de viceprimar a fost ales CHIVULET IONEL. Tot in acea sedinta, cei 8 consilieri<em><strong> la presiunea numitului DAN PASAT, nu au permis membrului supleant NEDELCU MARIAN sa ocupe funct<\/strong><\/em>ia de consilier local, post ramas liber in urma decesului unui consilier local (membru PSD). Iar de la instalarea in functie a noului viceprimar, <em><strong>DAN PASAT si-a facut aparitia aproape zilnic in primaria BUCSANI pentru a supraveghea indeaproape activitatea noului sau viceprimar.\u00a0\u00a0\u00a0\u00a0\u00a0\u00a0\u00a0\u00a0\u00a0\u00a0\u00a0\u00a0\u00a0\u00a0\u00a0\u00a0\u00a0\u00a0\u00a0\u00a0\u00a0\u00a0\u00a0\u00a0\u00a0\u00a0\u00a0\u00a0\u00a0\u00a0\u00a0\u00a0\u00a0\u00a0\u00a0\u00a0\u00a0\u00a0\u00a0\u00a0\u00a0\u00a0\u00a0\u00a0\u00a0 <\/strong><\/em><\/p>\n\n\n\n<p>La inceputul lunii MAI primarul in functie a decedat, functie preluata conform legii de viceprimarul (insa sa nu uitam ca aceste detine functia ilegal).<em><strong> De atunci, numitul DAN PASAT a preluat cu ajutorul servitorului sau biroul primarului.\u00a0\u00a0\u00a0\u00a0\u00a0\u00a0\u00a0\u00a0\u00a0\u00a0\u00a0\u00a0\u00a0\u00a0\u00a0\u00a0\u00a0\u00a0\u00a0\u00a0\u00a0\u00a0\u00a0\u00a0\u00a0\u00a0\u00a0\u00a0\u00a0\u00a0\u00a0\u00a0\u00a0\u00a0\u00a0\u00a0\u00a0\u00a0\u00a0\u00a0\u00a0\u00a0\u00a0\u00a0\u00a0\u00a0\u00a0\u00a0\u00a0\u00a0\u00a0\u00a0\u00a0\u00a0\u00a0\u00a0\u00a0\u00a0\u00a0\u00a0\u00a0\u00a0\u00a0\u00a0\u00a0\u00a0\u00a0\u00a0\u00a0\u00a0\u00a0\u00a0\u00a0\u00a0\u00a0\u00a0\u00a0\u00a0\u00a0\u00a0\u00a0\u00a0\u00a0\u00a0\u00a0\u00a0\u00a0 \u00a0\u00a0\u00a0\u00a0\u00a0\u00a0\u00a0\u00a0\u00a0\u00a0\u00a0\u00a0\u00a0\u00a0\u00a0\u00a0\u00a0\u00a0\u00a0\u00a0\u00a0\u00a0\u00a0\u00a0\u00a0\u00a0\u00a0\u00a0\u00a0\u00a0\u00a0\u00a0\u00a0\u00a0\u00a0\u00a0\u00a0<\/strong><\/em>\u00a0\u00a0\u00a0\u00a0\u00a0\u00a0<\/p>\n\n\n\n<p>In plus, nici la aceasta data NEDELCU MARIAN nu este lasat de catre clica lui DAN PASAT sa ocupe postul de consilier  local.\u00a0\u00a0\u00a0\u00a0\u00a0\u00a0\u00a0\u00a0\u00a0\u00a0\u00a0\u00a0\u00a0\u00a0\u00a0\u00a0\u00a0\u00a0\u00a0\u00a0\u00a0\u00a0\u00a0\u00a0\u00a0\u00a0\u00a0\u00a0\u00a0\u00a0\u00a0\u00a0 \u00a0\u00a0\u00a0\u00a0\u00a0\u00a0\u00a0\u00a0\u00a0\u00a0\u00a0\u00a0\u00a0\u00a0\u00a0\u00a0\u00a0\u00a0\u00a0\u00a0\u00a0\u00a0\u00a0\u00a0\u00a0\u00a0\u00a0\u00a0\u00a0\u00a0\u00a0\u00a0\u00a0\u00a0\u00a0\u00a0\u00a0\u00a0\u00a0\u00a0\u00a0\u00a0\u00a0\u00a0\u00a0\u00a0\u00a0\u00a0\u00a0\u00a0\u00a0\u00a0\u00a0\u00a0 \u00a0\u00a0\u00a0\u00a0\u00a0\u00a0\u00a0\u00a0\u00a0\u00a0\u00a0\u00a0\u00a0\u00a0\u00a0\u00a0\u00a0\u00a0\u00a0\u00a0\u00a0\u00a0\u00a0\u00a0\u00a0\u00a0\u00a0\u00a0\u00a0\u00a0\u00a0\u00a0\u00a0\u00a0\u00a0\u00a0<\/p>\n\n\n\n<p>De asemenea, prefectura GIURGIU a fost\nsesizata din 16 ianuarie si este la curent cu toate ilegalitatile ce se comit\nin comuna BUCSANI.<\/p>\n\n\n\n<p>Mentionez ca, pentru toate cele\nmentionate mai sus exista documente doveditoare.&nbsp;&nbsp; &nbsp;&nbsp;&nbsp;&nbsp;&nbsp;&nbsp;&nbsp;&nbsp;&nbsp;&nbsp;&nbsp;&nbsp;&nbsp;&nbsp;&nbsp;&nbsp;&nbsp;&nbsp;&nbsp;&nbsp;&nbsp;&nbsp;&nbsp;&nbsp;&nbsp;&nbsp;&nbsp;&nbsp;&nbsp;&nbsp;&nbsp;&nbsp;&nbsp;&nbsp;&nbsp;&nbsp;&nbsp;&nbsp;<\/p>\n\n\n\n<p>Va semnalez aceste aspecte cu incredere pentru ca va consider impartiali si onesti&#8221;.<\/p>\n","protected":false},"excerpt":{"rendered":"<p>Am primit la redac\u0163ie scrisoarea unui ales local din Buc\u015fani. Document pe care \u00eel red\u0103m \u00een r\u00e2ndurile de mai jos: &#8222;Ma numesc MARIUS DIRVARU si sunt cetatean al comunei BUCSANI, jud\u00a0 GIUIRGIU. In prezent sunt consilier local din partea PNL si doresc ca pe aceasta cale sa va semnalez cateva fapte grave ce se petrec [&hellip;]<\/p>\n","protected":false},"author":1,"featured_media":71083,"comment_status":"open","ping_status":"open","sticky":false,"template":"","format":"standard","meta":{"slim_seo":{"title":"ULUITOR! Un consilier local PNL din Buc\u015fani r\u0103bufne\u015fte: \"Dan Pasat, protagonistul unor fapte grave! Prefectura a fost sesizat\u0103 din data de 16 ianuarie!\" - GIURGIU NET","description":"Am primit la redac\u0163ie scrisoarea unui ales local din Buc\u015fani. Document pe care \u00eel red\u0103m \u00een r\u00e2ndurile de mai jos: \"Ma numesc MARIUS DIRVARU si sunt cetatean al c"},"footnotes":""},"categories":[18,19,25,28],"tags":[818],"class_list":{"0":"post-72400","1":"post","2":"type-post","3":"status-publish","4":"format-standard","5":"has-post-thumbnail","7":"category-actual","8":"category-adm","9":"category-pol","10":"category-uo","11":"tag-dan-pasat"},"_links":{"self":[{"href":"https:\/\/giurgiu-net.ro\/index.php\/wp-json\/wp\/v2\/posts\/72400","targetHints":{"allow":["GET"]}}],"collection":[{"href":"https:\/\/giurgiu-net.ro\/index.php\/wp-json\/wp\/v2\/posts"}],"about":[{"href":"https:\/\/giurgiu-net.ro\/index.php\/wp-json\/wp\/v2\/types\/post"}],"author":[{"embeddable":true,"href":"https:\/\/giurgiu-net.ro\/index.php\/wp-json\/wp\/v2\/users\/1"}],"replies":[{"embeddable":true,"href":"https:\/\/giurgiu-net.ro\/index.php\/wp-json\/wp\/v2\/comments?post=72400"}],"version-history":[{"count":0,"href":"https:\/\/giurgiu-net.ro\/index.php\/wp-json\/wp\/v2\/posts\/72400\/revisions"}],"wp:featuredmedia":[{"embeddable":true,"href":"https:\/\/giurgiu-net.ro\/index.php\/wp-json\/wp\/v2\/media\/71083"}],"wp:attachment":[{"href":"https:\/\/giurgiu-net.ro\/index.php\/wp-json\/wp\/v2\/media?parent=72400"}],"wp:term":[{"taxonomy":"category","embeddable":true,"href":"https:\/\/giurgiu-net.ro\/index.php\/wp-json\/wp\/v2\/categories?post=72400"},{"taxonomy":"post_tag","embeddable":true,"href":"https:\/\/giurgiu-net.ro\/index.php\/wp-json\/wp\/v2\/tags?post=72400"}],"curies":[{"name":"wp","href":"https:\/\/api.w.org\/{rel}","templated":true}]}}