{"id":72390,"date":"2020-06-01T11:05:45","date_gmt":"2020-06-01T08:05:45","guid":{"rendered":"http:\/\/giurgiu-net.ro\/?p=72390"},"modified":"2020-06-01T11:05:45","modified_gmt":"2020-06-01T08:05:45","slug":"alo-pnl-jos-labele-de-pe-ziua-copilului","status":"publish","type":"post","link":"https:\/\/giurgiu-net.ro\/index.php\/2020\/06\/01\/alo-pnl-jos-labele-de-pe-ziua-copilului\/","title":{"rendered":"Alo, PNL! Jos labele de pe Ziua Copilului!"},"content":{"rendered":"\n<p>Pentru aloca\u0163iile copiilor nu ave\u0163i bani, pentru pensiile bunicilor lor, nici at\u00e2t, pentru salariile p\u0103rin\u0163ilor cu at\u00e2t mai pu\u0163in. Dar, ce v\u0103 mai place s\u0103 v\u0103 poza\u0163i cu micu\u0163ii, \u00een tricouri inscrip\u0163ionate cu sigla partidului!<\/p>\n\n\n\n<p>Iar Marian M\u0103roiu merge chiar mai departe \u015fi posteaz\u0103 fotografii pe Facebook cu el \u015fi colegi care poart\u0103 tricouri pe care scrie &#8222;Marian M\u0103roiu, primar&#8221;. Nu \u015ftim dac\u0103 sunt de azi sau de anul trecut. Dac\u0103 sunt de azi, distan\u0163area social\u0103 nu exist\u0103. Dac\u0103 sunt de anul trecut, r\u0103m\u00e2ne valabil apelul: Alo, PNL Giurgiu, alo, dl M\u0103roiu, jos labele de pe Ziua Copilului, c\u0103 nu face\u0163i nimic pentru ei!<\/p>\n\n\n\n<p>Nu-i \u00eenc\u0103lze\u015fte cu nimic, nici pe ei \u015fi nici pe p\u0103rin\u0163ii lor, c\u0103 v\u0103 aminti\u0163i o zi \u00eentr-un an de copii, c\u0103 le aduce\u0163i c\u00e2teva mascote(inclusiv pe alea care poart\u0103 tricouri PNL) \u015fi v\u0103 trage\u0163i \u00een poze, ca \u00een plin\u0103 campanie electoral\u0103.<\/p>\n\n\n\n<figure class=\"wp-block-gallery columns-2 is-cropped wp-block-gallery-1 is-layout-flex wp-block-gallery-is-layout-flex\"><ul class=\"blocks-gallery-grid\"><li class=\"blocks-gallery-item\"><figure><a href=\"https:\/\/giurgiu-net.ro\/wp-content\/uploads\/2020\/06\/84443348_894353611032431_387148455140655104_n.jpg\"><img loading=\"lazy\" decoding=\"async\" width=\"225\" height=\"300\" src=\"https:\/\/giurgiu-net.ro\/wp-content\/uploads\/2020\/06\/84443348_894353611032431_387148455140655104_n-225x300.jpg\" alt=\"\" data-id=\"72391\" data-full-url=\"https:\/\/giurgiu-net.ro\/wp-content\/uploads\/2020\/06\/84443348_894353611032431_387148455140655104_n.jpg\" data-link=\"https:\/\/giurgiu-net.ro\/?attachment_id=72391\" class=\"wp-image-72391\" srcset=\"https:\/\/giurgiu-net.ro\/wp-content\/uploads\/2020\/06\/84443348_894353611032431_387148455140655104_n-225x300.jpg 225w, https:\/\/giurgiu-net.ro\/wp-content\/uploads\/2020\/06\/84443348_894353611032431_387148455140655104_n-696x928.jpg 696w, https:\/\/giurgiu-net.ro\/wp-content\/uploads\/2020\/06\/84443348_894353611032431_387148455140655104_n.jpg 720w\" sizes=\"auto, (max-width: 225px) 100vw, 225px\" \/><\/a><\/figure><\/li><li class=\"blocks-gallery-item\"><figure><a href=\"https:\/\/giurgiu-net.ro\/wp-content\/uploads\/2020\/06\/101550825_894353581032434_220555839189024768_n.jpg\"><img loading=\"lazy\" decoding=\"async\" width=\"225\" height=\"300\" src=\"https:\/\/giurgiu-net.ro\/wp-content\/uploads\/2020\/06\/101550825_894353581032434_220555839189024768_n-225x300.jpg\" alt=\"\" data-id=\"72392\" data-full-url=\"https:\/\/giurgiu-net.ro\/wp-content\/uploads\/2020\/06\/101550825_894353581032434_220555839189024768_n.jpg\" data-link=\"https:\/\/giurgiu-net.ro\/?attachment_id=72392\" class=\"wp-image-72392\" srcset=\"https:\/\/giurgiu-net.ro\/wp-content\/uploads\/2020\/06\/101550825_894353581032434_220555839189024768_n-225x300.jpg 225w, https:\/\/giurgiu-net.ro\/wp-content\/uploads\/2020\/06\/101550825_894353581032434_220555839189024768_n-696x928.jpg 696w, https:\/\/giurgiu-net.ro\/wp-content\/uploads\/2020\/06\/101550825_894353581032434_220555839189024768_n.jpg 720w\" sizes=\"auto, (max-width: 225px) 100vw, 225px\" \/><\/a><\/figure><\/li><li class=\"blocks-gallery-item\"><figure><a href=\"https:\/\/giurgiu-net.ro\/wp-content\/uploads\/2020\/06\/101572404_894353681032424_441743133059842048_n.jpg\"><img loading=\"lazy\" decoding=\"async\" width=\"300\" height=\"288\" src=\"https:\/\/giurgiu-net.ro\/wp-content\/uploads\/2020\/06\/101572404_894353681032424_441743133059842048_n-300x288.jpg\" alt=\"\" data-id=\"72393\" data-full-url=\"https:\/\/giurgiu-net.ro\/wp-content\/uploads\/2020\/06\/101572404_894353681032424_441743133059842048_n.jpg\" data-link=\"https:\/\/giurgiu-net.ro\/?attachment_id=72393\" class=\"wp-image-72393\" srcset=\"https:\/\/giurgiu-net.ro\/wp-content\/uploads\/2020\/06\/101572404_894353681032424_441743133059842048_n-300x288.jpg 300w, https:\/\/giurgiu-net.ro\/wp-content\/uploads\/2020\/06\/101572404_894353681032424_441743133059842048_n-696x667.jpg 696w, https:\/\/giurgiu-net.ro\/wp-content\/uploads\/2020\/06\/101572404_894353681032424_441743133059842048_n.jpg 720w\" sizes=\"auto, (max-width: 300px) 100vw, 300px\" \/><\/a><\/figure><\/li><\/ul><\/figure>\n\n\n\n<figure class=\"wp-block-image size-full\"><img loading=\"lazy\" decoding=\"async\" width=\"534\" height=\"571\" src=\"https:\/\/giurgiu-net.ro\/wp-content\/uploads\/2020\/06\/Untitled.jpg\" alt=\"\" class=\"wp-image-72395\" srcset=\"https:\/\/giurgiu-net.ro\/wp-content\/uploads\/2020\/06\/Untitled.jpg 534w, https:\/\/giurgiu-net.ro\/wp-content\/uploads\/2020\/06\/Untitled-281x300.jpg 281w\" sizes=\"auto, (max-width: 534px) 100vw, 534px\" \/><\/figure>\n\n\n\n<p>Ru\u015fine s\u0103 v\u0103 fie!<\/p>\n","protected":false},"excerpt":{"rendered":"<p>Pentru aloca\u0163iile copiilor nu ave\u0163i bani, pentru pensiile bunicilor lor, nici at\u00e2t, pentru salariile p\u0103rin\u0163ilor cu at\u00e2t mai pu\u0163in. Dar, ce v\u0103 mai place s\u0103 v\u0103 poza\u0163i cu micu\u0163ii, \u00een tricouri inscrip\u0163ionate cu sigla partidului! Iar Marian M\u0103roiu merge chiar mai departe \u015fi posteaz\u0103 fotografii pe Facebook cu el \u015fi colegi care poart\u0103 tricouri pe [&hellip;]<\/p>\n","protected":false},"author":1,"featured_media":72392,"comment_status":"open","ping_status":"open","sticky":false,"template":"","format":"standard","meta":{"slim_seo":{"title":"Alo, PNL! Jos labele de pe Ziua Copilului! - GIURGIU NET","description":"Pentru aloca\u0163iile copiilor nu ave\u0163i bani, pentru pensiile bunicilor lor, nici at\u00e2t, pentru salariile p\u0103rin\u0163ilor cu at\u00e2t mai pu\u0163in. Dar, ce v\u0103 mai place s\u0103 v\u0103 po"},"footnotes":""},"categories":[18,25,28],"tags":[],"class_list":{"0":"post-72390","1":"post","2":"type-post","3":"status-publish","4":"format-standard","5":"has-post-thumbnail","7":"category-actual","8":"category-pol","9":"category-uo"},"_links":{"self":[{"href":"https:\/\/giurgiu-net.ro\/index.php\/wp-json\/wp\/v2\/posts\/72390","targetHints":{"allow":["GET"]}}],"collection":[{"href":"https:\/\/giurgiu-net.ro\/index.php\/wp-json\/wp\/v2\/posts"}],"about":[{"href":"https:\/\/giurgiu-net.ro\/index.php\/wp-json\/wp\/v2\/types\/post"}],"author":[{"embeddable":true,"href":"https:\/\/giurgiu-net.ro\/index.php\/wp-json\/wp\/v2\/users\/1"}],"replies":[{"embeddable":true,"href":"https:\/\/giurgiu-net.ro\/index.php\/wp-json\/wp\/v2\/comments?post=72390"}],"version-history":[{"count":0,"href":"https:\/\/giurgiu-net.ro\/index.php\/wp-json\/wp\/v2\/posts\/72390\/revisions"}],"wp:featuredmedia":[{"embeddable":true,"href":"https:\/\/giurgiu-net.ro\/index.php\/wp-json\/wp\/v2\/media\/72392"}],"wp:attachment":[{"href":"https:\/\/giurgiu-net.ro\/index.php\/wp-json\/wp\/v2\/media?parent=72390"}],"wp:term":[{"taxonomy":"category","embeddable":true,"href":"https:\/\/giurgiu-net.ro\/index.php\/wp-json\/wp\/v2\/categories?post=72390"},{"taxonomy":"post_tag","embeddable":true,"href":"https:\/\/giurgiu-net.ro\/index.php\/wp-json\/wp\/v2\/tags?post=72390"}],"curies":[{"name":"wp","href":"https:\/\/api.w.org\/{rel}","templated":true}]}}