{"id":72153,"date":"2020-05-07T20:59:32","date_gmt":"2020-05-07T17:59:32","guid":{"rendered":"http:\/\/giurgiu-net.ro\/?p=72153"},"modified":"2020-05-07T20:59:32","modified_gmt":"2020-05-07T17:59:32","slug":"opinie","status":"publish","type":"post","link":"https:\/\/giurgiu-net.ro\/index.php\/2020\/05\/07\/opinie\/","title":{"rendered":"OPINIE: &#8222;Scrisoare&#8221; c\u0103tre f\u0103t\u0103l\u0103ul \u015fi ame\u0163ita &#8222;d\u0103&#8221; la Giurgiu, pl\u0103ti\u0163i cu bani publici s\u0103-njure, pe Facebook"},"content":{"rendered":"\n<p><strong>Cine se simte, \u0103la e!<\/strong><\/p>\n\n\n\n<p>Dac\u0103 ai fi fost jurnalist, a\u015f fi p\u0103strat g\u00e2ndurile astea doar pentru mine, pe cuv\u00e2nt! Chiar dac\u0103, de-a lungul vremii, tu nu te-ai sfiit s\u0103 m\u0103 jigne\u015fti. <\/p>\n\n\n\n<p>Dar <strong>NU <\/strong>e\u015fti jurnalist, de\u015fi mai mereu te erijezi \u00eentr-unul. \u015ei nu e\u015fti nici pe departe un giurgiuvean independent, echidistant \u015fi pus pe ar\u0103tat \u201eadev\u0103rul\u201d, a\u015fa cum vrei s\u0103 pari. Pe astea dou\u0103 le pot demonstra oric\u00e2nd, iar giurgiuvenii merit\u0103 s\u0103 \u015ftie!<\/p>\n\n\n\n<p><strong>NU! <\/strong>E\u015fti pur \u015fi simplu unu\u2019 de \u201edreapta\u201d(deocamdat\u0103!) sub acoperire, pitit sub o fust\u0103 larg\u0103. E\u015fti doar un creion \u00eenfometat, aflat mereu pe terminate, \u015fi care poate \u015fterge oric\u00e2nd orice cuv\u00e2nt, c\u00e2nd se schimb\u0103 \u015feful! Acum \u00eei scuipi, acum \u00eei pupi \u00een fund! Demostr\u0103m \u015fi asta?!<\/p>\n\n\n\n<p><em><strong>ORICE e nevoie pentru ca \u201eduamna\u201d s\u0103 aib\u0103 un serviciu, nu? Auzi, dar pe ea n-o deranjeaz\u0103 c\u0103 tu&#8230; nu prea ai?<\/strong><\/em><\/p>\n\n\n\n<p>\u015etim am\u00e2ndoi c\u0103 nu e\u015fti nici jurnalist \u015fi nici un\ngiurgiuvean echidistant! \u015ei nu e suficient s\u0103 po\u0163i lega dou\u0103 vorbe ca s\u0103 ai\ncredibilitate. Parol? <\/p>\n\n\n\n<p>R\u00e2d la glumele tale \u0103ia care r\u00e2d \u015fi la ale \u015fefilor t\u0103i, periodic al\u0163ii. R\u00e2d de nevoie ni\u015fte oameni dispu\u015fi oric\u00e2nd s\u0103 v\u0103 schimbe pe oricare, atunci c\u00e2nd se scufund\u0103 barca.<\/p>\n\n\n\n<p>Nu e\u015fti nici, nici. Nu at\u00e2t timp c\u00e2t m\u0103n\u00e2nci o c\u0103ru\u0163\u0103 de\nbani publici, prin \u201eduamna\u201d, membru de partid \u015fi angajat\u0103 la o institu\u0163ie\npublic\u0103, pe b\u0103nu\u0163i frumo\u015fi, f\u0103r\u0103 s\u0103 \u015ftie careva dac\u0103-i \u015fi merit\u0103. F\u0103r\u0103 s\u0103 \u015ftim\ndac\u0103 face \u015fi altceva acolo dec\u00e2t cafele pentru \u015fefa ori plec\u0103ciuni ad\u00e2nci\npentru \u015fefu\u2019!<\/p>\n\n\n\n<p>E\u015fti doar un frec\u0103tor de pistol cu ap\u0103, unul cu gura mare, dar cu pu\u015fca taaare mic\u0103, dispus s\u0103 trag\u0103 la comand\u0103, mai murdar dec\u00e2t ar face-o orice jurnalist pe care-l scuipi \u00eentre ochi, privindu-l de sus, <strong>nemeritat<\/strong>!<\/p>\n\n\n\n<p>Nu te \u00eentreb ce-ai f\u0103cut tu pentru Giurgiu, c\u0103 nici n-ai\n\u015ftii ce s\u0103 faci. Dar te \u00eentreb: ce-a f\u0103cut duamna dumitale? Marele \u201elider\u201d la\npartid, e? Cu ce a contribuit domnia sa la bun\u0103starea acestui jude\u0163 de mila\nc\u0103ruia te faci c\u0103 pl\u00e2ngi pe Facebook, zi de zi, \u00een timp ce \u00eenfuleci \u015faorma\npl\u0103tit\u0103 de comunitatea cu pricina?<\/p>\n\n\n\n<p>Ce-a f\u0103cut pentru Giurgiu partidul \u0103sta- de care te-ai\nlipit ca o c\u0103pu\u015f\u0103-, \u00een to\u0163i anii c\u00e2t l-a condus, dar mai ales acum, c\u00e2nd e la\nGuvernare?<\/p>\n\n\n\n<p>Ce? L-a\u0163i b\u0103gat \u00een morm\u00e2nt, asta a\u0163i f\u0103cut!<\/p>\n\n\n\n<p>Dac\u0103 erai jurnalist, pe cuv\u00e2nt de onoare c\u0103 \u0163ineam g\u00e2ndurile astea pentru mine! Dar, pentru c\u0103 pretinzi a fi unul, de\u015fi e\u015fti DOAR so\u0163ul unei femei \u201epolitician\u201d, angajat\u0103 \u00eentr-o institu\u0163ie public\u0103, deci, practic, \u015fi eu te pl\u0103tesc pentru \u201eactivitatea ta\u201d, te \u00eentreb: <strong><em>ce salariu are nevast\u0103-ta \u015fi tu ce norm\u0103 ai?<\/em><\/strong><\/p>\n\n\n\n<p>C\u0103 tot invoci transparen\u0163a! Fii transparent, ce dracu\u2019!<\/p>\n","protected":false},"excerpt":{"rendered":"<p>Cine se simte, \u0103la e! Dac\u0103 ai fi fost jurnalist, a\u015f fi p\u0103strat g\u00e2ndurile astea doar pentru mine, pe cuv\u00e2nt! Chiar dac\u0103, de-a lungul vremii, tu nu te-ai sfiit s\u0103 m\u0103 jigne\u015fti. Dar NU e\u015fti jurnalist, de\u015fi mai mereu te erijezi \u00eentr-unul. \u015ei nu e\u015fti nici pe departe un giurgiuvean independent, echidistant \u015fi pus pe [&hellip;]<\/p>\n","protected":false},"author":1,"featured_media":72154,"comment_status":"open","ping_status":"open","sticky":false,"template":"","format":"standard","meta":{"slim_seo":{"title":"OPINIE: \"Scrisoare\" c\u0103tre f\u0103t\u0103l\u0103ul \u015fi ame\u0163ita \"d\u0103\" la Giurgiu, pl\u0103ti\u0163i cu bani publici s\u0103-njure, pe Facebook - GIURGIU NET","description":"Cine se simte, \u0103la e! Dac\u0103 ai fi fost jurnalist, a\u015f fi p\u0103strat g\u00e2ndurile astea doar pentru mine, pe cuv\u00e2nt! Chiar dac\u0103, de-a lungul vremii, tu nu te-ai sfiit s\u0103"},"footnotes":""},"categories":[18,19,28],"tags":[],"class_list":{"0":"post-72153","1":"post","2":"type-post","3":"status-publish","4":"format-standard","5":"has-post-thumbnail","7":"category-actual","8":"category-adm","9":"category-uo"},"_links":{"self":[{"href":"https:\/\/giurgiu-net.ro\/index.php\/wp-json\/wp\/v2\/posts\/72153","targetHints":{"allow":["GET"]}}],"collection":[{"href":"https:\/\/giurgiu-net.ro\/index.php\/wp-json\/wp\/v2\/posts"}],"about":[{"href":"https:\/\/giurgiu-net.ro\/index.php\/wp-json\/wp\/v2\/types\/post"}],"author":[{"embeddable":true,"href":"https:\/\/giurgiu-net.ro\/index.php\/wp-json\/wp\/v2\/users\/1"}],"replies":[{"embeddable":true,"href":"https:\/\/giurgiu-net.ro\/index.php\/wp-json\/wp\/v2\/comments?post=72153"}],"version-history":[{"count":0,"href":"https:\/\/giurgiu-net.ro\/index.php\/wp-json\/wp\/v2\/posts\/72153\/revisions"}],"wp:featuredmedia":[{"embeddable":true,"href":"https:\/\/giurgiu-net.ro\/index.php\/wp-json\/wp\/v2\/media\/72154"}],"wp:attachment":[{"href":"https:\/\/giurgiu-net.ro\/index.php\/wp-json\/wp\/v2\/media?parent=72153"}],"wp:term":[{"taxonomy":"category","embeddable":true,"href":"https:\/\/giurgiu-net.ro\/index.php\/wp-json\/wp\/v2\/categories?post=72153"},{"taxonomy":"post_tag","embeddable":true,"href":"https:\/\/giurgiu-net.ro\/index.php\/wp-json\/wp\/v2\/tags?post=72153"}],"curies":[{"name":"wp","href":"https:\/\/api.w.org\/{rel}","templated":true}]}}