{"id":72150,"date":"2020-05-07T14:02:44","date_gmt":"2020-05-07T11:02:44","guid":{"rendered":"http:\/\/giurgiu-net.ro\/?p=72150"},"modified":"2020-05-07T14:02:44","modified_gmt":"2020-05-07T11:02:44","slug":"marian-mina-sper-ca-ministerul-sanatatii-sa-ne-dea-repede-acreditarile-pentru-pcr-si-plasmafereza-unele-judete-au-asteptat-chiar-3-saptamani","status":"publish","type":"post","link":"https:\/\/giurgiu-net.ro\/index.php\/2020\/05\/07\/marian-mina-sper-ca-ministerul-sanatatii-sa-ne-dea-repede-acreditarile-pentru-pcr-si-plasmafereza-unele-judete-au-asteptat-chiar-3-saptamani\/","title":{"rendered":"Marian Mina: &#8222;Sper ca Ministerul S\u0103n\u0103t\u0103\u0163ii s\u0103 ne dea repede acredit\u0103rile pentru PCR \u015fi plasmaferez\u0103. Unele jude\u0163e au a\u015fteptat chiar 3 s\u0103pt\u0103m\u00e2ni!&#8221;"},"content":{"rendered":"\n<p>Pre\u015fedintele Consiliului Jude\u0163ean Giurgiu, Marian Mina, a\nvorbit, ieri, \u00eentr-o emisiune la Open TV, \u015fi despre cele dou\u0103 echipamente\nmedicale achizi\u0163ionate de institu\u0163ia pe care o conduce, pentru a fi folosite \u00een\nlupta \u00eempotriva COVID- 19.<\/p>\n\n\n\n<p>Este vorba despre aparatul de testare rapid\u0103 PCR \u015fi\ndespre echipamentul revolu\u0163ionar plasmaferez\u0103.<\/p>\n\n\n\n<p>\u201e<em>\u00cen ceea ce prive\u015fte plasmafereza, Consiliul Jude\u0163ean Giurgiu a f\u0103cut un efort mare pentru a aduce aparatul \u00een jude\u0163ul nostru. Aparatul a fost instalat, sunt efectuate sesiunile de instruire a personalului \u015fi a\u015ftept\u0103m acreditarea din partea Ministerului S\u0103n\u0103t\u0103\u0163ii. F\u0103r\u0103 aceasta, echipamentul medical nu poate fi folosit. Sper s\u0103 nu \u00eent\u00e2mpin\u0103m probleme. \u00cen unele jude\u0163e, autorit\u0103\u0163ile au a\u015fteptat chiar 3 s\u0103pt\u0103m\u00e2ni p\u00e2n\u0103 le-a dat Ministerul S\u0103n\u0103t\u0103\u0163ii avizele necesare. <\/em><\/p>\n\n\n\n<p><em>Acela\u015fi lucru \u015fi pentru PCR. Deja au venit unele componente \u015fi cred c\u0103, p\u00e2n\u0103 la sf\u00e2r\u015fitul s\u0103pt\u0103m\u00e2nii, echipamentul va fi complet. Am amenajat un spa\u0163iu special pentru PCR, am preg\u0103tit \u015fi o adres\u0103 c\u0103tre DSP, prin care le aducem la cuno\u015ftin\u0163\u0103 c\u0103 am achizi\u0163ionat aparatul. Institu\u0163ia va trimite documentul c\u0103tre autorit\u0103\u0163ile centrale &nbsp;\u015fi ar trebui s\u0103 fim introdu\u015fi \u00een programul COVID \u015fi, de asemenea, s\u0103 primim acreditarea Ministerului S\u0103n\u0103t\u0103\u0163ii. \u00cemi doresc sincer s\u0103 nu fim nevoi\u0163i s\u0103 a\u015ftept\u0103m prea mult!<\/em>\u201d, a spus Marian Mina.<\/p>\n","protected":false},"excerpt":{"rendered":"<p>Pre\u015fedintele Consiliului Jude\u0163ean Giurgiu, Marian Mina, a vorbit, ieri, \u00eentr-o emisiune la Open TV, \u015fi despre cele dou\u0103 echipamente medicale achizi\u0163ionate de institu\u0163ia pe care o conduce, pentru a fi folosite \u00een lupta \u00eempotriva COVID- 19. Este vorba despre aparatul de testare rapid\u0103 PCR \u015fi despre echipamentul revolu\u0163ionar plasmaferez\u0103. \u201e\u00cen ceea ce prive\u015fte plasmafereza, Consiliul [&hellip;]<\/p>\n","protected":false},"author":1,"featured_media":72116,"comment_status":"open","ping_status":"open","sticky":false,"template":"","format":"standard","meta":{"slim_seo":{"title":"Marian Mina: \"Sper ca Ministerul S\u0103n\u0103t\u0103\u0163ii s\u0103 ne dea repede acredit\u0103rile pentru PCR \u015fi plasmaferez\u0103. Unele jude\u0163e au a\u015fteptat chiar 3 s\u0103pt\u0103m\u00e2ni!\" - GIURGIU NET","description":"Pre\u015fedintele Consiliului Jude\u0163ean Giurgiu, Marian Mina, a vorbit, ieri, \u00eentr-o emisiune la Open TV, \u015fi despre cele dou\u0103 echipamente medicale achizi\u0163ionate de in"},"footnotes":""},"categories":[18,19,26,28],"tags":[1626],"class_list":{"0":"post-72150","1":"post","2":"type-post","3":"status-publish","4":"format-standard","5":"has-post-thumbnail","7":"category-actual","8":"category-adm","9":"category-soc","10":"category-uo","11":"tag-marian-mina"},"_links":{"self":[{"href":"https:\/\/giurgiu-net.ro\/index.php\/wp-json\/wp\/v2\/posts\/72150","targetHints":{"allow":["GET"]}}],"collection":[{"href":"https:\/\/giurgiu-net.ro\/index.php\/wp-json\/wp\/v2\/posts"}],"about":[{"href":"https:\/\/giurgiu-net.ro\/index.php\/wp-json\/wp\/v2\/types\/post"}],"author":[{"embeddable":true,"href":"https:\/\/giurgiu-net.ro\/index.php\/wp-json\/wp\/v2\/users\/1"}],"replies":[{"embeddable":true,"href":"https:\/\/giurgiu-net.ro\/index.php\/wp-json\/wp\/v2\/comments?post=72150"}],"version-history":[{"count":0,"href":"https:\/\/giurgiu-net.ro\/index.php\/wp-json\/wp\/v2\/posts\/72150\/revisions"}],"wp:featuredmedia":[{"embeddable":true,"href":"https:\/\/giurgiu-net.ro\/index.php\/wp-json\/wp\/v2\/media\/72116"}],"wp:attachment":[{"href":"https:\/\/giurgiu-net.ro\/index.php\/wp-json\/wp\/v2\/media?parent=72150"}],"wp:term":[{"taxonomy":"category","embeddable":true,"href":"https:\/\/giurgiu-net.ro\/index.php\/wp-json\/wp\/v2\/categories?post=72150"},{"taxonomy":"post_tag","embeddable":true,"href":"https:\/\/giurgiu-net.ro\/index.php\/wp-json\/wp\/v2\/tags?post=72150"}],"curies":[{"name":"wp","href":"https:\/\/api.w.org\/{rel}","templated":true}]}}