{"id":71822,"date":"2020-04-02T11:21:43","date_gmt":"2020-04-02T08:21:43","guid":{"rendered":"http:\/\/giurgiu-net.ro\/?p=71822"},"modified":"2020-04-02T11:21:43","modified_gmt":"2020-04-02T08:21:43","slug":"sa-i-cumpere-cineva-niste-lecitina-lui-dumitru-beianu-a-fost-si-el-presedinte-al-cj-giurgiu-si-ce-a-facut-pentru-spital-multe-multe-studii-de-fezabilitate","status":"publish","type":"post","link":"https:\/\/giurgiu-net.ro\/index.php\/2020\/04\/02\/sa-i-cumpere-cineva-niste-lecitina-lui-dumitru-beianu-a-fost-si-el-presedinte-al-cj-giurgiu-si-ce-a-facut-pentru-spital-multe-multe-studii-de-fezabilitate\/","title":{"rendered":"S\u0103-i cumpere cineva ni\u015fte LECITIN\u0102 lui Dumitru Beianu! A fost \u015fi el pre\u015fedinte al CJ Giurgiu \u015fi CE A f\u0103cut pentru Spital? Multe, multe studii de fezabilitate&#8230;"},"content":{"rendered":"\n<p>Ipocrizia e cel mai trist \u015fi d\u0103un\u0103tor lucru din tot ceea\nce \u00eenseamn\u0103 politic\u0103. Bine, la fel \u015fi impresia c\u0103 oamenii sunt ni\u015fte t\u00e2mpi\u0163i,\ncu memorie scurt\u0103 \u015fi c\u0103rora po\u0163i s\u0103 le spui ce vrei, c\u0103 au uitat \u015fi \u00eenghit pe\nnemestecate, sigur, dac\u0103 \u00eembraci minciunile frumos. <\/p>\n\n\n\n<p>Pe-o parte, PNL-i\u015ftii, de la cel mai&#8230; premier \u015fi p\u00e2n\u0103\nla cel mai mic secretar de stat din Giurgiu, schel\u0103l\u0103ie pe Facebook, cert\u00e2nd\nPSD c\u0103 \u201eface politic\u0103\u201d, \u00een vremuri de pandemie. Pe partea cealalt\u0103, nu trece\npostare de-ale lor \u00een care s\u0103 nu-i trag\u0103 la r\u0103spundere pe adveresari. \u015ei pentru\nce? Culmea, pentru ce nu fac sau n-au f\u0103cut tot ei, PNL-i\u015ftii. <\/p>\n\n\n\n<p>Stau toat\u0103 ziua \u00een gur\u0103 cu \u201enu e adev\u0103rat\u201d, \u201etotul e\nbine\u201d, \u201egreaua mo\u015ftenire\u201d, \u201enoi suntem cei mai buni\u201d, \u201ePSD-ul e de vin\u0103\u201d \u015fi\ninvoc\u0103 \u201earmisti\u0163iul\u201d, ori de c\u00e2te ori le sare cineva la g\u00e2t. <\/p>\n\n\n\n<p>A f\u0103cut-o \u015fi Dumitru Beianu, secretar de stat PNL la\nMinisterul Mediului, fost pre\u015fedinte al Consiliului Jude\u0163ean Giurgiu, \u00een\nperioada 2008-2012. <\/p>\n\n\n\n<p><em><strong>\u201eObserv, cu am\u0103r\u0103ciune, ca mult clamatul armisti\u021biu politic e isto<\/strong>rie&#8230;\u201d<\/em>, \u00ee\u015fi \u00eencepe el o postare, pe Facebook, preluat\u0103 pe TNL Giurgiu, de prietenul \u015fi protejatul s\u0103u, Adrian Chiran, consilierul personal la Minister, zis \u015fi \u201cDau cu zarul 6-5, n-am nevoie de servici\u201d.<\/p>\n\n\n\n<p>Ce simplu v\u0103 este, ce u\u015for v\u0103 vine s\u0103 invoca\u0163i\narmisti\u0163iul, c\u00e2nd toat\u0103 lumea v\u0103 arat\u0103 cu degetul, \u015fi nu doar PSD! Ce v\u0103 mai\nplace s\u0103 mieuna\u0163i, ca ni\u015fte pisicu\u0163e nevinovate, c\u00e2nd voi nu a\u0163i ratat \u015fi nu\nrata\u0163i nicio ocazie s\u0103 pronun\u0163a\u0163i PSD, atunci c\u00e2nd ceva nu merge bine. De\u015fi\nceva-ul \u0103la tot de voi depinde, nu de PSD, nu de PMP, UDMR \u015fi care-or mai fi.\nDe voi!<\/p>\n\n\n\n<p><br \/> <em>\u201c<strong>Probabil, sim\u021bind c\u0103 guvernul se \u00eenc\u0103p\u0103\u021b\u00e2neaz\u0103 s\u0103 promoveze m\u0103suri apreciate, to\u021bi \u0219efii PSD, de la pre\u0219edintele Ciolacu \u0219i al\u021bi lideri, cobor\u00e2nd spre crema baronetului giurgiuvean, se \u00eenghesuie s\u0103 critice, s\u0103 amenin\u021be, sa \u00eempr\u0103\u0219tie minciuni \u0219i acuze sfruntate, \u00eentr-o \u00eencercare tipic\u0103 de a c\u00e2\u0219tiga, chiar \u00een condi\u021biile teribilei crize, un capital politic pe care nu-l merita \u0219i nici nu vor \u0219tii, vreodat\u0103, s\u0103-l dedice oamenilor simpli\u201d<\/strong><\/em>, mai scrie Beianu pe Facebook.<\/p>\n\n\n\n<p>Domnule Beianu, cu tot respectul, singurele m\u0103suri logice, aplicabile \u015fi apreciate de rom\u00e2ni sunt tot alea propuse de PSD. PNL a lansat numai abera\u0163ii, b\u00e2lb\u00e2ieli, dob\u00e2nd\u0103 la dob\u00e2nd\u0103, salarii \u00eenghe\u0163ate, pre\u0163uri l\u0103sate s\u0103 creasc\u0103, milioane de oameni nestesta\u0163i- c-a\u015fa-I procedura. Care minciuni, domnule Beianu? Unde sunt? Noi \u015ftim c\u0103 ave\u0163i un vocabular bogat \u015fi v\u0103 place s\u0103 v\u0103 juca\u0163i cu vorbele, dar nu mai este suficient. C\u0103 nu le \u0163in giurgiuvenilor de foame. Nici medicilor, loc de echipamente de protec\u0163ie, nici Spitalului nu-i \u0163in loc de investi\u0163ii.<\/p>\n\n\n\n<p>C\u0103 tot veni vorba, din toat\u0103 pledoaria dumneavoastr\u0103, ne-a atras aten\u0163ia \u00een mod special un pasaj legat de <strong>Spitalul Jude\u0163ean de Urgen\u0163\u0103 Giurgiu<\/strong>. Cu arogan\u0163a care v-a caracterizat \u00eentodeauna(deh, PNL-i\u015ftii sunt intelectualii, ceilal\u0163i, \u015ftim, pleava), \u00eel trage\u0163i pe Marian Mina de urechi. Dar nu a\u0163i apucat de urechile potrivite. Ar trebui s\u0103 v\u0103 trage\u0163i singur de urechi \u015fi, eventual, s\u0103-l lua\u0163i la palme \u015fi pe prietenul dumneavoastr\u0103, \u015fti\u0163i cine este, c\u0103ruia i-a\u0163i dat o c\u0103ru\u0163\u0103 de bani, \u00een mandatul men\u0163ionat, ca s\u0103 fac\u0103 ni\u015fte lucr\u0103ri\u2026 care n-au fost f\u0103cute niciodat\u0103. O c\u0103ru\u0163\u0103 de bani din banii no\u015ftri, domnule Beianu! Abia a\u015ftept\u0103m s\u0103 ne spune\u0163i s\u0103 dovedim, c\u0103 mai bine n-a\u0163i zice-o\u2026<\/p>\n\n\n\n<p><em>\u201e<\/em><em>Dac\u0103\nspitalul ar fi fost aprovizionat corespunz\u0103tor, cu un buget consistent, dac\u0103 ar\navea m\u0103car circuite stabilite \u0219i nu o singur\u0103 intrare de-a valma pentru\nambulan\u021be \u0219i alte ma\u0219ini, personal \u0219i vizitatori, poate a\u0219 fi crezut c\u0103 exist\u0103,\nla nivelul conducerii CJG, o preocupare real\u0103 pentru s\u0103n\u0103tatea giurgiuvenilor\u201d<\/em>, scrie Dumitru Beianu.<\/p>\n\n\n\n<p>Fra\u0163ilor, s\u0103 facem chet\u0103, s\u0103-i cump\u0103r\u0103m domnului Beianu ni\u015fte lecitin\u0103. Mult\u0103 lecitin\u0103. Sau m\u0103car s\u0103-i pl\u0103tim un consilier \u00een firea lui, care s\u0103-l aten\u0163ioneze s\u0103 nu mai scrie d-astea pe Facebook, c\u0103-i sare toat\u0103 lumea \u00een cap. <\/p>\n\n\n\n<p>A\u0163i fost pre\u015fedinte de CJ, 4 ani. Fix c\u00e2t Marian Mina. V\u0103 rug\u0103m respectuos s\u0103 ne spune\u0163i, de ce naiba n-a\u0163i f\u0103cut, \u00een fix aceea\u015fi perioad\u0103, intr\u0103rile alea separate pentru ambulan\u0163e, alte ma\u015fini, personal \u015fi vizitatori? De ce? V\u0103 provoc\u0103m la o discu\u0163ie cu to\u0163i medicii din Spitalul Jude\u0163ean, public, s\u0103 vedem c\u00e2t de corespunz\u0103tor a\u0163i aprovizionat dumneavoastr\u0103 Spitalul, c\u00e2t a\u0163i fost pre\u015fedinte al CJ Giurgiu, deci s\u0103 afl\u0103m \u015fi noi ce v\u0103 d\u0103 dreptul s\u0103 critica\u0163i actuala situa\u0163ie? <\/p>\n\n\n\n<p>Care situa\u0163ie este, pe cifre!, incomparabil mai bun\u0103 dec\u00e2t cea de pe vremea dumneavoastr\u0103! V\u0103 b\u0103ga\u0163i? Sau, nu \u015ftiu, poate a fost spitalul nostru, \u00eentre 2008 \u015fi 2012, cel mai performant din Rom\u00e2nia, ultra-modern, super-dotat, \u015fi noi am ratat faza asta, c\u0103, deh, prea eram s\u0103n\u0103to\u015fi pe atunci, tineri \u015fi neinteresa\u0163i de subiect\u2026<\/p>\n\n\n\n<p>Din documente, v\u0103 amintim, c\u0103 poate a\u0163i uitat: dumneavoastr\u0103, ca \u015fi pre\u015fedinte al Consiliului Jude\u0163ean Giurgiu a\u0163i f\u0103cut multe\u2026. multe studii de fezabilitate, tot pe bani mul\u0163i. <\/p>\n\n\n\n<p><em><strong>\u015ei, vorba aceea, alt\u0103 \u00eentrebare: la care B\u0103d\u0103l\u0103u v\u0103 referi\u0163i? La cel la care, pe vremea c\u00e2nd era\u0163i \u00een PSD, st\u0103tea\u0163i la u\u015fa lui, p\u00e2n\u0103 v\u0103 primea, \u00een speran\u0163a c\u0103 v\u0103 pune prefect? O demonstr\u0103m \u015fi p-asta, dac\u0103 dori\u0163i!<\/strong><\/em><\/p>\n\n\n\n<p>\u015etim c\u0103 v\u0103 vine u\u015for s\u0103 scrie\u0163i, bravo, dar ave\u0163i dreptate \u00eentr-o privin\u0163\u0103 \u015fi permite\u0163i-ne s\u0103 v\u0103 cit\u0103m: <em>\u201cCare giurgiuveni trebuie s\u0103 \u00een\u021beleag\u0103 c\u0103 aceast\u0103 perioada sumbr\u0103 va trece, cu pierderi omene\u0219ti \u0219i altele, materiale, la fel de dureroase. <strong>E nevoie de calm, \u00een\u021belegere, un pic de disciplin\u0103 \u0219i mult\u0103 \u00eencredere <\/strong>(&#8230;)&#8221;<\/em><\/p>\n\n\n\n<p>De ce e mereu valabil pentru al\u0163ii \u015fi pentru\ndumneavoastr\u0103, PNL-i\u015fti, nu? De ce nu a\u0163i fost la fel de calmi, \u00een\u0163eleg\u0103tori,\ndisciplina\u0163i, solidari etc. \u015fi \u00een cazul Colectiv, de exemplu, c\u0103 toat\u0103 lumea se\n\u00eentreab\u0103 \u015fi asta? De ce nu t\u0103ce\u0163i \u015fi ac\u0163iona\u0163i, acum, c\u00e2nd ave\u0163i ocazia? <\/p>\n\n\n\n<p>\u015ei-apoi, nu v\u0103 sup\u0103ra\u0163i, nu \u015fti\u0163i vorba aia?!, c\u00e2nd ne referim la Spital, \u00een cazul dumneavoastr\u0103, cea mai potrivit\u0103 expresie este: \u201cnu vorbi de funie, \u00een casa sp\u00e2nzuratului\u201d. Nu de alta, dar giurgiuvenii n-au uitat de evenimentul pe care \u00eel pute\u0163i reciti \u015fi dumneavoastr\u0103, mai jos\u2026<\/p>\n\n\n\n<figure class=\"wp-block-embed-wordpress wp-block-embed is-type-wp-embed is-provider-cotidianul-ro\"><div class=\"wp-block-embed__wrapper\">\n<blockquote class=\"wp-embedded-content\" data-secret=\"VtKpoUyojV\"><a href=\"https:\/\/www.cotidianul.ro\/un-mort-si-un-ranit-in-urma-prabusirii-unui-turn-la-spitalul-din-giurgiu\/\">Un mort \u015fi un r\u0103nit \u00een urma pr\u0103bu\u015firii unui turn la Spitalul din Giurgiu<\/a><\/blockquote><iframe loading=\"lazy\" title=\"&#8222;Un mort \u015fi un r\u0103nit \u00een urma pr\u0103bu\u015firii unui turn la Spitalul din Giurgiu&#8221; &#8212; Cotidianul RO\" class=\"wp-embedded-content\" sandbox=\"allow-scripts\" security=\"restricted\" style=\"position: absolute; clip: rect(1px, 1px, 1px, 1px);\" src=\"https:\/\/www.cotidianul.ro\/un-mort-si-un-ranit-in-urma-prabusirii-unui-turn-la-spitalul-din-giurgiu\/embed\/#?secret=VtKpoUyojV\" data-secret=\"VtKpoUyojV\" width=\"600\" height=\"338\" frameborder=\"0\" marginwidth=\"0\" marginheight=\"0\" scrolling=\"no\"><\/iframe>\n<\/div><\/figure>\n\n\n\n<p>Nicio specula\u0163ie, aluzie sau orice altceva, pentru c\u0103, dac\u0103\nvre\u0163i, intr\u0103m \u015fi \u00een subiectul acesta!<\/p>\n","protected":false},"excerpt":{"rendered":"<p>Ipocrizia e cel mai trist \u015fi d\u0103un\u0103tor lucru din tot ceea ce \u00eenseamn\u0103 politic\u0103. Bine, la fel \u015fi impresia c\u0103 oamenii sunt ni\u015fte t\u00e2mpi\u0163i, cu memorie scurt\u0103 \u015fi c\u0103rora po\u0163i s\u0103 le spui ce vrei, c\u0103 au uitat \u015fi \u00eenghit pe nemestecate, sigur, dac\u0103 \u00eembraci minciunile frumos. Pe-o parte, PNL-i\u015ftii, de la cel mai&#8230; premier [&hellip;]<\/p>\n","protected":false},"author":1,"featured_media":71823,"comment_status":"open","ping_status":"open","sticky":false,"template":"","format":"standard","meta":{"slim_seo":{"title":"S\u0103-i cumpere cineva ni\u015fte LECITIN\u0102 lui Dumitru Beianu! A fost \u015fi el pre\u015fedinte al CJ Giurgiu \u015fi CE A f\u0103cut pentru Spital? Multe, multe studii de fezabilitate... - GIURGIU NET","description":"Ipocrizia e cel mai trist \u015fi d\u0103un\u0103tor lucru din tot ceea ce \u00eenseamn\u0103 politic\u0103. Bine, la fel \u015fi impresia c\u0103 oamenii sunt ni\u015fte t\u00e2mpi\u0163i, cu memorie scurt\u0103 \u015fi c\u0103ro"},"footnotes":""},"categories":[18,19,25,26,28],"tags":[1004],"class_list":{"0":"post-71822","1":"post","2":"type-post","3":"status-publish","4":"format-standard","5":"has-post-thumbnail","7":"category-actual","8":"category-adm","9":"category-pol","10":"category-soc","11":"category-uo","12":"tag-dumitru-beianu"},"_links":{"self":[{"href":"https:\/\/giurgiu-net.ro\/index.php\/wp-json\/wp\/v2\/posts\/71822","targetHints":{"allow":["GET"]}}],"collection":[{"href":"https:\/\/giurgiu-net.ro\/index.php\/wp-json\/wp\/v2\/posts"}],"about":[{"href":"https:\/\/giurgiu-net.ro\/index.php\/wp-json\/wp\/v2\/types\/post"}],"author":[{"embeddable":true,"href":"https:\/\/giurgiu-net.ro\/index.php\/wp-json\/wp\/v2\/users\/1"}],"replies":[{"embeddable":true,"href":"https:\/\/giurgiu-net.ro\/index.php\/wp-json\/wp\/v2\/comments?post=71822"}],"version-history":[{"count":0,"href":"https:\/\/giurgiu-net.ro\/index.php\/wp-json\/wp\/v2\/posts\/71822\/revisions"}],"wp:featuredmedia":[{"embeddable":true,"href":"https:\/\/giurgiu-net.ro\/index.php\/wp-json\/wp\/v2\/media\/71823"}],"wp:attachment":[{"href":"https:\/\/giurgiu-net.ro\/index.php\/wp-json\/wp\/v2\/media?parent=71822"}],"wp:term":[{"taxonomy":"category","embeddable":true,"href":"https:\/\/giurgiu-net.ro\/index.php\/wp-json\/wp\/v2\/categories?post=71822"},{"taxonomy":"post_tag","embeddable":true,"href":"https:\/\/giurgiu-net.ro\/index.php\/wp-json\/wp\/v2\/tags?post=71822"}],"curies":[{"name":"wp","href":"https:\/\/api.w.org\/{rel}","templated":true}]}}