{"id":71258,"date":"2020-02-16T07:27:00","date_gmt":"2020-02-16T05:27:00","guid":{"rendered":"http:\/\/giurgiu-net.ro\/?p=71258"},"modified":"2020-02-16T07:27:00","modified_gmt":"2020-02-16T05:27:00","slug":"maxime-de-pana-la-16-grade-saptamana-viitoare-la-giurgiu","status":"publish","type":"post","link":"https:\/\/giurgiu-net.ro\/index.php\/2020\/02\/16\/maxime-de-pana-la-16-grade-saptamana-viitoare-la-giurgiu\/","title":{"rendered":"Maxime de p\u00e2n\u0103 la 16 grade, s\u0103pt\u0103m\u00e2na viitoare, la Giurgiu"},"content":{"rendered":"\n<p>Vremea se men\u0163ine frumoas\u0103 \u015fi mult mai cald\u0103 dec\u00e2t ar fi trebuit, \u00een aceast\u0103 perioad\u0103, \u015fi la Giurgiu.<\/p>\n\n\n\n<p>Astfel, potrivit site-urilor de specialitate, dac\u0103 ast\u0103zi, maxima va fi de 11 grade, luni va ajunge p\u00e2n\u0103 la 14 grade Celsius, iar mar\u0163i se vor \u00eenregistra, la pr\u00e2nz chiar 16 grade.<\/p>\n\n\n\n<p>Ploi sunt a\u015fteptate abia joia viitoare, c\u00e2nd temperatura sc\u0103dea p\u00e2n\u0103 la 9 grade Celsius. <\/p>\n\n\n\n<figure class=\"wp-block-image size-full\"><img loading=\"lazy\" decoding=\"async\" width=\"658\" height=\"507\" src=\"https:\/\/giurgiu-net.ro\/wp-content\/uploads\/2020\/02\/vremmmm.jpg\" alt=\"\" class=\"wp-image-71259\" srcset=\"https:\/\/giurgiu-net.ro\/wp-content\/uploads\/2020\/02\/vremmmm.jpg 658w, https:\/\/giurgiu-net.ro\/wp-content\/uploads\/2020\/02\/vremmmm-300x231.jpg 300w\" sizes=\"auto, (max-width: 658px) 100vw, 658px\" \/><\/figure>\n","protected":false},"excerpt":{"rendered":"<p>Vremea se men\u0163ine frumoas\u0103 \u015fi mult mai cald\u0103 dec\u00e2t ar fi trebuit, \u00een aceast\u0103 perioad\u0103, \u015fi la Giurgiu. Astfel, potrivit site-urilor de specialitate, dac\u0103 ast\u0103zi, maxima va fi de 11 grade, luni va ajunge p\u00e2n\u0103 la 14 grade Celsius, iar mar\u0163i se vor \u00eenregistra, la pr\u00e2nz chiar 16 grade. Ploi sunt a\u015fteptate abia joia viitoare, [&hellip;]<\/p>\n","protected":false},"author":1,"featured_media":68215,"comment_status":"open","ping_status":"open","sticky":false,"template":"","format":"standard","meta":{"slim_seo":{"title":"Maxime de p\u00e2n\u0103 la 16 grade, s\u0103pt\u0103m\u00e2na viitoare, la Giurgiu - GIURGIU NET","description":"Vremea se men\u0163ine frumoas\u0103 \u015fi mult mai cald\u0103 dec\u00e2t ar fi trebuit, \u00een aceast\u0103 perioad\u0103, \u015fi la Giurgiu. Astfel, potrivit site-urilor de specialitate, dac\u0103 ast\u0103zi,"},"footnotes":""},"categories":[18,26,28],"tags":[],"class_list":{"0":"post-71258","1":"post","2":"type-post","3":"status-publish","4":"format-standard","5":"has-post-thumbnail","7":"category-actual","8":"category-soc","9":"category-uo"},"_links":{"self":[{"href":"https:\/\/giurgiu-net.ro\/index.php\/wp-json\/wp\/v2\/posts\/71258","targetHints":{"allow":["GET"]}}],"collection":[{"href":"https:\/\/giurgiu-net.ro\/index.php\/wp-json\/wp\/v2\/posts"}],"about":[{"href":"https:\/\/giurgiu-net.ro\/index.php\/wp-json\/wp\/v2\/types\/post"}],"author":[{"embeddable":true,"href":"https:\/\/giurgiu-net.ro\/index.php\/wp-json\/wp\/v2\/users\/1"}],"replies":[{"embeddable":true,"href":"https:\/\/giurgiu-net.ro\/index.php\/wp-json\/wp\/v2\/comments?post=71258"}],"version-history":[{"count":0,"href":"https:\/\/giurgiu-net.ro\/index.php\/wp-json\/wp\/v2\/posts\/71258\/revisions"}],"wp:featuredmedia":[{"embeddable":true,"href":"https:\/\/giurgiu-net.ro\/index.php\/wp-json\/wp\/v2\/media\/68215"}],"wp:attachment":[{"href":"https:\/\/giurgiu-net.ro\/index.php\/wp-json\/wp\/v2\/media?parent=71258"}],"wp:term":[{"taxonomy":"category","embeddable":true,"href":"https:\/\/giurgiu-net.ro\/index.php\/wp-json\/wp\/v2\/categories?post=71258"},{"taxonomy":"post_tag","embeddable":true,"href":"https:\/\/giurgiu-net.ro\/index.php\/wp-json\/wp\/v2\/tags?post=71258"}],"curies":[{"name":"wp","href":"https:\/\/api.w.org\/{rel}","templated":true}]}}