{"id":71248,"date":"2020-02-14T13:29:14","date_gmt":"2020-02-14T11:29:14","guid":{"rendered":"http:\/\/giurgiu-net.ro\/?p=71248"},"modified":"2020-02-14T13:29:14","modified_gmt":"2020-02-14T11:29:14","slug":"consiliul-judetean-giurgiu-are-un-nou-vicepresedinte","status":"publish","type":"post","link":"https:\/\/giurgiu-net.ro\/index.php\/2020\/02\/14\/consiliul-judetean-giurgiu-are-un-nou-vicepresedinte\/","title":{"rendered":"Consiliul Jude\u0163ean Giurgiu are un nou vicepre\u015fedinte"},"content":{"rendered":"\n<p>Este vorba despre social-democratul Ionu\u0163 Preda. El a fost votat \u00een aceast\u0103 func\u0163ie, vineri, 14 februarie, \u00een \u015fedin\u0163a ordinar\u0103 a Consiliului Jude\u0163ean. <\/p>\n\n\n\n<p>Aceasta, dup\u0103 ce, tot prin vot, a fost adoptat un proiect de hot\u0103r\u00e2re privind \u00eencetarea mandatului de vicepre\u015fedinte \u00een cazul lui Vasile Andronache(ALDE).<\/p>\n\n\n\n<p>Ionu\u0163 Preda are 32 de ani este c\u0103s\u0103torit \u015fi este (proasp\u0103t) t\u0103tic de b\u0103iat. Preda a finalizat cursurile a dou\u0103 facult\u0103\u0163i: Economia Comer\u0163ului \u015fi Management \u015fi Inginerie \u00een Agricultur\u0103.<\/p>\n","protected":false},"excerpt":{"rendered":"<p>Este vorba despre social-democratul Ionu\u0163 Preda. El a fost votat \u00een aceast\u0103 func\u0163ie, vineri, 14 februarie, \u00een \u015fedin\u0163a ordinar\u0103 a Consiliului Jude\u0163ean. Aceasta, dup\u0103 ce, tot prin vot, a fost adoptat un proiect de hot\u0103r\u00e2re privind \u00eencetarea mandatului de vicepre\u015fedinte \u00een cazul lui Vasile Andronache(ALDE). Ionu\u0163 Preda are 32 de ani este c\u0103s\u0103torit \u015fi este [&hellip;]<\/p>\n","protected":false},"author":1,"featured_media":71249,"comment_status":"open","ping_status":"open","sticky":false,"template":"","format":"standard","meta":{"slim_seo":{"title":"Consiliul Jude\u0163ean Giurgiu are un nou vicepre\u015fedinte - GIURGIU NET","description":"Este vorba despre social-democratul Ionu\u0163 Preda. El a fost votat \u00een aceast\u0103 func\u0163ie, vineri, 14 februarie, \u00een \u015fedin\u0163a ordinar\u0103 a Consiliului Jude\u0163ean. Aceasta,"},"footnotes":""},"categories":[18,19,25,28],"tags":[606],"class_list":{"0":"post-71248","1":"post","2":"type-post","3":"status-publish","4":"format-standard","5":"has-post-thumbnail","7":"category-actual","8":"category-adm","9":"category-pol","10":"category-uo","11":"tag-cj-giurgiu"},"_links":{"self":[{"href":"https:\/\/giurgiu-net.ro\/index.php\/wp-json\/wp\/v2\/posts\/71248","targetHints":{"allow":["GET"]}}],"collection":[{"href":"https:\/\/giurgiu-net.ro\/index.php\/wp-json\/wp\/v2\/posts"}],"about":[{"href":"https:\/\/giurgiu-net.ro\/index.php\/wp-json\/wp\/v2\/types\/post"}],"author":[{"embeddable":true,"href":"https:\/\/giurgiu-net.ro\/index.php\/wp-json\/wp\/v2\/users\/1"}],"replies":[{"embeddable":true,"href":"https:\/\/giurgiu-net.ro\/index.php\/wp-json\/wp\/v2\/comments?post=71248"}],"version-history":[{"count":0,"href":"https:\/\/giurgiu-net.ro\/index.php\/wp-json\/wp\/v2\/posts\/71248\/revisions"}],"wp:featuredmedia":[{"embeddable":true,"href":"https:\/\/giurgiu-net.ro\/index.php\/wp-json\/wp\/v2\/media\/71249"}],"wp:attachment":[{"href":"https:\/\/giurgiu-net.ro\/index.php\/wp-json\/wp\/v2\/media?parent=71248"}],"wp:term":[{"taxonomy":"category","embeddable":true,"href":"https:\/\/giurgiu-net.ro\/index.php\/wp-json\/wp\/v2\/categories?post=71248"},{"taxonomy":"post_tag","embeddable":true,"href":"https:\/\/giurgiu-net.ro\/index.php\/wp-json\/wp\/v2\/tags?post=71248"}],"curies":[{"name":"wp","href":"https:\/\/api.w.org\/{rel}","templated":true}]}}