{"id":71238,"date":"2020-02-12T20:00:14","date_gmt":"2020-02-12T18:00:14","guid":{"rendered":"http:\/\/giurgiu-net.ro\/?p=71238"},"modified":"2020-02-12T20:00:14","modified_gmt":"2020-02-12T18:00:14","slug":"bucsani-scandalul-continua-in-loc-sa-foloseasca-banii-pentru-investitii-consilierii-locali-au-decis-sa-plateasca-un-avocat-care-sa-i-apere-dupa-decizia-de-a-schimba-viceprimarul","status":"publish","type":"post","link":"https:\/\/giurgiu-net.ro\/index.php\/2020\/02\/12\/bucsani-scandalul-continua-in-loc-sa-foloseasca-banii-pentru-investitii-consilierii-locali-au-decis-sa-plateasca-un-avocat-care-sa-i-apere-dupa-decizia-de-a-schimba-viceprimarul\/","title":{"rendered":"BUC\u015eANI: Scandalul continu\u0103! \u00cen loc s\u0103 foloseasc\u0103 banii pentru INVESTI\u0162II, consilierii locali au decis s\u0103 pl\u0103teasc\u0103 un avocat care s\u0103-i APERE, dup\u0103 decizia de a schimba viceprimarul!"},"content":{"rendered":"\n<p class=\"has-text-align-center\"><strong><em>O nou\u0103 \u015fedin\u0163\u0103 cu sc\u00e2ntei, la Consiliul Local Buc\u015fani. Ast\u0103zi, 12 februarie, consilierii locali s-au \u00eentrunit \u00eentr-o \u015fedin\u0163\u0103 extraordinar\u0103 care nici n-a \u00eenceput bine, c\u0103 s-a \u015fi transformat \u00eentr-o ceart\u0103 \u00een toat\u0103 regula. Aceasta, deoarece unii dintre consilieri &#8211; cei care nu s-au al\u0103turat colegilor \u00een demersul de a-l schimba pe vicele Ionel Rizea- sus\u0163in c\u0103 nu ar fi fost anun\u0163a\u0163i de \u00eentrunire, \u00een termenul stabilit de lege.<\/em><\/strong><\/p>\n\n\n\n<figure class=\"wp-block-image size-full\"><img loading=\"lazy\" decoding=\"async\" width=\"800\" height=\"530\" src=\"https:\/\/giurgiu-net.ro\/wp-content\/uploads\/2020\/02\/DSC_3733.jpg\" alt=\"\" class=\"wp-image-71239\" srcset=\"https:\/\/giurgiu-net.ro\/wp-content\/uploads\/2020\/02\/DSC_3733.jpg 800w, https:\/\/giurgiu-net.ro\/wp-content\/uploads\/2020\/02\/DSC_3733-300x199.jpg 300w, https:\/\/giurgiu-net.ro\/wp-content\/uploads\/2020\/02\/DSC_3733-768x509.jpg 768w, https:\/\/giurgiu-net.ro\/wp-content\/uploads\/2020\/02\/DSC_3733-696x461.jpg 696w\" sizes=\"auto, (max-width: 800px) 100vw, 800px\" \/><\/figure>\n\n\n\n<p>Cumva explicabil, probabil, av\u00e2nd\n\u00een vedere c\u0103 pe ordinea de zi a fost un proiect de hot\u0103r\u00e2re privind angajarea\nunui avocat \u00een procesul privind schimbarea viceprimarului Rizea. <\/p>\n\n\n\n<p>Decizia respectiv\u0103 a fost atacat\u0103\n\u00een instan\u0163\u0103, \u00eentruc\u00e2t, aceasta ar fi \u00eenc\u0103lcat Legea Electoral\u0103 ce prevede c\u0103 un\nviceprimar nu poate fi schimbat din func\u0163ie, cu 6 luni \u00eenainte de alegerile\nlocale.<\/p>\n\n\n\n<p>O alt\u0103 tem\u0103 a scandalului a fost \u015fi aceea c\u0103 majoritatea nou format\u0103- <em>ce coinciden\u0163\u0103!, imediat ce \u00een peisajul local a ap\u0103rut Dan P\u0103sat<\/em> &#8211; a refuzat introducerea pe ordinea de zi a unui proiect ini\u0163iat de c\u0103tre o parte a consilierilor PSD. Prin proiect, CL Buc\u015fani l<em>ua act de propunerea PSD de numire a unui consilier, pe un post r\u0103mas vacant<\/em>, \u00een urm\u0103 cu 6 luni. Aceasta, dup\u0103 decesul alesului care ocupa postul respectiv. De men\u0163ionat este c\u0103 propunerea a mai fost respins\u0103 o dat\u0103, \u00eentr-o alt\u0103 \u015fedin\u0163\u0103. <\/p>\n\n\n\n<p>A fost de-a r\u00e2sul pl\u00e2nsul, c\u0103ci unii dintre cei mai vocali dintre ale\u015fii din Buc\u015fani le repro\u015fau celor care au ini\u0163iat proiectul c\u0103 nici m\u0103car n-ar fi fost la \u00eenmorm\u00e2ntarea respectivului\u2026<\/p>\n\n\n\n<p><strong>Oaspe\u0163ii\nde la Giurgiu, \u00eentrerup\u0163i permanent<\/strong><\/p>\n\n\n\n<p>La \u015fedin\u0163a de azi de la Buc\u015fani au luat parte \u015fi Marian Mina, pre\u015fedintele Consiliului Jude\u0163ean Giurgiu, deputatul Elena Dinu \u015fi vicepre\u015fedintele CJ, Lucian Corozel. <\/p>\n\n\n\n<figure class=\"wp-block-gallery columns-2 is-cropped wp-block-gallery-1 is-layout-flex wp-block-gallery-is-layout-flex\"><ul class=\"blocks-gallery-grid\"><li class=\"blocks-gallery-item\"><figure><a href=\"https:\/\/giurgiu-net.ro\/wp-content\/uploads\/2020\/02\/DSC_3723.jpg\"><img loading=\"lazy\" decoding=\"async\" width=\"300\" height=\"263\" src=\"https:\/\/giurgiu-net.ro\/wp-content\/uploads\/2020\/02\/DSC_3723-300x263.jpg\" alt=\"\" data-id=\"71240\" data-full-url=\"https:\/\/giurgiu-net.ro\/wp-content\/uploads\/2020\/02\/DSC_3723.jpg\" data-link=\"https:\/\/giurgiu-net.ro\/?attachment_id=71240\" class=\"wp-image-71240\" srcset=\"https:\/\/giurgiu-net.ro\/wp-content\/uploads\/2020\/02\/DSC_3723-300x263.jpg 300w, https:\/\/giurgiu-net.ro\/wp-content\/uploads\/2020\/02\/DSC_3723-768x672.jpg 768w, https:\/\/giurgiu-net.ro\/wp-content\/uploads\/2020\/02\/DSC_3723-696x609.jpg 696w, https:\/\/giurgiu-net.ro\/wp-content\/uploads\/2020\/02\/DSC_3723.jpg 800w\" sizes=\"auto, (max-width: 300px) 100vw, 300px\" \/><\/a><\/figure><\/li><li class=\"blocks-gallery-item\"><figure><a href=\"https:\/\/giurgiu-net.ro\/wp-content\/uploads\/2020\/02\/DSC_3724.jpg\"><img loading=\"lazy\" decoding=\"async\" width=\"300\" height=\"215\" src=\"https:\/\/giurgiu-net.ro\/wp-content\/uploads\/2020\/02\/DSC_3724-300x215.jpg\" alt=\"\" data-id=\"71241\" data-full-url=\"https:\/\/giurgiu-net.ro\/wp-content\/uploads\/2020\/02\/DSC_3724.jpg\" data-link=\"https:\/\/giurgiu-net.ro\/?attachment_id=71241\" class=\"wp-image-71241\" srcset=\"https:\/\/giurgiu-net.ro\/wp-content\/uploads\/2020\/02\/DSC_3724-300x215.jpg 300w, https:\/\/giurgiu-net.ro\/wp-content\/uploads\/2020\/02\/DSC_3724-768x550.jpg 768w, https:\/\/giurgiu-net.ro\/wp-content\/uploads\/2020\/02\/DSC_3724-696x499.jpg 696w, https:\/\/giurgiu-net.ro\/wp-content\/uploads\/2020\/02\/DSC_3724.jpg 800w\" sizes=\"auto, (max-width: 300px) 100vw, 300px\" \/><\/a><\/figure><\/li><li class=\"blocks-gallery-item\"><figure><a href=\"https:\/\/giurgiu-net.ro\/wp-content\/uploads\/2020\/02\/DSC_3729.jpg\"><img loading=\"lazy\" decoding=\"async\" width=\"300\" height=\"288\" src=\"https:\/\/giurgiu-net.ro\/wp-content\/uploads\/2020\/02\/DSC_3729-300x288.jpg\" alt=\"\" data-id=\"71243\" data-full-url=\"https:\/\/giurgiu-net.ro\/wp-content\/uploads\/2020\/02\/DSC_3729.jpg\" data-link=\"https:\/\/giurgiu-net.ro\/?attachment_id=71243\" class=\"wp-image-71243\" srcset=\"https:\/\/giurgiu-net.ro\/wp-content\/uploads\/2020\/02\/DSC_3729-300x288.jpg 300w, https:\/\/giurgiu-net.ro\/wp-content\/uploads\/2020\/02\/DSC_3729-768x737.jpg 768w, https:\/\/giurgiu-net.ro\/wp-content\/uploads\/2020\/02\/DSC_3729-696x668.jpg 696w, https:\/\/giurgiu-net.ro\/wp-content\/uploads\/2020\/02\/DSC_3729.jpg 800w\" sizes=\"auto, (max-width: 300px) 100vw, 300px\" \/><\/a><\/figure><\/li><li class=\"blocks-gallery-item\"><figure><a href=\"https:\/\/giurgiu-net.ro\/wp-content\/uploads\/2020\/02\/DSC_3731.jpg\"><img loading=\"lazy\" decoding=\"async\" width=\"300\" height=\"199\" src=\"https:\/\/giurgiu-net.ro\/wp-content\/uploads\/2020\/02\/DSC_3731-300x199.jpg\" alt=\"\" data-id=\"71244\" data-full-url=\"https:\/\/giurgiu-net.ro\/wp-content\/uploads\/2020\/02\/DSC_3731.jpg\" data-link=\"https:\/\/giurgiu-net.ro\/?attachment_id=71244\" class=\"wp-image-71244\" srcset=\"https:\/\/giurgiu-net.ro\/wp-content\/uploads\/2020\/02\/DSC_3731-300x199.jpg 300w, https:\/\/giurgiu-net.ro\/wp-content\/uploads\/2020\/02\/DSC_3731-768x509.jpg 768w, https:\/\/giurgiu-net.ro\/wp-content\/uploads\/2020\/02\/DSC_3731-696x461.jpg 696w, https:\/\/giurgiu-net.ro\/wp-content\/uploads\/2020\/02\/DSC_3731.jpg 800w\" sizes=\"auto, (max-width: 300px) 100vw, 300px\" \/><\/a><\/figure><\/li><\/ul><\/figure>\n\n\n\n<p>Cu to\u0163ii au \u00eencercat s\u0103 le explice, \u00eenc\u0103 o dat\u0103, consilierilor de ce <strong>hot\u0103r\u00e2rea privind schimbarea viceprimarului ar putea s\u0103 nu fie legal\u0103<\/strong>, de ce trebuie s\u0103 ia act de decizia privind ocuparea postului de consilier \u015fi c\u0103, dac\u0103 n-ar fi decis s\u0103-l \u00eenl\u0103ture pe Ionel Rizea, atunci <strong>nici n-ar fi fost nevoie s\u0103 dea bani de la bugetul local pentru a pl\u0103ti un avocat<\/strong>. Abia au reu\u015fit cei trei s\u0103 \u00ee\u015fi expun\u0103 punctul de vedere, fiind \u00eentrerup\u0163i des, tare \u015fi r\u0103spicat, uneori aduc\u00e2ndu-li-se \u201cargumente\u201d ce nu aveau nicio leg\u0103tur\u0103 cu subiectul.<\/p>\n\n\n\n<p><strong>P\u0103sat \u00eei mai \u015foptea pre\u015fedintelui de \u015fedin\u0163\u0103 ce s\u0103 spun\u0103<\/strong><\/p>\n\n\n\n<p>E o tradi\u0163ie deja, se pare, ca \u015fi Dan P\u0103sat s\u0103 participe la \u015fedin\u0163ele CL Buc\u015fani. S-a a\u015fezat aproape de pre\u015fedintele de \u015fedin\u0163\u0103 \u015fi, din c\u00e2nd \u00een c\u00e2nd, \u00eei mai \u015foptea acestuia ce s\u0103 spun\u0103: <em>hai, acum, supune\u0163i la vot, ai, acum, trece\u0163i la diverse!<\/em> \u015ei, ce crede\u0163i, a\u015fa se \u015fi \u00eent\u00e2mpla. <\/p>\n\n\n\n<figure class=\"wp-block-image size-full\"><img decoding=\"async\" src=\"https:\/\/giurgiu-net.ro\/wp-content\/uploads\/2020\/02\/pasat-secretar-scaled.jpg\" alt=\"\" class=\"wp-image-71245\"\/><\/figure>\n\n\n\n<p>P\u0103i, ce facem, domnule P\u0103sat?\nParc\u0103 zicea\u0163i c\u0103 sunte\u0163i acolo \u00een calitate de simplu cet\u0103\u0163ean! De c\u00e2nd un\nsimplu cet\u0103\u0163ean face ordine \u00een \u015fedin\u0163ele unui consiliu local? <\/p>\n\n\n\n<p>\u00cen fine, domnul P\u0103sat, <strong>condamnat la 3 ani de \u00eenchisoare cu\nexecutare<\/strong>, a reamintit cu glas tare c\u0103 inten\u0163ioneaz\u0103 s\u0103 candideze la\nfunc\u0163ia de primar la Buc\u015fani. Iar acest lucru explic\u0103 multe!<\/p>\n\n\n\n<p>Revenind la subiectul principal al \u015fedin\u0163ei- angajarea avocatului, <strong>Marian Mina, Elena Dinu \u015fi Lucian Corozel<\/strong> le-au reamintit consilierilor c\u0103, dac\u0103 nu se gr\u0103beau s\u0103 dea hot\u0103r\u00e2rea privind schimbarea viceprimarului, nu ar mai fi fost nevoi\u0163i s\u0103 goleasc\u0103 bugetul local de bani pe care i-ar fi putut folosi \u00een multe investi\u0163ii. C\u0103 tot se pl\u00e2ngeau unii dintre ei c\u0103 nu le v\u0103d\u2026<\/p>\n\n\n\n<p>Dar, \u015fti\u0163i cum este, <strong>ambi\u0163iile politice cu cheltuial\u0103 se \u0163in!<\/strong>\n<\/p>\n\n\n\n<p>Numai c\u0103 aceast\u0103 cheltuial\u0103 este\npe spatele s\u0103tenilor pe care nu-i intereseaz\u0103 c\u0103 au vrut unii s\u0103 fie altcineva\nviceprimar. Ei vor drumuri bune, \u015fcoli curate, ar vrea ei \u015fi \u00eentelegere, c\u0103\ndoar a\u015fa merge treaba bine \u00eentr-un loc. Dar au, din p\u0103cate, ghinion! <\/p>\n\n\n\n<p>Vorba vicelui Corozel, care l-a\n\u00eentrebat pe P\u0103sat de c\u00e2nd a devenit locuitor al comunei Buc\u015fani. Dup\u0103 ce P\u0103sat\ni-a spus c\u0103 de vreun an jumate, Lucian Corozel a replicat: \u201cp\u0103i, chiar de\natunci au \u00eenceput problemele \u00een Consiliul Local Buc\u015fani\u201d\u2026 <\/p>\n\n\n\n<p>\u015ei dac\u0103 tot sunt luate decizii \u00een\nCL Buc\u015fani, se pare, dup\u0103 poftele lui Dan P\u0103sat sau, cel pu\u0163in, \u00een concordan\u0163\u0103\ncu evidentele sale interese, povestea sigur nu se va termina aici. A\u015fa c\u0103, vom\nreveni cu detalii despre cazul Buc\u015fani, despre hot\u0103r\u00e2rile luate acolo, \u00een\nperioada urm\u0103toare!<\/p>\n","protected":false},"excerpt":{"rendered":"<p>O nou\u0103 \u015fedin\u0163\u0103 cu sc\u00e2ntei, la Consiliul Local Buc\u015fani. Ast\u0103zi, 12 februarie, consilierii locali s-au \u00eentrunit \u00eentr-o \u015fedin\u0163\u0103 extraordinar\u0103 care nici n-a \u00eenceput bine, c\u0103 s-a \u015fi transformat \u00eentr-o ceart\u0103 \u00een toat\u0103 regula. Aceasta, deoarece unii dintre consilieri &#8211; cei care nu s-au al\u0103turat colegilor \u00een demersul de a-l schimba pe vicele Ionel Rizea- sus\u0163in [&hellip;]<\/p>\n","protected":false},"author":1,"featured_media":71245,"comment_status":"open","ping_status":"open","sticky":false,"template":"","format":"standard","meta":{"slim_seo":{"title":"BUC\u015eANI: Scandalul continu\u0103! \u00cen loc s\u0103 foloseasc\u0103 banii pentru INVESTI\u0162II, consilierii locali au decis s\u0103 pl\u0103teasc\u0103 un avocat care s\u0103-i APERE, dup\u0103 decizia de a schimba viceprimarul! - GIURGIU NET","description":"O nou\u0103 \u015fedin\u0163\u0103 cu sc\u00e2ntei, la Consiliul Local Buc\u015fani. Ast\u0103zi, 12 februarie, consilierii locali s-au \u00eentrunit \u00eentr-o \u015fedin\u0163\u0103 extraordinar\u0103 care nici n-a \u00eenceput"},"footnotes":""},"categories":[18,19,25,28],"tags":[392],"class_list":{"0":"post-71238","1":"post","2":"type-post","3":"status-publish","4":"format-standard","5":"has-post-thumbnail","7":"category-actual","8":"category-adm","9":"category-pol","10":"category-uo","11":"tag-bucsani"},"_links":{"self":[{"href":"https:\/\/giurgiu-net.ro\/index.php\/wp-json\/wp\/v2\/posts\/71238","targetHints":{"allow":["GET"]}}],"collection":[{"href":"https:\/\/giurgiu-net.ro\/index.php\/wp-json\/wp\/v2\/posts"}],"about":[{"href":"https:\/\/giurgiu-net.ro\/index.php\/wp-json\/wp\/v2\/types\/post"}],"author":[{"embeddable":true,"href":"https:\/\/giurgiu-net.ro\/index.php\/wp-json\/wp\/v2\/users\/1"}],"replies":[{"embeddable":true,"href":"https:\/\/giurgiu-net.ro\/index.php\/wp-json\/wp\/v2\/comments?post=71238"}],"version-history":[{"count":0,"href":"https:\/\/giurgiu-net.ro\/index.php\/wp-json\/wp\/v2\/posts\/71238\/revisions"}],"wp:featuredmedia":[{"embeddable":true,"href":"https:\/\/giurgiu-net.ro\/index.php\/wp-json\/wp\/v2\/media\/71245"}],"wp:attachment":[{"href":"https:\/\/giurgiu-net.ro\/index.php\/wp-json\/wp\/v2\/media?parent=71238"}],"wp:term":[{"taxonomy":"category","embeddable":true,"href":"https:\/\/giurgiu-net.ro\/index.php\/wp-json\/wp\/v2\/categories?post=71238"},{"taxonomy":"post_tag","embeddable":true,"href":"https:\/\/giurgiu-net.ro\/index.php\/wp-json\/wp\/v2\/tags?post=71238"}],"curies":[{"name":"wp","href":"https:\/\/api.w.org\/{rel}","templated":true}]}}