{"id":71230,"date":"2020-02-12T18:37:38","date_gmt":"2020-02-12T16:37:38","guid":{"rendered":"http:\/\/giurgiu-net.ro\/?p=71230"},"modified":"2020-02-12T18:37:38","modified_gmt":"2020-02-12T16:37:38","slug":"politia-giurgiu-cauta-o-fata-care-a-disparut-de-la-o-casa-de-tip-familial-din-municipiu-ati-vazut-o-sunati-la-112","status":"publish","type":"post","link":"https:\/\/giurgiu-net.ro\/index.php\/2020\/02\/12\/politia-giurgiu-cauta-o-fata-care-a-disparut-de-la-o-casa-de-tip-familial-din-municipiu-ati-vazut-o-sunati-la-112\/","title":{"rendered":"Poli\u0163ia Giurgiu caut\u0103 o fat\u0103 care a disp\u0103rut de la o cas\u0103 de tip familial din municipiu! A\u0163i v\u0103zut-o? Suna\u0163i la 112!"},"content":{"rendered":"\n<p>La data de 20 ianuarie a.c., Poli\u021bia Municipiului\nGiurgiu a fost sesizat\u0103 cu privire la faptul c\u0103 o t\u00e2n\u0103r\u0103, VIN\u0162EANU ADRIANA\nVICTORIA, \u00een v\u00e2rst\u0103 de 17 ani, institu\u021bionalizat\u0103 \u00eentr-o cas\u0103 de tip familial\ndin municipiul Giurgiu, a plecat \u00een mod voluntar \u0219i nu a mai revenit.<\/p>\n\n\n\n<p>SEMNALMENTE: \u00een\u0103l\u021bime 1,65 m, greutate \u00een jur de 65 kg, fa\u021b\u0103 oval\u0103, p\u0103r \u0219aten deschis, ochi alba\u0219tri, buze normale, prezint\u0103 o cicatrice \u0219i un tatuaj \u201cinfinit\u201d \u00een zona antebra\u021bului drept, deasupra \u00eencheieturii.<\/p>\n\n\n\n<figure class=\"wp-block-image size-full\"><img loading=\"lazy\" decoding=\"async\" width=\"650\" height=\"800\" src=\"https:\/\/giurgiu-net.ro\/wp-content\/uploads\/2020\/02\/fata-disparuta-1.jpg\" alt=\"\" class=\"wp-image-71235\" srcset=\"https:\/\/giurgiu-net.ro\/wp-content\/uploads\/2020\/02\/fata-disparuta-1.jpg 650w, https:\/\/giurgiu-net.ro\/wp-content\/uploads\/2020\/02\/fata-disparuta-1-244x300.jpg 244w, https:\/\/giurgiu-net.ro\/wp-content\/uploads\/2020\/02\/fata-disparuta-1-324x400.jpg 324w\" sizes=\"auto, (max-width: 650px) 100vw, 650px\" \/><\/figure>\n\n\n\n<p>La momentul plec\u0103rii era \u00eembr\u0103cat\u0103 cu o geac\u0103 neagr\u0103\nde f\u00e2\u0219, pantaloni lungi tip colant de culoare mov \u0219i adida\u0219i de culoare negru,\ntip gheat\u0103.<\/p>\n\n\n\n<p>Persoanele care pot oferi informa\u021bii care s\u0103 conduc\u0103 la depistarea tinerei sunt rugate s\u0103 contacteze cea mai apropiat\u0103 unitate de poli\u021bie sau s\u0103 apeleze gratuit num\u0103rul unic de urgen\u021b\u0103 112.<\/p>\n\n\n\n<p>Comunicat Poli\u0163ia Giurgiu<\/p>\n","protected":false},"excerpt":{"rendered":"<p>La data de 20 ianuarie a.c., Poli\u021bia Municipiului Giurgiu a fost sesizat\u0103 cu privire la faptul c\u0103 o t\u00e2n\u0103r\u0103, VIN\u0162EANU ADRIANA VICTORIA, \u00een v\u00e2rst\u0103 de 17 ani, institu\u021bionalizat\u0103 \u00eentr-o cas\u0103 de tip familial din municipiul Giurgiu, a plecat \u00een mod voluntar \u0219i nu a mai revenit. SEMNALMENTE: \u00een\u0103l\u021bime 1,65 m, greutate \u00een jur de 65 [&hellip;]<\/p>\n","protected":false},"author":1,"featured_media":71234,"comment_status":"open","ping_status":"open","sticky":false,"template":"","format":"standard","meta":{"slim_seo":{"title":"Poli\u0163ia Giurgiu caut\u0103 o fat\u0103 care a disp\u0103rut de la o cas\u0103 de tip familial din municipiu! A\u0163i v\u0103zut-o? Suna\u0163i la 112! - GIURGIU NET","description":"La data de 20 ianuarie a.c., Poli\u021bia Municipiului Giurgiu a fost sesizat\u0103 cu privire la faptul c\u0103 o t\u00e2n\u0103r\u0103, VIN\u0162EANU ADRIANA VICTORIA, \u00een v\u00e2rst\u0103 de 17 ani, inst"},"footnotes":""},"categories":[18,26,28],"tags":[],"class_list":{"0":"post-71230","1":"post","2":"type-post","3":"status-publish","4":"format-standard","5":"has-post-thumbnail","7":"category-actual","8":"category-soc","9":"category-uo"},"_links":{"self":[{"href":"https:\/\/giurgiu-net.ro\/index.php\/wp-json\/wp\/v2\/posts\/71230","targetHints":{"allow":["GET"]}}],"collection":[{"href":"https:\/\/giurgiu-net.ro\/index.php\/wp-json\/wp\/v2\/posts"}],"about":[{"href":"https:\/\/giurgiu-net.ro\/index.php\/wp-json\/wp\/v2\/types\/post"}],"author":[{"embeddable":true,"href":"https:\/\/giurgiu-net.ro\/index.php\/wp-json\/wp\/v2\/users\/1"}],"replies":[{"embeddable":true,"href":"https:\/\/giurgiu-net.ro\/index.php\/wp-json\/wp\/v2\/comments?post=71230"}],"version-history":[{"count":0,"href":"https:\/\/giurgiu-net.ro\/index.php\/wp-json\/wp\/v2\/posts\/71230\/revisions"}],"wp:featuredmedia":[{"embeddable":true,"href":"https:\/\/giurgiu-net.ro\/index.php\/wp-json\/wp\/v2\/media\/71234"}],"wp:attachment":[{"href":"https:\/\/giurgiu-net.ro\/index.php\/wp-json\/wp\/v2\/media?parent=71230"}],"wp:term":[{"taxonomy":"category","embeddable":true,"href":"https:\/\/giurgiu-net.ro\/index.php\/wp-json\/wp\/v2\/categories?post=71230"},{"taxonomy":"post_tag","embeddable":true,"href":"https:\/\/giurgiu-net.ro\/index.php\/wp-json\/wp\/v2\/tags?post=71230"}],"curies":[{"name":"wp","href":"https:\/\/api.w.org\/{rel}","templated":true}]}}