{"id":71211,"date":"2020-02-11T20:41:30","date_gmt":"2020-02-11T18:41:30","guid":{"rendered":"http:\/\/giurgiu-net.ro\/?p=71211"},"modified":"2020-02-11T20:41:30","modified_gmt":"2020-02-11T18:41:30","slug":"uluitor-programul-masa-calda-pentru-elevi-doar-in-scolile-din-comunele-giurgiuvene-unde-primarii-sunt-pnl","status":"publish","type":"post","link":"https:\/\/giurgiu-net.ro\/index.php\/2020\/02\/11\/uluitor-programul-masa-calda-pentru-elevi-doar-in-scolile-din-comunele-giurgiuvene-unde-primarii-sunt-pnl\/","title":{"rendered":"ULUITOR! Programul \u201cMas\u0103 cald\u0103\u201d pentru elevi, cu prec\u0103dere \u00een \u015fcolile din comunele unde primarii sunt PNL?"},"content":{"rendered":"\n<p class=\"has-text-align-center\"><em><strong>Istoria se repet\u0103&#8230; Partea rea a acesteia, din p\u0103cate. Partea \u00een care, se pare, primesc bani pentru investi\u0163ii sau pot intra \u00een anumite programe na\u0163ionale doar primarii care se pun \u00een genunchi \u00een fa\u0163a PNL-ului. Dac\u0103 v\u0103 aduce\u0163i aminte- \u015fi ar cam trebui!-, asta era practica PDL-ului: erai cu ei, \u00ee\u0163i d\u0103deau, nu erai, nu-\u0163i d\u0103deau. O constr\u00e2ngere m\u00e2r\u015fav\u0103, ba i-a\u015f zice chiar \u015fantaj \u015fi, evident, o pedeaps\u0103 pentru edilii care r\u0103m\u00e2neau pe pozi\u0163ie \u015fi nu se l\u0103sau nici p\u0103c\u0103li\u0163i \u015fi nici intimida\u0163i!<\/strong><\/em><\/p>\n\n\n\n<p>Fiind, dac\u0103 vre\u0163i, un fel de\n\u201cvirus\u201d de dreapta, practica asta se pare c\u0103 o caracterizeaz\u0103 de minune \u015fi pe\nactuala Guvernare PNL. M\u0103 rog, foarte semi-PNL, dac\u0103 lu\u0103m \u00een considerare c\u0103 tot\nPDL-ul s-a mutat \u00een sediul galben. Tot ei \u015fefi, tot ei la butoane, tot ei cu\nidei cretine de genul celei de mai jos\u2026<\/p>\n\n\n\n<p>A fost publicat\u0103 Ordonan\u0163a de Guvern privind programul \u201cMas\u0103 cald\u0103 \u00een \u015fcoli\u201d \u015fi, ce coinciden\u0163\u0103!, la Giurgiu sunt prinse, cu o singur\u0103 excep\u0163ie, unit\u0103\u0163i de \u00eenv\u0103\u0163\u0103m\u00e2nt din comune unde primarii sunt PNL! <\/p>\n\n\n\n<figure class=\"wp-block-image size-full\"><img loading=\"lazy\" decoding=\"async\" width=\"724\" height=\"1100\" src=\"https:\/\/giurgiu-net.ro\/wp-content\/uploads\/2020\/02\/WhatsApp-Image-2020-02-11-at-20.13.01.jpeg\" alt=\"\" class=\"wp-image-71212\" srcset=\"https:\/\/giurgiu-net.ro\/wp-content\/uploads\/2020\/02\/WhatsApp-Image-2020-02-11-at-20.13.01.jpeg 724w, https:\/\/giurgiu-net.ro\/wp-content\/uploads\/2020\/02\/WhatsApp-Image-2020-02-11-at-20.13.01-197x300.jpeg 197w, https:\/\/giurgiu-net.ro\/wp-content\/uploads\/2020\/02\/WhatsApp-Image-2020-02-11-at-20.13.01-674x1024.jpeg 674w, https:\/\/giurgiu-net.ro\/wp-content\/uploads\/2020\/02\/WhatsApp-Image-2020-02-11-at-20.13.01-696x1057.jpeg 696w\" sizes=\"auto, (max-width: 724px) 100vw, 724px\" \/><\/figure>\n\n\n\n<p>B\u0103i, PNL-i\u015ftilor, ce vin\u0103 au copiii \u00een toat\u0103 lupta asta a voastr\u0103? <\/p>\n\n\n\n<p>Bine, bine, politic\u0103, politic\u0103, dar cu micu\u0163ii ce ave\u0163i? Mai \u00eent\u00e2i, refuza\u0163i s\u0103 le cre\u015fte\u0163i aloca\u0163iile \u015fi acum asta? Sincer? Nu ne-ar mira s\u0103 face\u0163i vreo majorare \u201cpe comune\u201d, s\u0103 le dubla\u0163i doar acolo unde primarii sunt PNL! Ba chiar nu ne-ar mira, \u00een atare context, s\u0103 aib\u0103 gratuitate la servicii medicale doar copiii cu p\u0103rin\u0163i \u015fi primari care jur\u0103 sus\u0163in PNL-ul! Ceilal\u0163i? S\u0103 fie s\u0103n\u0103to\u015fi! Reduceri la bilete pe transport \u00een comun, doar copiii celor de \u201cdreapta\u201d? O s\u0103 acorda\u0163i \u015fi alte beneficii pe baza fotografiilor cu p\u0103rin\u0163ii \u015fi cu ei, de la protestele #rezist? <\/p>\n\n\n\n<p>Vi se pare c\u0103 exager\u0103m? Eu zic c\u0103\nvoi v-a\u0163i dus prea departe! Nu, c\u0103 tot zicea Iohannis c\u0103 vrea s\u0103 scape de PSD!\n\u00cencepe\u0163i de la baz\u0103, devreme, din timp\u2026 se pare!<\/p>\n\n\n\n<p>Deci, PNL-i\u015fti, de ce o mas\u0103 cald\u0103 doar acolo unde domni\u0163i voi? Ceilal\u0163i copii ce vin\u0103 au, cu ce v-au gre\u015fit, ei nu fac parte din Rom\u00e2nia? <\/p>\n\n\n\n<p>S\u0103 v\u0103 fie ru\u015fine!<\/p>\n\n\n\n<p>P.S.: O s\u0103 spune\u0163i c\u0103 la Flore\u015fti-Stoene\u015fti este primar PSD, dar \u015ftie toat\u0103 lumea c\u0103 PNL-istul penal Costel Dumitru \u015fi-a \u00eenceput deja campania pentru un nou mandat de primar, acolo&#8230; <\/p>\n","protected":false},"excerpt":{"rendered":"<p>Istoria se repet\u0103&#8230; Partea rea a acesteia, din p\u0103cate. Partea \u00een care, se pare, primesc bani pentru investi\u0163ii sau pot intra \u00een anumite programe na\u0163ionale doar primarii care se pun \u00een genunchi \u00een fa\u0163a PNL-ului. Dac\u0103 v\u0103 aduce\u0163i aminte- \u015fi ar cam trebui!-, asta era practica PDL-ului: erai cu ei, \u00ee\u0163i d\u0103deau, nu erai, nu-\u0163i [&hellip;]<\/p>\n","protected":false},"author":1,"featured_media":71213,"comment_status":"open","ping_status":"open","sticky":false,"template":"","format":"standard","meta":{"slim_seo":{"title":"ULUITOR! Programul \u201cMas\u0103 cald\u0103\u201d pentru elevi, cu prec\u0103dere \u00een \u015fcolile din comunele unde primarii sunt PNL? - GIURGIU NET","description":"Istoria se repet\u0103... Partea rea a acesteia, din p\u0103cate. Partea \u00een care, se pare, primesc bani pentru investi\u0163ii sau pot intra \u00een anumite programe na\u0163ionale doar"},"footnotes":""},"categories":[18,29,25,28],"tags":[2025],"class_list":{"0":"post-71211","1":"post","2":"type-post","3":"status-publish","4":"format-standard","5":"has-post-thumbnail","7":"category-actual","8":"category-educatie-si-cultura","9":"category-pol","10":"category-uo","11":"tag-pnl"},"_links":{"self":[{"href":"https:\/\/giurgiu-net.ro\/index.php\/wp-json\/wp\/v2\/posts\/71211","targetHints":{"allow":["GET"]}}],"collection":[{"href":"https:\/\/giurgiu-net.ro\/index.php\/wp-json\/wp\/v2\/posts"}],"about":[{"href":"https:\/\/giurgiu-net.ro\/index.php\/wp-json\/wp\/v2\/types\/post"}],"author":[{"embeddable":true,"href":"https:\/\/giurgiu-net.ro\/index.php\/wp-json\/wp\/v2\/users\/1"}],"replies":[{"embeddable":true,"href":"https:\/\/giurgiu-net.ro\/index.php\/wp-json\/wp\/v2\/comments?post=71211"}],"version-history":[{"count":0,"href":"https:\/\/giurgiu-net.ro\/index.php\/wp-json\/wp\/v2\/posts\/71211\/revisions"}],"wp:featuredmedia":[{"embeddable":true,"href":"https:\/\/giurgiu-net.ro\/index.php\/wp-json\/wp\/v2\/media\/71213"}],"wp:attachment":[{"href":"https:\/\/giurgiu-net.ro\/index.php\/wp-json\/wp\/v2\/media?parent=71211"}],"wp:term":[{"taxonomy":"category","embeddable":true,"href":"https:\/\/giurgiu-net.ro\/index.php\/wp-json\/wp\/v2\/categories?post=71211"},{"taxonomy":"post_tag","embeddable":true,"href":"https:\/\/giurgiu-net.ro\/index.php\/wp-json\/wp\/v2\/tags?post=71211"}],"curies":[{"name":"wp","href":"https:\/\/api.w.org\/{rel}","templated":true}]}}