{"id":71185,"date":"2020-02-11T11:09:55","date_gmt":"2020-02-11T09:09:55","guid":{"rendered":"http:\/\/giurgiu-net.ro\/?p=71185"},"modified":"2020-02-11T11:09:55","modified_gmt":"2020-02-11T09:09:55","slug":"pamflet-din-seria-stim-ce-ai-facut-la-prefectura","status":"publish","type":"post","link":"https:\/\/giurgiu-net.ro\/index.php\/2020\/02\/11\/pamflet-din-seria-stim-ce-ai-facut-la-prefectura\/","title":{"rendered":"PAMFLET. Din seria: \u015eTIM ce-ai f\u0103cut la Prefectur\u0103&#8230;"},"content":{"rendered":"\n<p>Lumea din Giurgiu se \u00eentreab\u0103, \u015fi pe bun\u0103 dreptate, ce mama dracului ar putea face \u015fefa femeilor din PNL Giurgiu, D\u0103nu\u0163a Danciu, angajat\u0103- cu 4 ore- la Prefectura Giurgiu, \u00een func\u0163ia ce i s-a oferit cu maxim\u0103 generozitate liberal\u0103?!<\/p>\n\n\n\n<p>Ce?<\/p>\n\n\n\n<p>Se \u00eentreab\u0103 lumea, normal, c\u0103, de exemplu, la partid, \u00een afar\u0103 de poze cu cine prinde, nu s-a remarcat \u00een mod special! Nu se \u015ftie exact nici din ce-a tr\u0103it, p\u00e2n\u0103 la v\u00e2rsta asta, dar, nah, cum e premierul Orban, la fel \u015fi&#8230; pu\u015fculi\u0163a, pardon, pistolul (cu ap\u0103 rece) de la Giurgiu.<\/p>\n\n\n\n<p>Apropia\u0163ii au l\u0103udat-o pe Facebook \u015fi s-au gr\u0103bit s-o anun\u0163e drept \u201econsiliera prefectei\u201d Aneta Matei. V\u0103 da\u0163i seama? Care dintre voi mai e ca ea, e? E, surse demne de \u00eencredere au f\u0103cut o micu\u0163\u0103, micu\u0163\u0103 precizare: deoarece nu are studiile necesare unui asemenea post, Dana Danciu ar fi fost angajat\u0103 de fapt <strong>secretar\u0103<\/strong>, la program scurt, precum gravidele.<\/p>\n\n\n\n<p>O cafelu\u0163\u0103, o biscuite&#8230;<\/p>\n\n\n\n<p>Acum, apele sunt tulburi cu guvernul PNL, a\u015fa c\u0103 se aude c\u0103\nmulte cafele sunt f\u0103cute p-acolo \u015fi se fumeaz\u0103 intens, de plictiseal\u0103, prin\nPrefectura Giurgiu, p\u00e2n\u0103 nu afl\u0103 cum sau c\u00e2t mai stau&#8230;<\/p>\n\n\n\n<p>Deci, pentru c\u0103 Dana s-a remarcat, totu\u015fi, cu ceva de-a lungul scurtei sale cariere politice, respectiv unghiile vopsite \u00een culorile \u015fi cu sigla PNL, ne-am g\u00e2ndit c\u0103 \u015fi-ar putea g\u0103si menirea! Niciodat\u0103 nu e prea t\u00e2rziu, serios!<\/p>\n\n\n\n<figure class=\"wp-block-image size-full\"><img loading=\"lazy\" decoding=\"async\" width=\"1300\" height=\"747\" src=\"https:\/\/giurgiu-net.ro\/wp-content\/uploads\/2020\/02\/pedi-bun.jpg\" alt=\"\" class=\"wp-image-71188\" srcset=\"https:\/\/giurgiu-net.ro\/wp-content\/uploads\/2020\/02\/pedi-bun.jpg 1300w, https:\/\/giurgiu-net.ro\/wp-content\/uploads\/2020\/02\/pedi-bun-300x172.jpg 300w, https:\/\/giurgiu-net.ro\/wp-content\/uploads\/2020\/02\/pedi-bun-1024x588.jpg 1024w, https:\/\/giurgiu-net.ro\/wp-content\/uploads\/2020\/02\/pedi-bun-768x441.jpg 768w, https:\/\/giurgiu-net.ro\/wp-content\/uploads\/2020\/02\/pedi-bun-696x400.jpg 696w, https:\/\/giurgiu-net.ro\/wp-content\/uploads\/2020\/02\/pedi-bun-1068x614.jpg 1068w\" sizes=\"auto, (max-width: 1300px) 100vw, 1300px\" \/><\/figure>\n\n\n\n<p>Nu mai r\u00e2de\u0163i, ar putea face \u015fi femeia un ban cinstit! <\/p>\n\n\n\n<p>Grij\u0103 mare la unghiile domnului subprefect Mirel Br\u0103garu, cic\u0103 e foarte, foarte preten\u0163ios \u015fi atent la toate detaliile! \ud83d\ude00<\/p>\n\n\n\n<p>*Acesta este un pamflet ce trebuie tratat ca atare! La fel \u015fi fotografia- trucaj \ud83d\ude00<\/p>\n","protected":false},"excerpt":{"rendered":"<p>Lumea din Giurgiu se \u00eentreab\u0103, \u015fi pe bun\u0103 dreptate, ce mama dracului ar putea face \u015fefa femeilor din PNL Giurgiu, D\u0103nu\u0163a Danciu, angajat\u0103- cu 4 ore- la Prefectura Giurgiu, \u00een func\u0163ia ce i s-a oferit cu maxim\u0103 generozitate liberal\u0103?! Ce? Se \u00eentreab\u0103 lumea, normal, c\u0103, de exemplu, la partid, \u00een afar\u0103 de poze cu cine [&hellip;]<\/p>\n","protected":false},"author":1,"featured_media":71188,"comment_status":"open","ping_status":"open","sticky":false,"template":"","format":"standard","meta":{"slim_seo":{"title":"PAMFLET. Din seria: \u015eTIM ce-ai f\u0103cut la Prefectur\u0103... - GIURGIU NET","description":"Lumea din Giurgiu se \u00eentreab\u0103, \u015fi pe bun\u0103 dreptate, ce mama dracului ar putea face \u015fefa femeilor din PNL Giurgiu, D\u0103nu\u0163a Danciu, angajat\u0103- cu 4 ore- la Prefectu"},"footnotes":""},"categories":[18,23,25,28],"tags":[823],"class_list":{"0":"post-71185","1":"post","2":"type-post","3":"status-publish","4":"format-standard","5":"has-post-thumbnail","7":"category-actual","8":"category-pam","9":"category-pol","10":"category-uo","11":"tag-dana-danciu"},"_links":{"self":[{"href":"https:\/\/giurgiu-net.ro\/index.php\/wp-json\/wp\/v2\/posts\/71185","targetHints":{"allow":["GET"]}}],"collection":[{"href":"https:\/\/giurgiu-net.ro\/index.php\/wp-json\/wp\/v2\/posts"}],"about":[{"href":"https:\/\/giurgiu-net.ro\/index.php\/wp-json\/wp\/v2\/types\/post"}],"author":[{"embeddable":true,"href":"https:\/\/giurgiu-net.ro\/index.php\/wp-json\/wp\/v2\/users\/1"}],"replies":[{"embeddable":true,"href":"https:\/\/giurgiu-net.ro\/index.php\/wp-json\/wp\/v2\/comments?post=71185"}],"version-history":[{"count":0,"href":"https:\/\/giurgiu-net.ro\/index.php\/wp-json\/wp\/v2\/posts\/71185\/revisions"}],"wp:featuredmedia":[{"embeddable":true,"href":"https:\/\/giurgiu-net.ro\/index.php\/wp-json\/wp\/v2\/media\/71188"}],"wp:attachment":[{"href":"https:\/\/giurgiu-net.ro\/index.php\/wp-json\/wp\/v2\/media?parent=71185"}],"wp:term":[{"taxonomy":"category","embeddable":true,"href":"https:\/\/giurgiu-net.ro\/index.php\/wp-json\/wp\/v2\/categories?post=71185"},{"taxonomy":"post_tag","embeddable":true,"href":"https:\/\/giurgiu-net.ro\/index.php\/wp-json\/wp\/v2\/tags?post=71185"}],"curies":[{"name":"wp","href":"https:\/\/api.w.org\/{rel}","templated":true}]}}